{"id":12657,"date":"2020-11-25T20:17:37","date_gmt":"2020-11-25T19:17:37","guid":{"rendered":"http:\/\/www.tvk-gaj.pl\/~gajonline\/?p=12657"},"modified":"2020-11-25T20:19:01","modified_gmt":"2020-11-25T19:19:01","slug":"dyzur-strazy-miejskiej-w-radzie-osiedla-gaj","status":"publish","type":"post","link":"https:\/\/online.tvk-gaj.pl\/?p=12657","title":{"rendered":"Dy\u017cur Stra\u017cy Miejskiej w Radzie Osiedla Gaj"},"content":{"rendered":"\n<p>Zapraszamy do siedziby Rady Osiedla Gaj na specjalne spotkanie ze Stra\u017c\u0105\u00a0Miejsk\u0105 po\u015bwi\u0119cone problemom mieszka\u0144c\u00f3w\u00a0Gaju.<\/p>\n\n\n\n<!--more-->\n\n\n\n<p><\/p>\n\n\n\n<p><\/p>\n\n\n\n<figure class=\"wp-block-image size-large\"><img loading=\"lazy\" decoding=\"async\" width=\"630\" height=\"350\" src=\"http:\/\/www.tvk-gaj.pl\/~gajonline\/wp-content\/uploads\/2020\/11\/straz-miejska.jpg\" alt=\"\" class=\"wp-image-12658\" srcset=\"https:\/\/online.tvk-gaj.pl\/wp-content\/uploads\/2020\/11\/straz-miejska.jpg 630w, https:\/\/online.tvk-gaj.pl\/wp-content\/uploads\/2020\/11\/straz-miejska-300x167.jpg 300w\" sizes=\"auto, (max-width: 630px) 100vw, 630px\" \/><\/figure>\n\n\n\n<p><\/p>\n\n\n\n<p><\/p>\n\n\n\n<p><\/p>\n\n\n\n<p><\/p>\n\n\n\n<p>W dniu 2 grudnia 2020 roku w godzinach 11.00-12.00 oraz 15.00 -16.00 w siedzibie Rady Osiedla Gaj przy ul. Krynickiej 80 odb\u0119dzie si\u0119 dy\u017cur Stra\u017cnika Stra\u017cy Miejskiej Wroc\u0142awia. <\/p>\n\n\n\n<p><\/p>\n\n\n\n<p><\/p>\n\n\n\n<p>Spotkanie ma na celu zapoznanie si\u0119 z problemami mieszka\u0144c\u00f3w Osiedla.<\/p>\n\n\n\n<p><\/p>\n\n\n\n<p><\/p>\n\n\n\n<p><\/p>\n\n\n\n<p><\/p>\n\n\n\n<p><em>Przypominamy o konieczno\u015bci stosowania maseczek, dystansu spo\u0142ecznego oraz dezynfekcji r\u0105k. <\/em><\/p>\n\n\n\n<p><\/p>\n\n\n\n<p><\/p>\n","protected":false},"excerpt":{"rendered":"<p>Zapraszamy do siedziby Rady Osiedla Gaj na specjalne spotkanie ze Stra\u017c\u0105\u00a0Miejsk\u0105 po\u015bwi\u0119cone problemom mieszka\u0144c\u00f3w\u00a0Gaju.<\/p>\n","protected":false},"author":1,"featured_media":12658,"comment_status":"open","ping_status":"open","sticky":false,"template":"","format":"standard","meta":{"footnotes":""},"categories":[14],"tags":[1396,163,1394],"class_list":["post-12657","post","type-post","status-publish","format-standard","has-post-thumbnail","hentry","category-aktualnosci","tag-spotkanie-ze-straza-miejska","tag-straz-miejska","tag-straznik-osiedla-gaj"],"_links":{"self":[{"href":"https:\/\/online.tvk-gaj.pl\/index.php?rest_route=\/wp\/v2\/posts\/12657","targetHints":{"allow":["GET"]}}],"collection":[{"href":"https:\/\/online.tvk-gaj.pl\/index.php?rest_route=\/wp\/v2\/posts"}],"about":[{"href":"https:\/\/online.tvk-gaj.pl\/index.php?rest_route=\/wp\/v2\/types\/post"}],"author":[{"embeddable":true,"href":"https:\/\/online.tvk-gaj.pl\/index.php?rest_route=\/wp\/v2\/users\/1"}],"replies":[{"embeddable":true,"href":"https:\/\/online.tvk-gaj.pl\/index.php?rest_route=%2Fwp%2Fv2%2Fcomments&post=12657"}],"version-history":[{"count":4,"href":"https:\/\/online.tvk-gaj.pl\/index.php?rest_route=\/wp\/v2\/posts\/12657\/revisions"}],"predecessor-version":[{"id":12662,"href":"https:\/\/online.tvk-gaj.pl\/index.php?rest_route=\/wp\/v2\/posts\/12657\/revisions\/12662"}],"wp:featuredmedia":[{"embeddable":true,"href":"https:\/\/online.tvk-gaj.pl\/index.php?rest_route=\/wp\/v2\/media\/12658"}],"wp:attachment":[{"href":"https:\/\/online.tvk-gaj.pl\/index.php?rest_route=%2Fwp%2Fv2%2Fmedia&parent=12657"}],"wp:term":[{"taxonomy":"category","embeddable":true,"href":"https:\/\/online.tvk-gaj.pl\/index.php?rest_route=%2Fwp%2Fv2%2Fcategories&post=12657"},{"taxonomy":"post_tag","embeddable":true,"href":"https:\/\/online.tvk-gaj.pl\/index.php?rest_route=%2Fwp%2Fv2%2Ftags&post=12657"}],"curies":[{"name":"wp","href":"https:\/\/api.w.org\/{rel}","templated":true}]}}