{"id":12682,"date":"2020-12-16T08:21:00","date_gmt":"2020-12-16T07:21:00","guid":{"rendered":"http:\/\/www.tvk-gaj.pl\/~gajonline\/?p=12682"},"modified":"2021-02-04T20:15:13","modified_gmt":"2021-02-04T19:15:13","slug":"nowosci-w-bibliotece-osiedlowej","status":"publish","type":"post","link":"https:\/\/online.tvk-gaj.pl\/?p=12682","title":{"rendered":"Nowo\u015bci w Bibliotece Osiedlowej"},"content":{"rendered":"\n<p>Do oferty Biblioteki Osiedlowej na Gaju wchodzi prasa, w tym g\u0142\u00f3wnie miesi\u0119czniki. Zmianie w okresie \u015bwi\u0105tecznym ulegn\u0105 r\u00f3wnie\u017c terminy otwarcia. <\/p>\n\n\n\n<!--more-->\n\n\n\n<p><\/p>\n\n\n\n<p><\/p>\n\n\n\n<figure class=\"wp-block-image size-large\"><img loading=\"lazy\" decoding=\"async\" width=\"1024\" height=\"768\" src=\"http:\/\/www.tvk-gaj.pl\/~gajonline\/wp-content\/uploads\/2020\/12\/IMG_20201215_163640-1024x768.jpg\" alt=\"\" class=\"wp-image-12683\" srcset=\"https:\/\/online.tvk-gaj.pl\/wp-content\/uploads\/2020\/12\/IMG_20201215_163640-1024x768.jpg 1024w, https:\/\/online.tvk-gaj.pl\/wp-content\/uploads\/2020\/12\/IMG_20201215_163640-300x225.jpg 300w, https:\/\/online.tvk-gaj.pl\/wp-content\/uploads\/2020\/12\/IMG_20201215_163640-768x576.jpg 768w, https:\/\/online.tvk-gaj.pl\/wp-content\/uploads\/2020\/12\/IMG_20201215_163640-1536x1152.jpg 1536w, https:\/\/online.tvk-gaj.pl\/wp-content\/uploads\/2020\/12\/IMG_20201215_163640-2048x1536.jpg 2048w\" sizes=\"auto, (max-width: 1024px) 100vw, 1024px\" \/><\/figure>\n\n\n\n<p><\/p>\n\n\n\n<p><\/p>\n\n\n\n<p><\/p>\n\n\n\n<p><\/p>\n\n\n\n<p><strong>Informacja od Bibliotekarza: \ud83d\ude42 <\/strong><\/p>\n\n\n\n<p><\/p>\n\n\n\n<p><\/p>\n\n\n\n<blockquote class=\"wp-block-quote is-layout-flow wp-block-quote-is-layout-flow\"><p>Drodzy Czytelnicy, na koniec tego niedobrego roku Biblioteka(rz) ma dwie dobre wiadomo\u015bci:<\/p><cite><br>Po pierwsze, rozszerzamy ofert\u0119 o czasopisma, g\u0142\u00f3wnie miesi\u0119czniki. Pierwsze tytu\u0142y ju\u017c przysz\u0142y, kolejne&nbsp; powinny pojawi\u0107 si\u0119 wkr\u00f3tce. Docelowo b\u0119d\u0105 do dyspozycji na miejscu, ale na \u015awi\u0119ta robimy &#8222;promocj\u0119&#8221; &#8211; b\u0119dzie mo\u017cna je wypo\u017cyczy\u0107 do domu (tak jak ksi\u0105\u017ck\u0119). <br><br>Po drugie, Biblioteka b\u0119dzie czynna dodatkowo 17. i 18. grudnia (cz i pt), tak\u017ce w godzinach 18-20. Ksi\u0105\u017cka przy choince? Najlepszy pomys\u0142 na \u015awi\u0119ta! Zapraszamy na przed\u015bwi\u0105teczne wybieranie z bibliotecznych p\u00f3\u0142ek!<br><br>PS Od przysz\u0142ego tygodnia Biblioteka(rz) te\u017c \u015bwi\u0119tuje &#8211; zapraszamy ponowniew 2021 roku. Biblioteka b\u0119dzie otwarta od 13. stycznia, w&nbsp;<a href=\"http:\/\/airmail.calendar\/2020-12-16%2012:00:00%20CET\">\u015brody<\/a>w godz. 18-20.<\/cite><\/blockquote>\n\n\n\n<p><\/p>\n\n\n\n<p><\/p>\n\n\n\n<p><\/p>\n\n\n\n<figure class=\"wp-block-image size-large\"><img loading=\"lazy\" decoding=\"async\" width=\"1024\" height=\"715\" src=\"http:\/\/www.tvk-gaj.pl\/~gajonline\/wp-content\/uploads\/2020\/12\/Zrzut-ekranu-2020-12-15-o-18.28.25-1024x715.png\" alt=\"\" class=\"wp-image-12686\" srcset=\"https:\/\/online.tvk-gaj.pl\/wp-content\/uploads\/2020\/12\/Zrzut-ekranu-2020-12-15-o-18.28.25-1024x715.png 1024w, https:\/\/online.tvk-gaj.pl\/wp-content\/uploads\/2020\/12\/Zrzut-ekranu-2020-12-15-o-18.28.25-300x210.png 300w, https:\/\/online.tvk-gaj.pl\/wp-content\/uploads\/2020\/12\/Zrzut-ekranu-2020-12-15-o-18.28.25-768x536.png 768w, https:\/\/online.tvk-gaj.pl\/wp-content\/uploads\/2020\/12\/Zrzut-ekranu-2020-12-15-o-18.28.25-1536x1073.png 1536w, https:\/\/online.tvk-gaj.pl\/wp-content\/uploads\/2020\/12\/Zrzut-ekranu-2020-12-15-o-18.28.25.png 1665w\" sizes=\"auto, (max-width: 1024px) 100vw, 1024px\" \/><\/figure>\n\n\n\n<p><\/p>\n\n\n\n<p><\/p>\n\n\n\n<p><\/p>\n\n\n\n<p><\/p>\n\n\n\n<p><strong>Wszystkim Mieszka\u0144com i Czytelnikom Biblioteka(rz) \u017cyczy zdrowych, spokojnych \u015awi\u0105t i Ksi\u0105\u017ckowego Nowego Roku!<\/strong><\/p>\n\n\n\n<p><\/p>\n\n\n\n<p><\/p>\n\n\n\n<p><\/p>\n\n\n\n<p>#czytambolubie #czytaniejestsexy<\/p>\n\n\n\n<p><\/p>\n\n\n\n<p><\/p>\n","protected":false},"excerpt":{"rendered":"<p>Do oferty Biblioteki Osiedlowej na Gaju wchodzi prasa, w tym g\u0142\u00f3wnie miesi\u0119czniki. Zmianie w okresie \u015bwi\u0105tecznym ulegn\u0105 r\u00f3wnie\u017c terminy otwarcia.<\/p>\n","protected":false},"author":1,"featured_media":11918,"comment_status":"open","ping_status":"open","sticky":false,"template":"","format":"standard","meta":{"footnotes":""},"categories":[14,1420],"tags":[684,1262,1317,112,135],"class_list":["post-12682","post","type-post","status-publish","format-standard","has-post-thumbnail","hentry","category-aktualnosci","category-biblioteka","tag-biblioteka","tag-biblioteka-osiedlowa","tag-biblioteka-osiedlowa-na-gaju","tag-gaj","tag-rada-osiedla-gaj"],"_links":{"self":[{"href":"https:\/\/online.tvk-gaj.pl\/index.php?rest_route=\/wp\/v2\/posts\/12682","targetHints":{"allow":["GET"]}}],"collection":[{"href":"https:\/\/online.tvk-gaj.pl\/index.php?rest_route=\/wp\/v2\/posts"}],"about":[{"href":"https:\/\/online.tvk-gaj.pl\/index.php?rest_route=\/wp\/v2\/types\/post"}],"author":[{"embeddable":true,"href":"https:\/\/online.tvk-gaj.pl\/index.php?rest_route=\/wp\/v2\/users\/1"}],"replies":[{"embeddable":true,"href":"https:\/\/online.tvk-gaj.pl\/index.php?rest_route=%2Fwp%2Fv2%2Fcomments&post=12682"}],"version-history":[{"count":3,"href":"https:\/\/online.tvk-gaj.pl\/index.php?rest_route=\/wp\/v2\/posts\/12682\/revisions"}],"predecessor-version":[{"id":12688,"href":"https:\/\/online.tvk-gaj.pl\/index.php?rest_route=\/wp\/v2\/posts\/12682\/revisions\/12688"}],"wp:featuredmedia":[{"embeddable":true,"href":"https:\/\/online.tvk-gaj.pl\/index.php?rest_route=\/wp\/v2\/media\/11918"}],"wp:attachment":[{"href":"https:\/\/online.tvk-gaj.pl\/index.php?rest_route=%2Fwp%2Fv2%2Fmedia&parent=12682"}],"wp:term":[{"taxonomy":"category","embeddable":true,"href":"https:\/\/online.tvk-gaj.pl\/index.php?rest_route=%2Fwp%2Fv2%2Fcategories&post=12682"},{"taxonomy":"post_tag","embeddable":true,"href":"https:\/\/online.tvk-gaj.pl\/index.php?rest_route=%2Fwp%2Fv2%2Ftags&post=12682"}],"curies":[{"name":"wp","href":"https:\/\/api.w.org\/{rel}","templated":true}]}}