{"id":12698,"date":"2021-01-03T12:59:00","date_gmt":"2021-01-03T11:59:00","guid":{"rendered":"http:\/\/www.tvk-gaj.pl\/~gajonline\/?p=12698"},"modified":"2021-03-01T22:04:00","modified_gmt":"2021-03-01T21:04:00","slug":"koleda-2021-na-gaju-wyjatkowo-z-nowej-formule","status":"publish","type":"post","link":"https:\/\/online.tvk-gaj.pl\/?p=12698","title":{"rendered":"Kol\u0119da 2021 na Gaju: wyj\u0105tkowo w nowej formule"},"content":{"rendered":"\n<p>Ze wzgl\u0119du na pandemi\u0119 koronawirusa i zwi\u0105zanymi z ni\u0105 ograniczeniami w tym roku wizyty duszpasterskie odbywaj\u0105&nbsp;si\u0119&nbsp;w nowej, zmienionej formule. Przedstawiamy plan kol\u0119dy 2021 na Gaju!<\/p>\n\n\n\n<!--more-->\n\n\n\n<p><\/p>\n\n\n\n<figure class=\"wp-block-image size-large\"><img loading=\"lazy\" decoding=\"async\" width=\"800\" height=\"545\" src=\"http:\/\/www.tvk-gaj.pl\/~gajonline\/wp-content\/uploads\/2018\/12\/NJEZNRzfd1.jpg\" alt=\"\" class=\"wp-image-10804\" srcset=\"https:\/\/online.tvk-gaj.pl\/wp-content\/uploads\/2018\/12\/NJEZNRzfd1.jpg 800w, https:\/\/online.tvk-gaj.pl\/wp-content\/uploads\/2018\/12\/NJEZNRzfd1-300x204.jpg 300w, https:\/\/online.tvk-gaj.pl\/wp-content\/uploads\/2018\/12\/NJEZNRzfd1-768x523.jpg 768w, https:\/\/online.tvk-gaj.pl\/wp-content\/uploads\/2018\/12\/NJEZNRzfd1-140x94.jpg 140w\" sizes=\"auto, (max-width: 800px) 100vw, 800px\" \/><\/figure>\n\n\n\n<p><\/p>\n\n\n\n<p><\/p>\n\n\n\n<p><\/p>\n\n\n\n<p>Przypomnijmy, \u017ce na terenie Gaju dzia\u0142aj\u0105 dwie, rzymskokatolickie parafie \u2013 \u015aw. Franciszka z Asy\u017cu znajduj\u0105ca si\u0119 przy ulicy Borowskiej oraz&nbsp;\u015aw. Ducha z ulicy Bardzkiej.<\/p>\n\n\n\n<p>W zwi\u0105zku z zaleceniami sanitarno-epidemiologicznymi w tym roku kol\u0119da nie b\u0119dzie mia\u0142a tradycyjnego charakteru wizyty ksi\u0119dza w domach parafian. <\/p>\n\n\n\n<p>Zamiast tego ksi\u0119\u017ca zaprosz\u0105 mieszka\u0144c\u00f3w konkretnych ulic na specjalne Msze Kol\u0119dowe. Ka\u017cda ulica b\u0119dzie mia\u0142a w\u0142asn\u0105 Msz\u0119 \u015awi\u0119t\u0105. <\/p>\n\n\n\n<p>Publikujemy harmonogram Mszy \u015aw. dla poszczeg\u00f3lnych ulic i parafii.<\/p>\n\n\n\n<p><\/p>\n\n\n\n<p><\/p>\n\n\n\n<p><\/p>\n\n\n\n<p><strong>Parafia \u015awi\u0119tego Ducha z ulicy Bardzkiej&nbsp;<\/strong><\/p>\n\n\n\n<p><\/p>\n\n\n\n<div class=\"wp-block-image\"><figure class=\"aligncenter\"><a href=\"http:\/\/www.tvk-gaj.pl\/~gajonline\/wp-content\/uploads\/2017\/12\/swduchpanorama.png\"><img loading=\"lazy\" decoding=\"async\" width=\"660\" height=\"265\" src=\"http:\/\/www.tvk-gaj.pl\/~gajonline\/wp-content\/uploads\/2017\/12\/swduchpanorama.png\" alt=\"\" class=\"wp-image-9840\" srcset=\"https:\/\/online.tvk-gaj.pl\/wp-content\/uploads\/2017\/12\/swduchpanorama.png 660w, https:\/\/online.tvk-gaj.pl\/wp-content\/uploads\/2017\/12\/swduchpanorama-300x120.png 300w\" sizes=\"auto, (max-width: 660px) 100vw, 660px\" \/><\/a><\/figure><\/div>\n\n\n\n<p><\/p>\n\n\n\n<p><\/p>\n\n\n\n<blockquote class=\"wp-block-quote is-layout-flow wp-block-quote-is-layout-flow\"><p><strong>Parafia \u015aw. Ducha z ul. Bardzkiej<\/strong><\/p><cite>Msze \u015bwi\u0119te b\u0119d\u0105 sprawowane w wyznaczonym dniu o godz. 17.00. Na Msze&nbsp;prosimy zabra\u0107 ze sob\u0105 wody do poswi\u0119cenia lub naczynie na wod\u0119 \u015bwi\u0119con\u0105, kt\u00f3r\u0105 zabierzemy do pokropienia swoich dom\u00f3w. Nowych mieszka\u0144c\u00f3w prosimy o zg\u0142oszenie si\u0119 do zakrystii po pobranie formularza zapisu nowych parafian.<\/cite><\/blockquote>\n\n\n\n<p><\/p>\n\n\n\n<p><\/p>\n\n\n\n<figure class=\"wp-block-image size-large\"><img loading=\"lazy\" decoding=\"async\" width=\"842\" height=\"854\" src=\"http:\/\/www.tvk-gaj.pl\/~gajonline\/wp-content\/uploads\/2021\/01\/Zrzut-ekranu-2021-01-9-o-12.49.32.png\" alt=\"\" class=\"wp-image-12700\" srcset=\"https:\/\/online.tvk-gaj.pl\/wp-content\/uploads\/2021\/01\/Zrzut-ekranu-2021-01-9-o-12.49.32.png 842w, https:\/\/online.tvk-gaj.pl\/wp-content\/uploads\/2021\/01\/Zrzut-ekranu-2021-01-9-o-12.49.32-296x300.png 296w, https:\/\/online.tvk-gaj.pl\/wp-content\/uploads\/2021\/01\/Zrzut-ekranu-2021-01-9-o-12.49.32-768x779.png 768w, https:\/\/online.tvk-gaj.pl\/wp-content\/uploads\/2021\/01\/Zrzut-ekranu-2021-01-9-o-12.49.32-60x60.png 60w\" sizes=\"auto, (max-width: 842px) 100vw, 842px\" \/><\/figure>\n\n\n\n<p><\/p>\n\n\n\n<p><\/p>\n\n\n\n<p><\/p>\n\n\n\n<p><\/p>\n\n\n\n<p><strong>Parafia \u015awi\u0119tego Franciszka z Asy\u017cu z ulicy Borowskiej<\/strong><\/p>\n\n\n\n<p><\/p>\n\n\n\n<div class=\"wp-block-image\"><figure class=\"aligncenter\"><a href=\"http:\/\/www.tvk-gaj.pl\/~gajonline\/wp-content\/uploads\/2017\/12\/swfranciszek.png\"><img loading=\"lazy\" decoding=\"async\" width=\"819\" height=\"280\" src=\"http:\/\/www.tvk-gaj.pl\/~gajonline\/wp-content\/uploads\/2017\/12\/swfranciszek.png\" alt=\"\" class=\"wp-image-9836\" srcset=\"https:\/\/online.tvk-gaj.pl\/wp-content\/uploads\/2017\/12\/swfranciszek.png 819w, https:\/\/online.tvk-gaj.pl\/wp-content\/uploads\/2017\/12\/swfranciszek-300x103.png 300w, https:\/\/online.tvk-gaj.pl\/wp-content\/uploads\/2017\/12\/swfranciszek-768x263.png 768w\" sizes=\"auto, (max-width: 819px) 100vw, 819px\" \/><\/a><\/figure><\/div>\n\n\n\n<p><\/p>\n\n\n\n<p><\/p>\n\n\n\n<p><\/p>\n\n\n\n<blockquote class=\"wp-block-quote is-layout-flow wp-block-quote-is-layout-flow\"><p><strong>Parafia \u015aw. Franciszka z Asy\u017cu z ulicy Borowskiej<\/strong><\/p><cite>W tym roku wizyta duszpasterska ,,kol\u0119da\u201d odbywa si\u0119 w formie uczestnictwa we Mszy \u015bw. wieczornej od poniedzia\u0142ku do pi\u0105tku o godz. 18.30 a w sobot\u0119 o godz. 16.30&nbsp;poszczeg\u00f3lnych rodzin, parafian w naszym ko\u015bciele. Na ka\u017cdy tydzie\u0144 zapraszamy mieszka\u0144c\u00f3w wyznaczonych ulic i bram wed\u0142ug ustalonego porz\u0105dku.Rodziny czy osoby nowoprzyby\u0142e do naszej parafii oraz te, kt\u00f3re od d\u0142u\u017cszego czasu nie przyjmowa\u0142y wizyty duszpasterskiej a pragn\u0105 to uczyni\u0107, mog\u0105 zaprosi\u0107 kap\u0142ana przez formularz, kt\u00f3ry znajduje si\u0119 przy wyj\u015bciu z ko\u015bcio\u0142a. Wype\u0142niony formularz nale\u017cy z\u0142o\u017cy\u0107 do zakrystii lub do kancelarii w godzinach urz\u0119dowania.&nbsp;<\/cite><\/blockquote>\n\n\n\n<p><\/p>\n\n\n\n<p><\/p>\n\n\n\n<figure class=\"wp-block-image size-large\"><img loading=\"lazy\" decoding=\"async\" width=\"1024\" height=\"503\" src=\"http:\/\/www.tvk-gaj.pl\/~gajonline\/wp-content\/uploads\/2021\/01\/Zrzut-ekranu-2021-01-9-o-12.52.31-1024x503.png\" alt=\"\" class=\"wp-image-12701\" srcset=\"https:\/\/online.tvk-gaj.pl\/wp-content\/uploads\/2021\/01\/Zrzut-ekranu-2021-01-9-o-12.52.31-1024x503.png 1024w, https:\/\/online.tvk-gaj.pl\/wp-content\/uploads\/2021\/01\/Zrzut-ekranu-2021-01-9-o-12.52.31-300x147.png 300w, https:\/\/online.tvk-gaj.pl\/wp-content\/uploads\/2021\/01\/Zrzut-ekranu-2021-01-9-o-12.52.31-768x377.png 768w, https:\/\/online.tvk-gaj.pl\/wp-content\/uploads\/2021\/01\/Zrzut-ekranu-2021-01-9-o-12.52.31.png 1147w\" sizes=\"auto, (max-width: 1024px) 100vw, 1024px\" \/><\/figure>\n\n\n\n<p><\/p>\n\n\n\n<p><\/p>\n\n\n\n<figure class=\"wp-block-image size-large\"><img loading=\"lazy\" decoding=\"async\" width=\"1024\" height=\"911\" src=\"http:\/\/www.tvk-gaj.pl\/~gajonline\/wp-content\/uploads\/2021\/01\/Zrzut-ekranu-2021-01-10-o-11.42.50-1024x911.png\" alt=\"\" class=\"wp-image-12710\" srcset=\"https:\/\/online.tvk-gaj.pl\/wp-content\/uploads\/2021\/01\/Zrzut-ekranu-2021-01-10-o-11.42.50-1024x911.png 1024w, https:\/\/online.tvk-gaj.pl\/wp-content\/uploads\/2021\/01\/Zrzut-ekranu-2021-01-10-o-11.42.50-300x267.png 300w, https:\/\/online.tvk-gaj.pl\/wp-content\/uploads\/2021\/01\/Zrzut-ekranu-2021-01-10-o-11.42.50-768x683.png 768w, https:\/\/online.tvk-gaj.pl\/wp-content\/uploads\/2021\/01\/Zrzut-ekranu-2021-01-10-o-11.42.50.png 1251w\" sizes=\"auto, (max-width: 1024px) 100vw, 1024px\" \/><\/figure>\n\n\n\n<p><\/p>\n\n\n\n<p><\/p>\n\n\n\n<figure class=\"wp-block-image size-large\"><img loading=\"lazy\" decoding=\"async\" width=\"672\" height=\"1024\" src=\"http:\/\/www.tvk-gaj.pl\/~gajonline\/wp-content\/uploads\/2021\/01\/Zrzut-ekranu-2021-01-31-o-11.30.13-672x1024.png\" alt=\"\" class=\"wp-image-12732\" srcset=\"https:\/\/online.tvk-gaj.pl\/wp-content\/uploads\/2021\/01\/Zrzut-ekranu-2021-01-31-o-11.30.13-672x1024.png 672w, https:\/\/online.tvk-gaj.pl\/wp-content\/uploads\/2021\/01\/Zrzut-ekranu-2021-01-31-o-11.30.13-197x300.png 197w, https:\/\/online.tvk-gaj.pl\/wp-content\/uploads\/2021\/01\/Zrzut-ekranu-2021-01-31-o-11.30.13.png 711w\" sizes=\"auto, (max-width: 672px) 100vw, 672px\" \/><\/figure>\n\n\n\n<p><\/p>\n\n\n\n<p><\/p>\n\n\n\n<figure class=\"wp-block-image size-large\"><img loading=\"lazy\" decoding=\"async\" width=\"902\" height=\"987\" src=\"http:\/\/www.tvk-gaj.pl\/~gajonline\/wp-content\/uploads\/2021\/01\/Zrzut-ekranu-2021-01-31-o-11.22.03.png\" alt=\"\" class=\"wp-image-12730\" srcset=\"https:\/\/online.tvk-gaj.pl\/wp-content\/uploads\/2021\/01\/Zrzut-ekranu-2021-01-31-o-11.22.03.png 902w, https:\/\/online.tvk-gaj.pl\/wp-content\/uploads\/2021\/01\/Zrzut-ekranu-2021-01-31-o-11.22.03-274x300.png 274w, https:\/\/online.tvk-gaj.pl\/wp-content\/uploads\/2021\/01\/Zrzut-ekranu-2021-01-31-o-11.22.03-768x840.png 768w\" sizes=\"auto, (max-width: 902px) 100vw, 902px\" \/><\/figure>\n\n\n\n<p><\/p>\n\n\n\n<p><\/p>\n\n\n\n<p><\/p>\n\n\n\n<p><em>Lista ulic b\u0119dzie na bie\u017c\u0105co aktualizowana. <\/em><\/p>\n\n\n\n<p><\/p>\n\n\n\n<p><\/p>\n\n\n\n<p><\/p>\n\n\n\n<p><\/p>\n\n\n\n<p><\/p>\n\n\n\n<p><\/p>\n\n\n\n<p>Wi\u0119cej informacji na stronach internetowych parafii:<\/p>\n\n\n\n<p><strong><a rel=\"noreferrer noopener\" href=\"http:\/\/duchsw.archidiecezja.wroc.pl\/\" target=\"_blank\"><span class=\"has-inline-color has-black-color\">\u015awi\u0119tego Ducha<\/span><\/a><\/strong><\/p>\n\n\n\n<p><strong><a rel=\"noreferrer noopener\" href=\"http:\/\/www.franciszek.archidiecezja.wroc.pl\/\" target=\"_blank\"><span class=\"has-inline-color has-black-color\">Franciszka z Asy\u017cu<\/span><\/a><\/strong><\/p>\n\n\n\n<p><\/p>\n\n\n\n<p><\/p>\n\n\n\n<p><\/p>\n","protected":false},"excerpt":{"rendered":"<p>Ze wzgl\u0119du na pandemi\u0119 koronawirusa i zwi\u0105zanymi z ni\u0105 ograniczeniami w tym roku wizyty duszpasterskie odbywaj\u0105&nbsp;si\u0119&nbsp;w nowej, zmienionej formule. Przedstawiamy plan kol\u0119dy 2021 na Gaju!<\/p>\n","protected":false},"author":1,"featured_media":12706,"comment_status":"open","ping_status":"open","sticky":false,"template":"","format":"standard","meta":{"footnotes":""},"categories":[14],"tags":[822,1412,1414,1409],"class_list":["post-12698","post","type-post","status-publish","format-standard","has-post-thumbnail","hentry","category-aktualnosci","tag-koleda","tag-parafia-sw-ducha-gaj","tag-plan-koledy-na-gaju-2021","tag-wizyty-duszpasterskie-2021"],"_links":{"self":[{"href":"https:\/\/online.tvk-gaj.pl\/index.php?rest_route=\/wp\/v2\/posts\/12698","targetHints":{"allow":["GET"]}}],"collection":[{"href":"https:\/\/online.tvk-gaj.pl\/index.php?rest_route=\/wp\/v2\/posts"}],"about":[{"href":"https:\/\/online.tvk-gaj.pl\/index.php?rest_route=\/wp\/v2\/types\/post"}],"author":[{"embeddable":true,"href":"https:\/\/online.tvk-gaj.pl\/index.php?rest_route=\/wp\/v2\/users\/1"}],"replies":[{"embeddable":true,"href":"https:\/\/online.tvk-gaj.pl\/index.php?rest_route=%2Fwp%2Fv2%2Fcomments&post=12698"}],"version-history":[{"count":7,"href":"https:\/\/online.tvk-gaj.pl\/index.php?rest_route=\/wp\/v2\/posts\/12698\/revisions"}],"predecessor-version":[{"id":12733,"href":"https:\/\/online.tvk-gaj.pl\/index.php?rest_route=\/wp\/v2\/posts\/12698\/revisions\/12733"}],"wp:featuredmedia":[{"embeddable":true,"href":"https:\/\/online.tvk-gaj.pl\/index.php?rest_route=\/wp\/v2\/media\/12706"}],"wp:attachment":[{"href":"https:\/\/online.tvk-gaj.pl\/index.php?rest_route=%2Fwp%2Fv2%2Fmedia&parent=12698"}],"wp:term":[{"taxonomy":"category","embeddable":true,"href":"https:\/\/online.tvk-gaj.pl\/index.php?rest_route=%2Fwp%2Fv2%2Fcategories&post=12698"},{"taxonomy":"post_tag","embeddable":true,"href":"https:\/\/online.tvk-gaj.pl\/index.php?rest_route=%2Fwp%2Fv2%2Ftags&post=12698"}],"curies":[{"name":"wp","href":"https:\/\/api.w.org\/{rel}","templated":true}]}}