{"id":12734,"date":"2021-02-04T19:52:55","date_gmt":"2021-02-04T18:52:55","guid":{"rendered":"http:\/\/www.tvk-gaj.pl\/~gajonline\/?p=12734"},"modified":"2021-02-04T19:54:14","modified_gmt":"2021-02-04T18:54:14","slug":"kolejne-postepy-na-budowie-obwodnicy-rowerowej-gaju-krzykow","status":"publish","type":"post","link":"https:\/\/online.tvk-gaj.pl\/?p=12734","title":{"rendered":"Post\u0119py na budowie obwodnicy rowerowej Gaju (Krzyk\u00f3w)"},"content":{"rendered":"\n<p>Wroc\u0142awski Zarz\u0105d Dr\u00f3g i Utrzymania Miasta otrzyma\u0142 pozwolenie na budow\u0119 kolejnego etapu Promenady Krzyckiej, czyli 460 metrowego ci\u0105gu pieszo &#8211; rowerowego zlokalizowanego na Gaju pomi\u0119dzy  ul. Borowsk\u0105 i Bardzk\u0105.<\/p>\n\n\n\n<!--more-->\n\n\n\n<p><\/p>\n\n\n\n<p><\/p>\n\n\n\n<p><\/p>\n\n\n\n<figure class=\"wp-block-image size-large\"><img loading=\"lazy\" decoding=\"async\" width=\"1024\" height=\"417\" src=\"http:\/\/www.tvk-gaj.pl\/~gajonline\/wp-content\/uploads\/2021\/02\/obwodnicarowerowa1-1024x417.png\" alt=\"\" class=\"wp-image-12735\" srcset=\"https:\/\/online.tvk-gaj.pl\/wp-content\/uploads\/2021\/02\/obwodnicarowerowa1-1024x417.png 1024w, https:\/\/online.tvk-gaj.pl\/wp-content\/uploads\/2021\/02\/obwodnicarowerowa1-300x122.png 300w, https:\/\/online.tvk-gaj.pl\/wp-content\/uploads\/2021\/02\/obwodnicarowerowa1-768x313.png 768w, https:\/\/online.tvk-gaj.pl\/wp-content\/uploads\/2021\/02\/obwodnicarowerowa1-1536x626.png 1536w, https:\/\/online.tvk-gaj.pl\/wp-content\/uploads\/2021\/02\/obwodnicarowerowa1.png 1652w\" sizes=\"auto, (max-width: 1024px) 100vw, 1024px\" \/><\/figure>\n\n\n\n<p><\/p>\n\n\n\n<p><\/p>\n\n\n\n<blockquote class=\"wp-block-quote is-layout-flow wp-block-quote-is-layout-flow\"><p>Na pocz\u0105tku lutego ZDiUM poinformowa\u0142 w mediach spo\u0142eczno\u015bciowych o kolejnym etapie prac zwi\u0105zanych z realizacj\u0105 zwyci\u0119skich projekt\u00f3w WBO dotycz\u0105cych pieszo-rowerowej obwodnicy Wroc\u0142awia:<\/p><cite>Na odcinku od ul. Borowskiej do ul. Srebrnog\u00f3rskiej prace ju\u017c si\u0119 tocz\u0105,<br>a wkr\u00f3tce rozpoczniemy budow\u0119 drugiego etapu, u podno\u017cna wzg\u00f3rza Gajowego, a\u017c do ul. Bardzkiej.<br>Na pierwszym odcinku zako\u0144czyli\u015bmy w\u0142a\u015bnie uk\u0142adanie 880 mb instalacji pod o\u015bwietlenie oraz kana\u0142y MKT, po ustaniu warunk\u00f3w zimowych b\u0119dziemy mogli powr\u00f3ci\u0107 do uk\u0142adania podbudowy z kruszywa.<br>Ca\u0142a trasa biegn\u0105ca wzd\u0142u\u017c nasypu kolejowego mierzy 1240m, b\u0119dzie o\u015bwietlona i jeszcze w czerwcu gotowa na spacery, rowery i przebie\u017cki<\/cite><\/blockquote>\n\n\n\n<p><\/p>\n\n\n\n<p><\/p>\n\n\n\n<figure class=\"wp-block-image size-large\"><img loading=\"lazy\" decoding=\"async\" width=\"1024\" height=\"768\" src=\"http:\/\/www.tvk-gaj.pl\/~gajonline\/wp-content\/uploads\/2021\/02\/obwodnicarowerowa2-1024x768.jpg\" alt=\"\" class=\"wp-image-12736\" srcset=\"https:\/\/online.tvk-gaj.pl\/wp-content\/uploads\/2021\/02\/obwodnicarowerowa2-1024x768.jpg 1024w, https:\/\/online.tvk-gaj.pl\/wp-content\/uploads\/2021\/02\/obwodnicarowerowa2-300x225.jpg 300w, https:\/\/online.tvk-gaj.pl\/wp-content\/uploads\/2021\/02\/obwodnicarowerowa2-768x576.jpg 768w, https:\/\/online.tvk-gaj.pl\/wp-content\/uploads\/2021\/02\/obwodnicarowerowa2-1536x1152.jpg 1536w, https:\/\/online.tvk-gaj.pl\/wp-content\/uploads\/2021\/02\/obwodnicarowerowa2.jpg 2048w\" sizes=\"auto, (max-width: 1024px) 100vw, 1024px\" \/><\/figure>\n\n\n\n<p><\/p>\n\n\n\n<p><\/p>\n\n\n\n<p><\/p>\n\n\n\n<p>Wi\u0119cej o budowie \u015bcie\u017cki pieszo-rowerowej na Gaju pisali\u015bmy m.in. w listopadzie zesz\u0142ego roku <a href=\"http:\/\/www.tvk-gaj.pl\/~gajonline\/?p=12619\" data-type=\"post\" data-id=\"12619\">w artykule<\/a> przedstawiaj\u0105cym post\u0119py w pracach. <\/p>\n\n\n\n<p><\/p>\n\n\n\n<p><\/p>\n\n\n\n<p><\/p>\n\n\n\n<p><\/p>\n\n\n\n<p><\/p>\n\n\n\n<p><\/p>\n\n\n\n<p><\/p>\n\n\n\n<p><\/p>\n\n\n\n<p><\/p>\n\n\n\n<p><\/p>\n\n\n\n<p><em>Zdj\u0119cia i informacje pochodz\u0105 z oficjalnego profilu ZDiUM na Facebooku. <\/em><\/p>\n\n\n\n<p><\/p>\n\n\n\n<p><\/p>\n","protected":false},"excerpt":{"rendered":"<p>Wroc\u0142awski Zarz\u0105d Dr\u00f3g i Utrzymania Miasta otrzyma\u0142 pozwolenie na budow\u0119 kolejnego etapu Promenady Krzyckiej, czyli 460 metrowego ci\u0105gu pieszo &#8211; rowerowego zlokalizowanego na Gaju pomi\u0119dzy ul. Borowsk\u0105 i Bardzk\u0105.<\/p>\n","protected":false},"author":1,"featured_media":12629,"comment_status":"open","ping_status":"open","sticky":false,"template":"","format":"standard","meta":{"footnotes":""},"categories":[14],"tags":[112,523,1419,1384],"class_list":["post-12734","post","type-post","status-publish","format-standard","has-post-thumbnail","hentry","category-aktualnosci","tag-gaj","tag-rowery","tag-sciezka-rowerowa-bardzka-borowska","tag-zielona-pieszo-rowerowa-obwodnica-wroclawia"],"_links":{"self":[{"href":"https:\/\/online.tvk-gaj.pl\/index.php?rest_route=\/wp\/v2\/posts\/12734","targetHints":{"allow":["GET"]}}],"collection":[{"href":"https:\/\/online.tvk-gaj.pl\/index.php?rest_route=\/wp\/v2\/posts"}],"about":[{"href":"https:\/\/online.tvk-gaj.pl\/index.php?rest_route=\/wp\/v2\/types\/post"}],"author":[{"embeddable":true,"href":"https:\/\/online.tvk-gaj.pl\/index.php?rest_route=\/wp\/v2\/users\/1"}],"replies":[{"embeddable":true,"href":"https:\/\/online.tvk-gaj.pl\/index.php?rest_route=%2Fwp%2Fv2%2Fcomments&post=12734"}],"version-history":[{"count":3,"href":"https:\/\/online.tvk-gaj.pl\/index.php?rest_route=\/wp\/v2\/posts\/12734\/revisions"}],"predecessor-version":[{"id":12740,"href":"https:\/\/online.tvk-gaj.pl\/index.php?rest_route=\/wp\/v2\/posts\/12734\/revisions\/12740"}],"wp:featuredmedia":[{"embeddable":true,"href":"https:\/\/online.tvk-gaj.pl\/index.php?rest_route=\/wp\/v2\/media\/12629"}],"wp:attachment":[{"href":"https:\/\/online.tvk-gaj.pl\/index.php?rest_route=%2Fwp%2Fv2%2Fmedia&parent=12734"}],"wp:term":[{"taxonomy":"category","embeddable":true,"href":"https:\/\/online.tvk-gaj.pl\/index.php?rest_route=%2Fwp%2Fv2%2Fcategories&post=12734"},{"taxonomy":"post_tag","embeddable":true,"href":"https:\/\/online.tvk-gaj.pl\/index.php?rest_route=%2Fwp%2Fv2%2Ftags&post=12734"}],"curies":[{"name":"wp","href":"https:\/\/api.w.org\/{rel}","templated":true}]}}