{"id":12742,"date":"2021-02-04T20:12:50","date_gmt":"2021-02-04T19:12:50","guid":{"rendered":"http:\/\/www.tvk-gaj.pl\/~gajonline\/?p=12742"},"modified":"2021-02-04T20:14:34","modified_gmt":"2021-02-04T19:14:34","slug":"nowe-miesieczniki-w-bibliotece-osiedlowej","status":"publish","type":"post","link":"https:\/\/online.tvk-gaj.pl\/?p=12742","title":{"rendered":"Nowe miesi\u0119czniki w Bibliotece Osiedlowej"},"content":{"rendered":"\n<p>W ofercie Biblioteki Osiedlowej na Gaju pojawi\u0142y si\u0119 nowe miesi\u0119czniki podr\u00f3\u017cniczo-geograficzne.  <\/p>\n\n\n\n<p><\/p>\n\n\n\n<!--more-->\n\n\n\n<p><\/p>\n\n\n\n<p><\/p>\n\n\n\n<figure class=\"wp-block-image size-large\"><img loading=\"lazy\" decoding=\"async\" width=\"1024\" height=\"768\" src=\"http:\/\/www.tvk-gaj.pl\/~gajonline\/wp-content\/uploads\/2021\/02\/IMG_3474-1024x768.jpg\" alt=\"\" class=\"wp-image-12743\" srcset=\"https:\/\/online.tvk-gaj.pl\/wp-content\/uploads\/2021\/02\/IMG_3474-1024x768.jpg 1024w, https:\/\/online.tvk-gaj.pl\/wp-content\/uploads\/2021\/02\/IMG_3474-300x225.jpg 300w, https:\/\/online.tvk-gaj.pl\/wp-content\/uploads\/2021\/02\/IMG_3474-768x576.jpg 768w, https:\/\/online.tvk-gaj.pl\/wp-content\/uploads\/2021\/02\/IMG_3474-1536x1152.jpg 1536w, https:\/\/online.tvk-gaj.pl\/wp-content\/uploads\/2021\/02\/IMG_3474-2048x1536.jpg 2048w\" sizes=\"auto, (max-width: 1024px) 100vw, 1024px\" \/><\/figure>\n\n\n\n<p><\/p>\n\n\n\n<p><\/p>\n\n\n\n<p><\/p>\n\n\n\n<p>Dok\u0105d warto pojecha\u0107 w 2021? <\/p>\n\n\n\n<p>Przyjd\u017a, przeczytaj, dowiedz si\u0119 w naszej Bibliotece Osiedlowej na Gaju! Od teraz National Geographic (Polska i Traveller) &#8211; polskie edycje jednego z najwa\u017cniejszych \u015bwiatowych czasopism. <\/p>\n\n\n\n<p>Zapraszamy do Biblioteki, zapraszamy do lektury!<\/p>\n\n\n\n<p><\/p>\n\n\n\n<p><\/p>\n\n\n\n<figure class=\"wp-block-image size-large\"><img loading=\"lazy\" decoding=\"async\" width=\"706\" height=\"941\" src=\"http:\/\/www.tvk-gaj.pl\/~gajonline\/wp-content\/uploads\/2020\/03\/biblioksiazki.jpg\" alt=\"\" class=\"wp-image-11927\" srcset=\"https:\/\/online.tvk-gaj.pl\/wp-content\/uploads\/2020\/03\/biblioksiazki.jpg 706w, https:\/\/online.tvk-gaj.pl\/wp-content\/uploads\/2020\/03\/biblioksiazki-225x300.jpg 225w\" sizes=\"auto, (max-width: 706px) 100vw, 706px\" \/><\/figure>\n\n\n\n<p><\/p>\n\n\n\n<p><\/p>\n\n\n\n<p>PS. Biblioteka czynna jest w \u015brody, w godzinach od 18 do 20 w klubie Seniora na Gaju (budynek przychodni zdrowia przy ul. Krynickiej 51 &#8211; wej\u015bcie od apteki). <\/p>\n\n\n\n<p><\/p>\n\n\n\n<p><\/p>\n\n\n\n<p><\/p>\n\n\n\n<p><\/p>\n\n\n\n<p><\/p>\n\n\n\n<p>Zapraszamy!<\/p>\n\n\n\n<p><\/p>\n\n\n\n<p><\/p>\n\n\n\n<p><\/p>\n\n\n\n<p><\/p>\n\n\n\n<p><\/p>\n","protected":false},"excerpt":{"rendered":"<p>W ofercie Biblioteki Osiedlowej na Gaju pojawi\u0142y si\u0119 nowe miesi\u0119czniki podr\u00f3\u017cniczo-geograficzne.<\/p>\n","protected":false},"author":1,"featured_media":12743,"comment_status":"open","ping_status":"open","sticky":false,"template":"","format":"standard","meta":{"footnotes":""},"categories":[14,1420],"tags":[1317,421,1421],"class_list":["post-12742","post","type-post","status-publish","format-standard","has-post-thumbnail","hentry","category-aktualnosci","category-biblioteka","tag-biblioteka-osiedlowa-na-gaju","tag-klub-seniora-na-gaju","tag-nowe-miesieczniki"],"_links":{"self":[{"href":"https:\/\/online.tvk-gaj.pl\/index.php?rest_route=\/wp\/v2\/posts\/12742","targetHints":{"allow":["GET"]}}],"collection":[{"href":"https:\/\/online.tvk-gaj.pl\/index.php?rest_route=\/wp\/v2\/posts"}],"about":[{"href":"https:\/\/online.tvk-gaj.pl\/index.php?rest_route=\/wp\/v2\/types\/post"}],"author":[{"embeddable":true,"href":"https:\/\/online.tvk-gaj.pl\/index.php?rest_route=\/wp\/v2\/users\/1"}],"replies":[{"embeddable":true,"href":"https:\/\/online.tvk-gaj.pl\/index.php?rest_route=%2Fwp%2Fv2%2Fcomments&post=12742"}],"version-history":[{"count":2,"href":"https:\/\/online.tvk-gaj.pl\/index.php?rest_route=\/wp\/v2\/posts\/12742\/revisions"}],"predecessor-version":[{"id":12745,"href":"https:\/\/online.tvk-gaj.pl\/index.php?rest_route=\/wp\/v2\/posts\/12742\/revisions\/12745"}],"wp:featuredmedia":[{"embeddable":true,"href":"https:\/\/online.tvk-gaj.pl\/index.php?rest_route=\/wp\/v2\/media\/12743"}],"wp:attachment":[{"href":"https:\/\/online.tvk-gaj.pl\/index.php?rest_route=%2Fwp%2Fv2%2Fmedia&parent=12742"}],"wp:term":[{"taxonomy":"category","embeddable":true,"href":"https:\/\/online.tvk-gaj.pl\/index.php?rest_route=%2Fwp%2Fv2%2Fcategories&post=12742"},{"taxonomy":"post_tag","embeddable":true,"href":"https:\/\/online.tvk-gaj.pl\/index.php?rest_route=%2Fwp%2Fv2%2Ftags&post=12742"}],"curies":[{"name":"wp","href":"https:\/\/api.w.org\/{rel}","templated":true}]}}