{"id":12746,"date":"2021-02-09T22:04:44","date_gmt":"2021-02-09T21:04:44","guid":{"rendered":"http:\/\/www.tvk-gaj.pl\/~gajonline\/?p=12746"},"modified":"2021-02-09T22:06:46","modified_gmt":"2021-02-09T21:06:46","slug":"zmien-piec-wez-doplate-i-zmien-piec-na-ekologiczny","status":"publish","type":"post","link":"https:\/\/online.tvk-gaj.pl\/?p=12746","title":{"rendered":"#Zmie\u0144 Piec: we\u017a dop\u0142at\u0119 i zmie\u0144 piec na ekologiczny"},"content":{"rendered":"\n<p><\/p>\n\n\n\n<p>Trwa miejski program dofinansowa\u0144 do wymiany piec\u00f3w we Wroc\u0142awiu.<\/p>\n\n\n\n<!--more-->\n\n\n\n<p><\/p>\n\n\n\n<p><\/p>\n\n\n\n<figure class=\"wp-block-image size-large\"><img loading=\"lazy\" decoding=\"async\" width=\"640\" height=\"960\" src=\"http:\/\/www.tvk-gaj.pl\/~gajonline\/wp-content\/uploads\/2021\/02\/grafika-na-fb.png\" alt=\"\" class=\"wp-image-12747\" srcset=\"https:\/\/online.tvk-gaj.pl\/wp-content\/uploads\/2021\/02\/grafika-na-fb.png 640w, https:\/\/online.tvk-gaj.pl\/wp-content\/uploads\/2021\/02\/grafika-na-fb-200x300.png 200w\" sizes=\"auto, (max-width: 640px) 100vw, 640px\" \/><\/figure>\n\n\n\n<p><\/p>\n\n\n\n<p><\/p>\n\n\n\n<p><strong><em>Ostatni rok najwy\u017cszych dop\u0142at do wymiany pieca<\/em><\/strong>\u00a0<\/p>\n\n\n\n<p><\/p>\n\n\n\n<p><\/p>\n\n\n\n<p><em>Nawet 15 tys. z\u0142otych \u2013 tyle mo\u017cna otrzyma\u0107 w 2021 r. na wymian\u0119 pieca w ramach programu KAWKA Plus. Warto si\u0119 jednak po\u015bpieszy\u0107, gdy\u017c to ostatni rok z maksymaln\u0105 kwot\u0105 dotacji. W kolejnych latach dop\u0142ata od miasta b\u0119dzie coraz ni\u017csza.<\/em>\u00a0<\/p>\n\n\n\n<p><\/p>\n\n\n\n<blockquote class=\"wp-block-quote is-layout-flow wp-block-quote-is-layout-flow\"><p><em>Katarzyna Szymczak-Pomianowska, dyrektor Departamentu Zr\u00f3wnowa\u017conego Rozwoju UMW<\/em>:<\/p><cite><em>\u2013 Ci\u0105gle zach\u0119camy wroc\u0142awian do pozbywania si\u0119 truj\u0105cych piec\u00f3w, ale mamy \u015bwiadomo\u015b\u0107 koszt\u00f3w, dlatego Wroc\u0142aw daje swoim mieszka\u0144com mo\u017cliwo\u015b\u0107 wymiany pieca bez wk\u0142adu w\u0142asnego. Program KAWKA plus i Termo KAWKA to prawie 20 tys. z\u0142 na wymian\u0119 pieca i drewnianych okien. Nie warto jednak zwleka\u0107 z decyzj\u0105, gdy\u017c to ostatni rok z tak wysok\u0105 dop\u0142at\u0105 od miasta<\/em><\/cite><\/blockquote>\n\n\n\n<p><br><\/p>\n\n\n\n<p><\/p>\n\n\n\n<p><\/p>\n\n\n\n<p><\/p>\n\n\n\n<p><strong>Publikujemy map\u0119, na kt\u00f3rej przedstawiono ilo\u015b\u0107 wymienionych piec\u00f3w na Gaju i w jego najbli\u017cszej okolicy. <\/strong><\/p>\n\n\n\n<p><em>Ka\u017cdy nowy piec to lepsze powietrze dla ca\u0142ej okolicy.<\/em><\/p>\n\n\n\n<p><\/p>\n\n\n\n<figure class=\"wp-block-image size-large\"><img loading=\"lazy\" decoding=\"async\" width=\"1024\" height=\"819\" src=\"http:\/\/www.tvk-gaj.pl\/~gajonline\/wp-content\/uploads\/2021\/02\/Zrzut-ekranu-2021-02-9-o-21.50.15-1024x819.png\" alt=\"\" class=\"wp-image-12748\" srcset=\"https:\/\/online.tvk-gaj.pl\/wp-content\/uploads\/2021\/02\/Zrzut-ekranu-2021-02-9-o-21.50.15-1024x819.png 1024w, https:\/\/online.tvk-gaj.pl\/wp-content\/uploads\/2021\/02\/Zrzut-ekranu-2021-02-9-o-21.50.15-300x240.png 300w, https:\/\/online.tvk-gaj.pl\/wp-content\/uploads\/2021\/02\/Zrzut-ekranu-2021-02-9-o-21.50.15-768x614.png 768w, https:\/\/online.tvk-gaj.pl\/wp-content\/uploads\/2021\/02\/Zrzut-ekranu-2021-02-9-o-21.50.15.png 1246w\" sizes=\"auto, (max-width: 1024px) 100vw, 1024px\" \/><\/figure>\n\n\n\n<p><\/p>\n\n\n\n<p><\/p>\n\n\n\n<p><\/p>\n\n\n\n<p><\/p>\n\n\n\n<p><strong>Program Zmie\u0144 Piec<\/strong><\/p>\n\n\n\n<p><\/p>\n\n\n\n<p><\/p>\n\n\n\n<figure class=\"wp-block-image size-large\"><img loading=\"lazy\" decoding=\"async\" width=\"1024\" height=\"484\" src=\"http:\/\/www.tvk-gaj.pl\/~gajonline\/wp-content\/uploads\/2021\/02\/Zrzut-ekranu-2021-02-9-o-22.04.08-1024x484.png\" alt=\"\" class=\"wp-image-12750\" srcset=\"https:\/\/online.tvk-gaj.pl\/wp-content\/uploads\/2021\/02\/Zrzut-ekranu-2021-02-9-o-22.04.08-1024x484.png 1024w, https:\/\/online.tvk-gaj.pl\/wp-content\/uploads\/2021\/02\/Zrzut-ekranu-2021-02-9-o-22.04.08-300x142.png 300w, https:\/\/online.tvk-gaj.pl\/wp-content\/uploads\/2021\/02\/Zrzut-ekranu-2021-02-9-o-22.04.08-768x363.png 768w, https:\/\/online.tvk-gaj.pl\/wp-content\/uploads\/2021\/02\/Zrzut-ekranu-2021-02-9-o-22.04.08.png 1533w\" sizes=\"auto, (max-width: 1024px) 100vw, 1024px\" \/><\/figure>\n\n\n\n<p><\/p>\n\n\n\n<p><\/p>\n\n\n\n<p><em>Z wszystkimi pytaniami mo\u017cna si\u0119 zwr\u00f3ci\u0107 do doradc\u00f3w energetycznych Urz\u0119du Miasta Wroc\u0142awia pod numerem telefonu\u00a0<a href=\"tel:\/\/71 799 6 799\">71 799 6 799<\/a>\u00a0lub email:\u00a0<a href=\"mailto:zmienpiec@um.wroc.pl\">zmienpiec@um.wroc.pl<\/a><\/em>\u00a0<br><\/p>\n\n\n\n<p><em>Zapraszamy do odwiedzenia strony internetowej\u00a0<a href=\"http:\/\/zmienpiec.pl\/\">zmienpiec.pl<\/a>, gdzie zawarte s\u0105 informacje o mo\u017cliwo\u015bciach wsparcia w procesie wymiany pieca. Strona prowadzona jest przez Urz\u0105d Miasta Wroc\u0142awia.<\/em>\u00a0<\/p>\n\n\n\n<p><\/p>\n\n\n\n<p><\/p>\n\n\n\n<p><\/p>\n\n\n\n<p><\/p>\n","protected":false},"excerpt":{"rendered":"<p>Trwa miejski program dofinansowa\u0144 do wymiany piec\u00f3w we Wroc\u0142awiu.<\/p>\n","protected":false},"author":1,"featured_media":12749,"comment_status":"open","ping_status":"open","sticky":false,"template":"","format":"standard","meta":{"footnotes":""},"categories":[14],"tags":[112,166,1340],"class_list":["post-12746","post","type-post","status-publish","format-standard","has-post-thumbnail","hentry","category-aktualnosci","tag-gaj","tag-osiedle-gaj","tag-zmien-piec"],"_links":{"self":[{"href":"https:\/\/online.tvk-gaj.pl\/index.php?rest_route=\/wp\/v2\/posts\/12746","targetHints":{"allow":["GET"]}}],"collection":[{"href":"https:\/\/online.tvk-gaj.pl\/index.php?rest_route=\/wp\/v2\/posts"}],"about":[{"href":"https:\/\/online.tvk-gaj.pl\/index.php?rest_route=\/wp\/v2\/types\/post"}],"author":[{"embeddable":true,"href":"https:\/\/online.tvk-gaj.pl\/index.php?rest_route=\/wp\/v2\/users\/1"}],"replies":[{"embeddable":true,"href":"https:\/\/online.tvk-gaj.pl\/index.php?rest_route=%2Fwp%2Fv2%2Fcomments&post=12746"}],"version-history":[{"count":3,"href":"https:\/\/online.tvk-gaj.pl\/index.php?rest_route=\/wp\/v2\/posts\/12746\/revisions"}],"predecessor-version":[{"id":12753,"href":"https:\/\/online.tvk-gaj.pl\/index.php?rest_route=\/wp\/v2\/posts\/12746\/revisions\/12753"}],"wp:featuredmedia":[{"embeddable":true,"href":"https:\/\/online.tvk-gaj.pl\/index.php?rest_route=\/wp\/v2\/media\/12749"}],"wp:attachment":[{"href":"https:\/\/online.tvk-gaj.pl\/index.php?rest_route=%2Fwp%2Fv2%2Fmedia&parent=12746"}],"wp:term":[{"taxonomy":"category","embeddable":true,"href":"https:\/\/online.tvk-gaj.pl\/index.php?rest_route=%2Fwp%2Fv2%2Fcategories&post=12746"},{"taxonomy":"post_tag","embeddable":true,"href":"https:\/\/online.tvk-gaj.pl\/index.php?rest_route=%2Fwp%2Fv2%2Ftags&post=12746"}],"curies":[{"name":"wp","href":"https:\/\/api.w.org\/{rel}","templated":true}]}}