{"id":12754,"date":"2021-02-15T22:54:05","date_gmt":"2021-02-15T21:54:05","guid":{"rendered":"http:\/\/www.tvk-gaj.pl\/~gajonline\/?p=12754"},"modified":"2021-03-01T22:02:53","modified_gmt":"2021-03-01T21:02:53","slug":"laweczka-mieszkanca-nowy-osiedlowy-projekt","status":"publish","type":"post","link":"https:\/\/online.tvk-gaj.pl\/?p=12754","title":{"rendered":"&#8222;\u0141aweczka mieszka\u0144ca&#8221; &#8211; nowy, osiedlowy projekt"},"content":{"rendered":"\n<p>&#8222;\u0141aweczka mieszka\u0144ca&#8221; \u2013 to nowy, osiedlowy projekt przeznaczony dla mieszka\u0144c\u00f3w Wroc\u0142awia, w tym Gaju. <\/p>\n\n\n\n<!--more-->\n\n\n\n<p><\/p>\n\n\n\n<p><\/p>\n\n\n\n<figure class=\"wp-block-image size-large\"><img loading=\"lazy\" decoding=\"async\" width=\"880\" height=\"440\" src=\"http:\/\/www.tvk-gaj.pl\/~gajonline\/wp-content\/uploads\/2021\/02\/laweczka.jpeg\" alt=\"\" class=\"wp-image-12755\" srcset=\"https:\/\/online.tvk-gaj.pl\/wp-content\/uploads\/2021\/02\/laweczka.jpeg 880w, https:\/\/online.tvk-gaj.pl\/wp-content\/uploads\/2021\/02\/laweczka-300x150.jpeg 300w, https:\/\/online.tvk-gaj.pl\/wp-content\/uploads\/2021\/02\/laweczka-768x384.jpeg 768w, https:\/\/online.tvk-gaj.pl\/wp-content\/uploads\/2021\/02\/laweczka-319x160.jpeg 319w\" sizes=\"auto, (max-width: 880px) 100vw, 880px\" \/><\/figure>\n\n\n\n<p><\/p>\n\n\n\n<p><\/p>\n\n\n\n<p><\/p>\n\n\n\n<p><\/p>\n\n\n\n<p>W ramach akcji, maj\u0105cej na celu zwi\u0119kszenie dost\u0119pno\u015bci przestrzeni miejskiej dla os\u00f3b z trudno\u015bciami w przemieszczaniu si\u0119, miasto postawi na swoim terenie \u0142aweczki w lokalizacjach wybranych przez mieszka\u0144c\u00f3w.<\/p>\n\n\n\n<p><\/p>\n\n\n\n<p><\/p>\n\n\n\n<p>Wniosek o now\u0105 \u0142awk\u0119 mo\u017cna sk\u0142ada\u0107 poprzez wirtualny formularz na stronie <a rel=\"noreferrer noopener\" href=\"http:\/\/www.sutryk.pl\/laweczka?fbclid=IwAR38BHpWLmK7qhNFUKa5zL4CsroqkvqdTIn7q3EYCa6vhx9JS7cySdmYI6k\" target=\"_blank\">www.sutryk.pl\/laweczka<\/a> od po\u0142owy lutego do 31 marca. W celu zg\u0142oszenia \u0142awki nale\u017cy poda\u0107 w formularzu imi\u0119 i nazwisko oraz kontakt (telefoniczny i mailowy). <\/p>\n\n\n\n<p><\/p>\n\n\n\n<p>UWAGA: \u0141awka mo\u017ce zosta\u0107 postawiona tylko na terenach nale\u017c\u0105cych do miasta. <\/p>\n\n\n\n<p><\/p>\n\n\n\n<p><\/p>\n\n\n\n<p><\/p>\n\n\n\n<figure class=\"wp-block-image size-large\"><img loading=\"lazy\" decoding=\"async\" width=\"501\" height=\"1024\" src=\"http:\/\/www.tvk-gaj.pl\/~gajonline\/wp-content\/uploads\/2021\/02\/Zrzut-ekranu-2021-02-15-o-22.52.38-501x1024.png\" alt=\"\" class=\"wp-image-12756\" srcset=\"https:\/\/online.tvk-gaj.pl\/wp-content\/uploads\/2021\/02\/Zrzut-ekranu-2021-02-15-o-22.52.38-501x1024.png 501w, https:\/\/online.tvk-gaj.pl\/wp-content\/uploads\/2021\/02\/Zrzut-ekranu-2021-02-15-o-22.52.38-147x300.png 147w, https:\/\/online.tvk-gaj.pl\/wp-content\/uploads\/2021\/02\/Zrzut-ekranu-2021-02-15-o-22.52.38.png 582w\" sizes=\"auto, (max-width: 501px) 100vw, 501px\" \/><\/figure>\n\n\n\n<p><\/p>\n\n\n\n<figure class=\"wp-block-image size-large\"><img loading=\"lazy\" decoding=\"async\" width=\"501\" height=\"1024\" src=\"http:\/\/www.tvk-gaj.pl\/~gajonline\/wp-content\/uploads\/2021\/02\/Zrzut-ekranu-2021-02-15-o-22.52.47-501x1024.png\" alt=\"\" class=\"wp-image-12757\" srcset=\"https:\/\/online.tvk-gaj.pl\/wp-content\/uploads\/2021\/02\/Zrzut-ekranu-2021-02-15-o-22.52.47-501x1024.png 501w, https:\/\/online.tvk-gaj.pl\/wp-content\/uploads\/2021\/02\/Zrzut-ekranu-2021-02-15-o-22.52.47-147x300.png 147w, https:\/\/online.tvk-gaj.pl\/wp-content\/uploads\/2021\/02\/Zrzut-ekranu-2021-02-15-o-22.52.47.png 582w\" sizes=\"auto, (max-width: 501px) 100vw, 501px\" \/><\/figure>\n\n\n\n<p><\/p>\n\n\n\n<p><\/p>\n\n\n\n<p><\/p>\n\n\n\n<p><\/p>\n\n\n\n<p>Realizacja zg\u0142oszonych \u0142awek odb\u0119dzie si\u0119 w czwartym kwartale bie\u017c\u0105cego roku. <\/p>\n\n\n\n<p><\/p>\n\n\n\n<p><\/p>\n\n\n\n<p><\/p>\n\n\n\n<p><\/p>\n\n\n\n<p>Zach\u0119camy do wzi\u0119cia udzia\u0142u w akcji, mog\u0105cej pom\u00f3c tak\u017ce naszej lokalnej spo\u0142eczno\u015bci:)<\/p>\n\n\n\n<p><\/p>\n\n\n\n<p><\/p>\n","protected":false},"excerpt":{"rendered":"<p>&#8222;\u0141aweczka mieszka\u0144ca&#8221; \u2013 to nowy, osiedlowy projekt przeznaczony dla mieszka\u0144c\u00f3w Wroc\u0142awia, w tym Gaju.<\/p>\n","protected":false},"author":1,"featured_media":12755,"comment_status":"open","ping_status":"open","sticky":false,"template":"","format":"standard","meta":{"footnotes":""},"categories":[14],"tags":[112,1426],"class_list":["post-12754","post","type-post","status-publish","format-standard","has-post-thumbnail","hentry","category-aktualnosci","tag-gaj","tag-laweczka-mieszkanca"],"_links":{"self":[{"href":"https:\/\/online.tvk-gaj.pl\/index.php?rest_route=\/wp\/v2\/posts\/12754","targetHints":{"allow":["GET"]}}],"collection":[{"href":"https:\/\/online.tvk-gaj.pl\/index.php?rest_route=\/wp\/v2\/posts"}],"about":[{"href":"https:\/\/online.tvk-gaj.pl\/index.php?rest_route=\/wp\/v2\/types\/post"}],"author":[{"embeddable":true,"href":"https:\/\/online.tvk-gaj.pl\/index.php?rest_route=\/wp\/v2\/users\/1"}],"replies":[{"embeddable":true,"href":"https:\/\/online.tvk-gaj.pl\/index.php?rest_route=%2Fwp%2Fv2%2Fcomments&post=12754"}],"version-history":[{"count":3,"href":"https:\/\/online.tvk-gaj.pl\/index.php?rest_route=\/wp\/v2\/posts\/12754\/revisions"}],"predecessor-version":[{"id":12767,"href":"https:\/\/online.tvk-gaj.pl\/index.php?rest_route=\/wp\/v2\/posts\/12754\/revisions\/12767"}],"wp:featuredmedia":[{"embeddable":true,"href":"https:\/\/online.tvk-gaj.pl\/index.php?rest_route=\/wp\/v2\/media\/12755"}],"wp:attachment":[{"href":"https:\/\/online.tvk-gaj.pl\/index.php?rest_route=%2Fwp%2Fv2%2Fmedia&parent=12754"}],"wp:term":[{"taxonomy":"category","embeddable":true,"href":"https:\/\/online.tvk-gaj.pl\/index.php?rest_route=%2Fwp%2Fv2%2Fcategories&post=12754"},{"taxonomy":"post_tag","embeddable":true,"href":"https:\/\/online.tvk-gaj.pl\/index.php?rest_route=%2Fwp%2Fv2%2Ftags&post=12754"}],"curies":[{"name":"wp","href":"https:\/\/api.w.org\/{rel}","templated":true}]}}