{"id":12760,"date":"2021-03-01T22:01:29","date_gmt":"2021-03-01T21:01:29","guid":{"rendered":"http:\/\/www.tvk-gaj.pl\/~gajonline\/?p=12760"},"modified":"2021-03-01T22:01:34","modified_gmt":"2021-03-01T21:01:34","slug":"propozycja-zmiany-w-ukladzie-linii-autobusowej-143-na-trasie-rowniez-gaj","status":"publish","type":"post","link":"https:\/\/online.tvk-gaj.pl\/?p=12760","title":{"rendered":"Propozycja zmiany w uk\u0142adzie linii autobusowej 143 &#8211; na trasie r\u00f3wnie\u017c Gaj"},"content":{"rendered":"\n<p>Rada Osiedla Gaj zg\u0142asza mo\u017cliwo\u015b\u0107 konsultacji spo\u0142ecznej zmiany w uk\u0142adzie linii autobusowej nr 143 &#8211; maj\u0105cej obj\u0105\u0107 swoim zasi\u0119giem r\u00f3wnie\u017c osiedle Gaj. <\/p>\n\n\n\n<!--more-->\n\n\n\n<p><\/p>\n\n\n\n<p>Publikujemy pismo dotycz\u0105ce propozycji kompleksowej zmiany w uk\u0142adzie linii autobusowych na Osiedlu Opor\u00f3w i Krzyki oraz przed\u0142u\u017cenie trasy linii autobusowej 143 m.in. na osiedle Gaj.<\/p>\n\n\n\n<p><\/p>\n\n\n\n<p><\/p>\n\n\n\n<figure class=\"wp-block-image size-large\"><img loading=\"lazy\" decoding=\"async\" width=\"688\" height=\"1024\" src=\"http:\/\/www.tvk-gaj.pl\/~gajonline\/wp-content\/uploads\/2021\/03\/Zrzut-ekranu-2021-03-1-o-21.52.03-688x1024.png\" alt=\"\" class=\"wp-image-12761\" srcset=\"https:\/\/online.tvk-gaj.pl\/wp-content\/uploads\/2021\/03\/Zrzut-ekranu-2021-03-1-o-21.52.03-688x1024.png 688w, https:\/\/online.tvk-gaj.pl\/wp-content\/uploads\/2021\/03\/Zrzut-ekranu-2021-03-1-o-21.52.03-202x300.png 202w, https:\/\/online.tvk-gaj.pl\/wp-content\/uploads\/2021\/03\/Zrzut-ekranu-2021-03-1-o-21.52.03-768x1143.png 768w, https:\/\/online.tvk-gaj.pl\/wp-content\/uploads\/2021\/03\/Zrzut-ekranu-2021-03-1-o-21.52.03.png 809w\" sizes=\"auto, (max-width: 688px) 100vw, 688px\" \/><\/figure>\n\n\n\n<p><\/p>\n\n\n\n<figure class=\"wp-block-image size-large\"><img loading=\"lazy\" decoding=\"async\" width=\"688\" height=\"1024\" src=\"http:\/\/www.tvk-gaj.pl\/~gajonline\/wp-content\/uploads\/2021\/03\/Zrzut-ekranu-2021-03-1-o-21.52.13-688x1024.png\" alt=\"\" class=\"wp-image-12762\" srcset=\"https:\/\/online.tvk-gaj.pl\/wp-content\/uploads\/2021\/03\/Zrzut-ekranu-2021-03-1-o-21.52.13-688x1024.png 688w, https:\/\/online.tvk-gaj.pl\/wp-content\/uploads\/2021\/03\/Zrzut-ekranu-2021-03-1-o-21.52.13-202x300.png 202w, https:\/\/online.tvk-gaj.pl\/wp-content\/uploads\/2021\/03\/Zrzut-ekranu-2021-03-1-o-21.52.13-768x1143.png 768w, https:\/\/online.tvk-gaj.pl\/wp-content\/uploads\/2021\/03\/Zrzut-ekranu-2021-03-1-o-21.52.13.png 809w\" sizes=\"auto, (max-width: 688px) 100vw, 688px\" \/><\/figure>\n\n\n\n<p><\/p>\n\n\n\n<figure class=\"wp-block-image size-large\"><img loading=\"lazy\" decoding=\"async\" width=\"846\" height=\"677\" src=\"http:\/\/www.tvk-gaj.pl\/~gajonline\/wp-content\/uploads\/2021\/03\/Zrzut-ekranu-2021-03-1-o-21.52.32.png\" alt=\"\" class=\"wp-image-12763\" srcset=\"https:\/\/online.tvk-gaj.pl\/wp-content\/uploads\/2021\/03\/Zrzut-ekranu-2021-03-1-o-21.52.32.png 846w, https:\/\/online.tvk-gaj.pl\/wp-content\/uploads\/2021\/03\/Zrzut-ekranu-2021-03-1-o-21.52.32-300x240.png 300w, https:\/\/online.tvk-gaj.pl\/wp-content\/uploads\/2021\/03\/Zrzut-ekranu-2021-03-1-o-21.52.32-768x615.png 768w\" sizes=\"auto, (max-width: 846px) 100vw, 846px\" \/><\/figure>\n\n\n\n<p><\/p>\n\n\n\n<p><\/p>\n\n\n\n<p><\/p>\n\n\n\n<p>W ramach proponowanych przez magistrat zmian linia autobusowa nr 143 wyd\u0142u\u017cy\u0142aby swoj\u0105 tras\u0119 obejmuj\u0105c dodatkowo m.in. osiedle Gaj &#8211; ulice Borowsk\u0105 i \u015awieradowsk\u0105. <\/p>\n\n\n\n<p><\/p>\n\n\n\n<p><\/p>\n\n\n\n<figure class=\"wp-block-image size-large\"><img loading=\"lazy\" decoding=\"async\" width=\"1024\" height=\"725\" src=\"http:\/\/www.tvk-gaj.pl\/~gajonline\/wp-content\/uploads\/2021\/03\/Osiedle-Oporo\u0301w-i-Krzyki.png-size15459747-1024x725.png\" alt=\"\" class=\"wp-image-12764\" srcset=\"https:\/\/online.tvk-gaj.pl\/wp-content\/uploads\/2021\/03\/Osiedle-Oporo\u0301w-i-Krzyki.png-size15459747-1024x725.png 1024w, https:\/\/online.tvk-gaj.pl\/wp-content\/uploads\/2021\/03\/Osiedle-Oporo\u0301w-i-Krzyki.png-size15459747-300x212.png 300w, https:\/\/online.tvk-gaj.pl\/wp-content\/uploads\/2021\/03\/Osiedle-Oporo\u0301w-i-Krzyki.png-size15459747-768x543.png 768w, https:\/\/online.tvk-gaj.pl\/wp-content\/uploads\/2021\/03\/Osiedle-Oporo\u0301w-i-Krzyki.png-size15459747-1536x1087.png 1536w, https:\/\/online.tvk-gaj.pl\/wp-content\/uploads\/2021\/03\/Osiedle-Oporo\u0301w-i-Krzyki.png-size15459747-2048x1449.png 2048w\" sizes=\"auto, (max-width: 1024px) 100vw, 1024px\" \/><\/figure>\n\n\n\n<p><\/p>\n\n\n\n<p><\/p>\n\n\n\n<figure class=\"wp-block-image size-large\"><img loading=\"lazy\" decoding=\"async\" width=\"1024\" height=\"725\" src=\"http:\/\/www.tvk-gaj.pl\/~gajonline\/wp-content\/uploads\/2021\/03\/Linia_po\u0301loko\u0301lna.png-size863625-1024x725.png\" alt=\"\" class=\"wp-image-12765\" srcset=\"https:\/\/online.tvk-gaj.pl\/wp-content\/uploads\/2021\/03\/Linia_po\u0301loko\u0301lna.png-size863625-1024x725.png 1024w, https:\/\/online.tvk-gaj.pl\/wp-content\/uploads\/2021\/03\/Linia_po\u0301loko\u0301lna.png-size863625-300x212.png 300w, https:\/\/online.tvk-gaj.pl\/wp-content\/uploads\/2021\/03\/Linia_po\u0301loko\u0301lna.png-size863625-768x543.png 768w, https:\/\/online.tvk-gaj.pl\/wp-content\/uploads\/2021\/03\/Linia_po\u0301loko\u0301lna.png-size863625-1536x1087.png 1536w, https:\/\/online.tvk-gaj.pl\/wp-content\/uploads\/2021\/03\/Linia_po\u0301loko\u0301lna.png-size863625-2048x1449.png 2048w\" sizes=\"auto, (max-width: 1024px) 100vw, 1024px\" \/><\/figure>\n\n\n\n<p><\/p>\n\n\n\n<p><\/p>\n\n\n\n<p>Do 14 marca Rada Osiedla czeka na opinie mieszka\u0144c\u00f3w dotycz\u0105cej wy\u017cej wymienionych zmian. <\/p>\n\n\n\n<p>Konsultacje spo\u0142eczne odbywaj\u0105 si\u0119 drog\u0105 elektroniczn\u0105 poprzez wys\u0142anie wiadomo\u015bci email na adres gaj@osiedla.wroclaw.pl b\u0105d\u017a osobi\u015bcie, w ramach dy\u017cur\u00f3w RO Gaj w poniedzia\u0142ki i czwartki w godzinach 18-20 w siedzibie RO Gaj przy ul. Krynickiej 80. <\/p>\n\n\n\n<p><\/p>\n\n\n\n<p><\/p>\n\n\n\n<p><\/p>\n\n\n\n<p><\/p>\n","protected":false},"excerpt":{"rendered":"<p>Rada Osiedla Gaj zg\u0142asza mo\u017cliwo\u015b\u0107 konsultacji spo\u0142ecznej zmiany w uk\u0142adzie linii autobusowej nr 143 &#8211; maj\u0105cej obj\u0105\u0107 swoim zasi\u0119giem r\u00f3wnie\u017c osiedle Gaj.<\/p>\n","protected":false},"author":1,"featured_media":7667,"comment_status":"open","ping_status":"open","sticky":false,"template":"","format":"standard","meta":{"footnotes":""},"categories":[14,12],"tags":[112,156,413,1435],"class_list":["post-12760","post","type-post","status-publish","format-standard","has-post-thumbnail","hentry","category-aktualnosci","category-artykuly","tag-gaj","tag-mpk","tag-mpk-wroclaw","tag-oporow"],"_links":{"self":[{"href":"https:\/\/online.tvk-gaj.pl\/index.php?rest_route=\/wp\/v2\/posts\/12760","targetHints":{"allow":["GET"]}}],"collection":[{"href":"https:\/\/online.tvk-gaj.pl\/index.php?rest_route=\/wp\/v2\/posts"}],"about":[{"href":"https:\/\/online.tvk-gaj.pl\/index.php?rest_route=\/wp\/v2\/types\/post"}],"author":[{"embeddable":true,"href":"https:\/\/online.tvk-gaj.pl\/index.php?rest_route=\/wp\/v2\/users\/1"}],"replies":[{"embeddable":true,"href":"https:\/\/online.tvk-gaj.pl\/index.php?rest_route=%2Fwp%2Fv2%2Fcomments&post=12760"}],"version-history":[{"count":1,"href":"https:\/\/online.tvk-gaj.pl\/index.php?rest_route=\/wp\/v2\/posts\/12760\/revisions"}],"predecessor-version":[{"id":12766,"href":"https:\/\/online.tvk-gaj.pl\/index.php?rest_route=\/wp\/v2\/posts\/12760\/revisions\/12766"}],"wp:featuredmedia":[{"embeddable":true,"href":"https:\/\/online.tvk-gaj.pl\/index.php?rest_route=\/wp\/v2\/media\/7667"}],"wp:attachment":[{"href":"https:\/\/online.tvk-gaj.pl\/index.php?rest_route=%2Fwp%2Fv2%2Fmedia&parent=12760"}],"wp:term":[{"taxonomy":"category","embeddable":true,"href":"https:\/\/online.tvk-gaj.pl\/index.php?rest_route=%2Fwp%2Fv2%2Fcategories&post=12760"},{"taxonomy":"post_tag","embeddable":true,"href":"https:\/\/online.tvk-gaj.pl\/index.php?rest_route=%2Fwp%2Fv2%2Ftags&post=12760"}],"curies":[{"name":"wp","href":"https:\/\/api.w.org\/{rel}","templated":true}]}}