{"id":12768,"date":"2021-03-12T21:06:27","date_gmt":"2021-03-12T20:06:27","guid":{"rendered":"http:\/\/www.tvk-gaj.pl\/~gajonline\/?p=12768"},"modified":"2021-03-12T21:07:48","modified_gmt":"2021-03-12T20:07:48","slug":"wiosenne-porzadki-w-parku-skowronim","status":"publish","type":"post","link":"https:\/\/online.tvk-gaj.pl\/?p=12768","title":{"rendered":"Wiosenne porz\u0105dki w Parku Skowronim"},"content":{"rendered":"\n<p>Wraz ze zbli\u017caj\u0105c\u0105 si\u0119 wiosn\u0105 rozpoczynaj\u0105 si\u0119 pierwsze prace zielone w parkach. Ogrodnicy zacz\u0119li w\u0142a\u015bnie przygotowywanie Parku Skowroniego do nowego sezonu. <\/p>\n\n\n\n<!--more-->\n\n\n\n<p><\/p>\n\n\n\n<p><\/p>\n\n\n\n<figure class=\"wp-block-image size-large\"><img loading=\"lazy\" decoding=\"async\" width=\"768\" height=\"1024\" src=\"http:\/\/www.tvk-gaj.pl\/~gajonline\/wp-content\/uploads\/2021\/03\/9245997-768x1024.jpg\" alt=\"\" class=\"wp-image-12769\" srcset=\"https:\/\/online.tvk-gaj.pl\/wp-content\/uploads\/2021\/03\/9245997-768x1024.jpg 768w, https:\/\/online.tvk-gaj.pl\/wp-content\/uploads\/2021\/03\/9245997-225x300.jpg 225w, https:\/\/online.tvk-gaj.pl\/wp-content\/uploads\/2021\/03\/9245997-1152x1536.jpg 1152w, https:\/\/online.tvk-gaj.pl\/wp-content\/uploads\/2021\/03\/9245997-1536x2048.jpg 1536w, https:\/\/online.tvk-gaj.pl\/wp-content\/uploads\/2021\/03\/9245997-scaled.jpg 1920w\" sizes=\"auto, (max-width: 768px) 100vw, 768px\" \/><figcaption><em>\u017bycie na starym pniu. Park Skowroni, materia\u0142y w\u0142asne. <\/em><\/figcaption><\/figure>\n\n\n\n<p><\/p>\n\n\n\n<p><\/p>\n\n\n\n<p><\/p>\n\n\n\n<p>W Parku Skowronim rozpocz\u0119\u0142y si\u0119 pierwsze w tym roku prace! W ramach przygotowa\u0144 do wiosny Zarz\u0105d Zieleni Miejskiej podj\u0105\u0142 decyzje o wycince ponad 40 drzew. Jednak nie zostan\u0105 one usuni\u0119te w ca\u0142o\u015bci. Jak podaje Marek Szempli\u0144ski &#8211; rzecznik ZZM &#8211; pozostawione zostan\u0105 pnie drzew, kt\u00f3re maj\u0105 sta\u0107 si\u0119 domem i po\u017cywieniem dla licznych organizm\u00f3w zamieszkuj\u0105cych ekosystem parku. <\/p>\n\n\n\n<p>Wycinka drzew podyktowana jest wzgl\u0119dami bezpiecze\u0144stwa: <\/p>\n\n\n\n<blockquote class=\"wp-block-quote is-layout-flow wp-block-quote-is-layout-flow\"><p>Marek Szempli\u0144ski, Zarz\u0105d Zieleni Miejskiej we Wroc\u0142awiu:<\/p><cite>trzeba usun\u0105\u0107 drzewa czy ga\u0142\u0119zie zagra\u017caj\u0105ce bezpiecze\u0144stwu<\/cite><\/blockquote>\n\n\n\n<p><\/p>\n\n\n\n<p><\/p>\n\n\n\n<p>Drzewa zostan\u0105 wyci\u0119te jeszcze przed rozpocz\u0119ciem sezonu l\u0119gowego ptak\u00f3w. <\/p>\n\n\n\n<p><\/p>\n\n\n\n<p><\/p>\n\n\n\n<p><\/p>\n\n\n\n<figure class=\"wp-block-image size-large\"><img loading=\"lazy\" decoding=\"async\" width=\"1024\" height=\"768\" src=\"http:\/\/www.tvk-gaj.pl\/~gajonline\/wp-content\/uploads\/2021\/03\/P1060110-1024x768.jpg\" alt=\"\" class=\"wp-image-12770\" srcset=\"https:\/\/online.tvk-gaj.pl\/wp-content\/uploads\/2021\/03\/P1060110-1024x768.jpg 1024w, https:\/\/online.tvk-gaj.pl\/wp-content\/uploads\/2021\/03\/P1060110-300x225.jpg 300w, https:\/\/online.tvk-gaj.pl\/wp-content\/uploads\/2021\/03\/P1060110-768x576.jpg 768w, https:\/\/online.tvk-gaj.pl\/wp-content\/uploads\/2021\/03\/P1060110-1536x1152.jpg 1536w, https:\/\/online.tvk-gaj.pl\/wp-content\/uploads\/2021\/03\/P1060110.jpg 2048w\" sizes=\"auto, (max-width: 1024px) 100vw, 1024px\" \/><\/figure>\n\n\n\n<p><\/p>\n\n\n\n<p><\/p>\n\n\n\n<p><\/p>\n\n\n\n<p>Park Skowroni to obszar parkowy o powierzchni ponad 25 hektar\u00f3w, kt\u00f3ry po\u0142o\u017cony jest pomi\u0119dzy osiedlami Gaj, Huby i Borek.<\/p>\n\n\n\n<p><\/p>\n\n\n\n<p><\/p>\n\n\n\n<p><\/p>\n\n\n\n<p><\/p>\n","protected":false},"excerpt":{"rendered":"<p>Wraz ze zbli\u017caj\u0105c\u0105 si\u0119 wiosn\u0105 rozpoczynaj\u0105 si\u0119 pierwsze prace zielone w parkach. Ogrodnicy zacz\u0119li w\u0142a\u015bnie przygotowywanie Parku Skowroniego do nowego sezonu.<\/p>\n","protected":false},"author":1,"featured_media":12769,"comment_status":"open","ping_status":"open","sticky":false,"template":"","format":"standard","meta":{"footnotes":""},"categories":[14,12],"tags":[112,443,442,1438],"class_list":["post-12768","post","type-post","status-publish","format-standard","has-post-thumbnail","hentry","category-aktualnosci","category-artykuly","tag-gaj","tag-park","tag-park-skowroni","tag-park-skowroni-na-gaju"],"_links":{"self":[{"href":"https:\/\/online.tvk-gaj.pl\/index.php?rest_route=\/wp\/v2\/posts\/12768","targetHints":{"allow":["GET"]}}],"collection":[{"href":"https:\/\/online.tvk-gaj.pl\/index.php?rest_route=\/wp\/v2\/posts"}],"about":[{"href":"https:\/\/online.tvk-gaj.pl\/index.php?rest_route=\/wp\/v2\/types\/post"}],"author":[{"embeddable":true,"href":"https:\/\/online.tvk-gaj.pl\/index.php?rest_route=\/wp\/v2\/users\/1"}],"replies":[{"embeddable":true,"href":"https:\/\/online.tvk-gaj.pl\/index.php?rest_route=%2Fwp%2Fv2%2Fcomments&post=12768"}],"version-history":[{"count":2,"href":"https:\/\/online.tvk-gaj.pl\/index.php?rest_route=\/wp\/v2\/posts\/12768\/revisions"}],"predecessor-version":[{"id":12772,"href":"https:\/\/online.tvk-gaj.pl\/index.php?rest_route=\/wp\/v2\/posts\/12768\/revisions\/12772"}],"wp:featuredmedia":[{"embeddable":true,"href":"https:\/\/online.tvk-gaj.pl\/index.php?rest_route=\/wp\/v2\/media\/12769"}],"wp:attachment":[{"href":"https:\/\/online.tvk-gaj.pl\/index.php?rest_route=%2Fwp%2Fv2%2Fmedia&parent=12768"}],"wp:term":[{"taxonomy":"category","embeddable":true,"href":"https:\/\/online.tvk-gaj.pl\/index.php?rest_route=%2Fwp%2Fv2%2Fcategories&post=12768"},{"taxonomy":"post_tag","embeddable":true,"href":"https:\/\/online.tvk-gaj.pl\/index.php?rest_route=%2Fwp%2Fv2%2Ftags&post=12768"}],"curies":[{"name":"wp","href":"https:\/\/api.w.org\/{rel}","templated":true}]}}