{"id":1277,"date":"2013-06-05T14:24:46","date_gmt":"2013-06-05T12:24:46","guid":{"rendered":"http:\/\/www.tvk-gaj.pl\/~gajonline\/?p=1277"},"modified":"2013-06-05T14:26:02","modified_gmt":"2013-06-05T12:26:02","slug":"uroczyste-slubowanie-radnych-osiedlowych","status":"publish","type":"post","link":"https:\/\/online.tvk-gaj.pl\/?p=1277","title":{"rendered":"Uroczyste \u015blubowanie Radnych osiedlowych"},"content":{"rendered":"<p>W miniony wtorek, 4 czerwca, nowo wybrani Radni Osiedla Gaj (oraz innych wroc\u0142awskich osiedli) uroczy\u015bcie rozpocz\u0119li pe\u0142nienie mandatu radnego. W Sali Sesyjnej Rady Miejskiej Wroc\u0142awia odby\u0142o si\u0119 uroczyste \u015blubowanie radnych oraz oficjalne rozpocz\u0119cie kadencji 2013-2017.<!--more--><\/p>\n<p>Podczas uroczysto\u015bci, kt\u00f3ra odby\u0142a si\u0119 w Sali Sesyjnej Rady Miejskiej Wroc\u0142awia o godzinie 14:30 opr\u00f3cz radnych osiedla Gaj, byli r\u00f3wnie\u017c radni s\u0105siednich Wojszyc oraz \u017bernik. Na oficjalnym spotkaniu odby\u0142o si\u0119 \u015blubowanie radnych, kt\u00f3re rozpoczyna pe\u0142nienie mandatu. Tekst \u015blubowania brzmi:<\/p>\n<blockquote><p>\u201e<b>Wierny Konstytucji i prawu Rzeczypospolitej Polskiej, \u015blubuj\u0119 uroczy\u015bcie obowi\u0105zki radnego sprawowa\u0107 godnie, rzetelnie i uczciwie, maj\u0105c na wzgl\u0119dzie dobro mojej gminy i jej mieszka\u0144c\u00f3w&#8221;<\/b><\/p><\/blockquote>\n<p>&nbsp;<\/p>\n<p>\u015alubowanie odbywa si\u0119 w ten spos\u00f3b, \u017ce po odczytaniu przez Przewodnicz\u0105cego Rady Miejskiej roty \u015blubowania wywo\u0142ani kolejno Radni powstaj\u0105 i wypowiadaj\u0105 s\u0142owo\u00a0\u00a0\u201e \u015alubuj\u0119\u00a0&#8222;.\u00a0\u015alubowanie mo\u017ce by\u0107 z\u0142o\u017cone z dodaniem zdania \u201e tak mi dopom\u00f3\u017c B\u00f3g\u201d.<\/p>\n<p>&nbsp;<\/p>\n<p>Po \u015blubowaniu Radni wybrali przewodnicz\u0105cego Rady Osiedla oraz zast\u0119pce przewodnicz\u0105cego. W tajnym g\u0142osowaniu wybrani zostali:<\/p>\n<p>Przewodnicz\u0105cy Rady Osiedla Gaj &#8211; Pan Adam Wojtaszewski.<\/p>\n<p>Zast\u0119pca Przewodnicz\u0105cego Rady Osiedla Gaj &#8211; Pan Mieczys\u0142aw \u0141ukaszuk.<\/p>\n<p>&nbsp;<\/p>\n<p>Od tego momentu Rada Osiedla Gaj rozpoczyna swoj\u0105 dzia\u0142alno\u015b\u0107 w kadencji 2013-2017.<\/p>\n<p>W sk\u0142ad Rady wchodzi 21 radnych, reprezentuj\u0105cych 3 okr\u0119gi wyborcze na terenie Gaju.<\/p>\n<p>&nbsp;<\/p>\n<p><strong>Fotorelacja z uroczysto\u015bci<\/strong><\/p>\n<p>[nggallery id=24]<\/p>\n<p>&nbsp;<\/p>\n<p>&nbsp;<\/p>\n","protected":false},"excerpt":{"rendered":"<p>W miniony wtorek, 4 czerwca, nowo wybrani Radni Osiedla Gaj (oraz innych wroc\u0142awskich osiedli) uroczy\u015bcie rozpocz\u0119li pe\u0142nienie mandatu radnego. W Sali Sesyjnej Rady Miejskiej Wroc\u0142awia odby\u0142o si\u0119 uroczyste \u015blubowanie radnych oraz oficjalne rozpocz\u0119cie kadencji 2013-2017.<\/p>\n","protected":false},"author":1,"featured_media":1278,"comment_status":"open","ping_status":"open","sticky":false,"template":"","format":"standard","meta":{"footnotes":""},"categories":[14,12],"tags":[80],"class_list":["post-1277","post","type-post","status-publish","format-standard","has-post-thumbnail","hentry","category-aktualnosci","category-artykuly","tag-slubowanie-radnych-osiedlowych-rada-osiedla-gaj"],"_links":{"self":[{"href":"https:\/\/online.tvk-gaj.pl\/index.php?rest_route=\/wp\/v2\/posts\/1277","targetHints":{"allow":["GET"]}}],"collection":[{"href":"https:\/\/online.tvk-gaj.pl\/index.php?rest_route=\/wp\/v2\/posts"}],"about":[{"href":"https:\/\/online.tvk-gaj.pl\/index.php?rest_route=\/wp\/v2\/types\/post"}],"author":[{"embeddable":true,"href":"https:\/\/online.tvk-gaj.pl\/index.php?rest_route=\/wp\/v2\/users\/1"}],"replies":[{"embeddable":true,"href":"https:\/\/online.tvk-gaj.pl\/index.php?rest_route=%2Fwp%2Fv2%2Fcomments&post=1277"}],"version-history":[{"count":3,"href":"https:\/\/online.tvk-gaj.pl\/index.php?rest_route=\/wp\/v2\/posts\/1277\/revisions"}],"predecessor-version":[{"id":1281,"href":"https:\/\/online.tvk-gaj.pl\/index.php?rest_route=\/wp\/v2\/posts\/1277\/revisions\/1281"}],"wp:featuredmedia":[{"embeddable":true,"href":"https:\/\/online.tvk-gaj.pl\/index.php?rest_route=\/wp\/v2\/media\/1278"}],"wp:attachment":[{"href":"https:\/\/online.tvk-gaj.pl\/index.php?rest_route=%2Fwp%2Fv2%2Fmedia&parent=1277"}],"wp:term":[{"taxonomy":"category","embeddable":true,"href":"https:\/\/online.tvk-gaj.pl\/index.php?rest_route=%2Fwp%2Fv2%2Fcategories&post=1277"},{"taxonomy":"post_tag","embeddable":true,"href":"https:\/\/online.tvk-gaj.pl\/index.php?rest_route=%2Fwp%2Fv2%2Ftags&post=1277"}],"curies":[{"name":"wp","href":"https:\/\/api.w.org\/{rel}","templated":true}]}}