{"id":12773,"date":"2021-03-22T20:55:14","date_gmt":"2021-03-22T19:55:14","guid":{"rendered":"http:\/\/www.tvk-gaj.pl\/~gajonline\/?p=12773"},"modified":"2021-03-22T20:59:47","modified_gmt":"2021-03-22T19:59:47","slug":"30-lat-samorzadu-osiedli-we-wroclawiu","status":"publish","type":"post","link":"https:\/\/online.tvk-gaj.pl\/?p=12773","title":{"rendered":"30 lat samorz\u0105du osiedlowego we Wroc\u0142awiu"},"content":{"rendered":"\n<p>Mija 30 lat od powstania pierwszych we Wroc\u0142awiu rad osiedli. Korzystaj\u0105c z okazji zach\u0119camy do lektury ciekawego artyku\u0142u po\u015bwi\u0119conego historii wroc\u0142awskiej samorz\u0105dno\u015bci. <\/p>\n\n\n\n<!--more-->\n\n\n\n<p><\/p>\n\n\n\n<p><\/p>\n\n\n\n<figure class=\"wp-block-image size-large\"><img loading=\"lazy\" decoding=\"async\" width=\"768\" height=\"1024\" src=\"http:\/\/www.tvk-gaj.pl\/~gajonline\/wp-content\/uploads\/2021\/03\/PB200019-768x1024.jpg\" alt=\"\" class=\"wp-image-12776\" srcset=\"https:\/\/online.tvk-gaj.pl\/wp-content\/uploads\/2021\/03\/PB200019-768x1024.jpg 768w, https:\/\/online.tvk-gaj.pl\/wp-content\/uploads\/2021\/03\/PB200019-225x300.jpg 225w, https:\/\/online.tvk-gaj.pl\/wp-content\/uploads\/2021\/03\/PB200019-1152x1536.jpg 1152w, https:\/\/online.tvk-gaj.pl\/wp-content\/uploads\/2021\/03\/PB200019-1536x2048.jpg 1536w, https:\/\/online.tvk-gaj.pl\/wp-content\/uploads\/2021\/03\/PB200019-scaled.jpg 1920w\" sizes=\"auto, (max-width: 768px) 100vw, 768px\" \/><\/figure>\n\n\n\n<p><\/p>\n\n\n\n<p><\/p>\n\n\n\n<blockquote class=\"wp-block-quote is-layout-flow wp-block-quote-is-layout-flow\"><p>30 lat samorz\u0105du osiedlowego we Wroc\u0142awiu:<\/p><cite>30 lat temu powsta\u0142y wroc\u0142awskie osiedla. Wroc\u0142aw jako pierwsze z miast w Polsce zadecydowa\u0142 o utworzeniu gminnych jednostek pomocniczych. Uchwa\u0142\u0119 w sprawie podzia\u0142u miasta na osiedla Rada Miejska Wroc\u0142awia przyj\u0119\u0142a 20 marca 1991 roku.<\/cite><\/blockquote>\n\n\n\n<p><\/p>\n\n\n\n<p>Wi\u0119cej w artykule Macieja Wo\u0142odko na <a href=\"https:\/\/www.wroclaw.pl\/rozmawia\/30-lat-samorzadu-osiedlowego-we-wroclawiu?fbclid=IwAR15oz4Smb5Et-WeWzDlMtRSKLPIERGtzncknRFmjWRp2BP3CQvLx9e0m00\" data-type=\"URL\" data-id=\"https:\/\/www.wroclaw.pl\/rozmawia\/30-lat-samorzadu-osiedlowego-we-wroclawiu?fbclid=IwAR15oz4Smb5Et-WeWzDlMtRSKLPIERGtzncknRFmjWRp2BP3CQvLx9e0m00\" target=\"_blank\" rel=\"noreferrer noopener\">stronie internetowej Wroc\u0142awia.<\/a><\/p>\n\n\n\n<p><\/p>\n\n\n\n<p><\/p>\n\n\n\n<p><\/p>\n\n\n\n<p><\/p>\n\n\n\n<p><\/p>\n\n\n\n<p><\/p>\n\n\n\n<p>Cieszymy si\u0119, \u017ce idea samorz\u0105dno\u015bci i spo\u0142ecze\u0144stwa obywatelskiego dzia\u0142a i zmienia nasze osiedle od ponad 30 lat. Dzi\u0119kujemy, \u017ce razem mo\u017cemy tworzy\u0107 histori\u0119! <\/p>\n\n\n\n<p><\/p>\n\n\n\n<p><\/p>\n\n\n\n<p><\/p>\n\n\n\n<p><\/p>\n","protected":false},"excerpt":{"rendered":"<p>Mija 30 lat od powstania pierwszych we Wroc\u0142awiu rad osiedli. Korzystaj\u0105c z okazji zach\u0119camy do lektury ciekawego artyku\u0142u po\u015bwi\u0119conego historii wroc\u0142awskiej samorz\u0105dno\u015bci.<\/p>\n","protected":false},"author":1,"featured_media":12778,"comment_status":"open","ping_status":"open","sticky":false,"template":"","format":"standard","meta":{"footnotes":""},"categories":[14],"tags":[1442,1440,135,1441],"class_list":["post-12773","post","type-post","status-publish","format-standard","has-post-thumbnail","hentry","category-aktualnosci","tag-30-lat-samorzadu-osiedlowego-we-wroclawiu","tag-30-lat-samorzadu-we-wroclawiu-historia-rad-osiedli-we-wroclawiu","tag-rada-osiedla-gaj","tag-rady-osiedli-wroclaw"],"_links":{"self":[{"href":"https:\/\/online.tvk-gaj.pl\/index.php?rest_route=\/wp\/v2\/posts\/12773","targetHints":{"allow":["GET"]}}],"collection":[{"href":"https:\/\/online.tvk-gaj.pl\/index.php?rest_route=\/wp\/v2\/posts"}],"about":[{"href":"https:\/\/online.tvk-gaj.pl\/index.php?rest_route=\/wp\/v2\/types\/post"}],"author":[{"embeddable":true,"href":"https:\/\/online.tvk-gaj.pl\/index.php?rest_route=\/wp\/v2\/users\/1"}],"replies":[{"embeddable":true,"href":"https:\/\/online.tvk-gaj.pl\/index.php?rest_route=%2Fwp%2Fv2%2Fcomments&post=12773"}],"version-history":[{"count":7,"href":"https:\/\/online.tvk-gaj.pl\/index.php?rest_route=\/wp\/v2\/posts\/12773\/revisions"}],"predecessor-version":[{"id":12784,"href":"https:\/\/online.tvk-gaj.pl\/index.php?rest_route=\/wp\/v2\/posts\/12773\/revisions\/12784"}],"wp:featuredmedia":[{"embeddable":true,"href":"https:\/\/online.tvk-gaj.pl\/index.php?rest_route=\/wp\/v2\/media\/12778"}],"wp:attachment":[{"href":"https:\/\/online.tvk-gaj.pl\/index.php?rest_route=%2Fwp%2Fv2%2Fmedia&parent=12773"}],"wp:term":[{"taxonomy":"category","embeddable":true,"href":"https:\/\/online.tvk-gaj.pl\/index.php?rest_route=%2Fwp%2Fv2%2Fcategories&post=12773"},{"taxonomy":"post_tag","embeddable":true,"href":"https:\/\/online.tvk-gaj.pl\/index.php?rest_route=%2Fwp%2Fv2%2Ftags&post=12773"}],"curies":[{"name":"wp","href":"https:\/\/api.w.org\/{rel}","templated":true}]}}