{"id":12785,"date":"2021-04-01T21:18:00","date_gmt":"2021-04-01T19:18:00","guid":{"rendered":"http:\/\/www.tvk-gaj.pl\/~gajonline\/?p=12785"},"modified":"2021-04-07T20:57:59","modified_gmt":"2021-04-07T18:57:59","slug":"zdrowych-i-spokojnych-swiat-wielkiej-nocy","status":"publish","type":"post","link":"https:\/\/online.tvk-gaj.pl\/?p=12785","title":{"rendered":"Zdrowych i spokojnych \u015awi\u0105t Wielkiej Nocy"},"content":{"rendered":"\n<p>Z okazji nadchodz\u0105cych \u015awi\u0105t Zmartwychwstania Pa\u0144skiego sk\u0142adamy wszystkim naszym Czytelnikom oraz mieszka\u0144com i sympatykom Gaju najserdeczniejsze \u017cyczenia zdrowych, spokojnych i pe\u0142nych mi\u0142o\u015bci \u015awi\u0105t Wielkiej Nocy.<\/p>\n\n\n\n<!--more-->\n\n\n\n<p><\/p>\n\n\n\n<p><\/p>\n\n\n\n<figure class=\"wp-block-image size-large\"><img loading=\"lazy\" decoding=\"async\" width=\"1024\" height=\"640\" src=\"http:\/\/www.tvk-gaj.pl\/~gajonline\/wp-content\/uploads\/2013\/03\/wielkanoc-1024x640.jpg\" alt=\"\" class=\"wp-image-817\" srcset=\"https:\/\/online.tvk-gaj.pl\/wp-content\/uploads\/2013\/03\/wielkanoc-1024x640.jpg 1024w, https:\/\/online.tvk-gaj.pl\/wp-content\/uploads\/2013\/03\/wielkanoc-300x187.jpg 300w, https:\/\/online.tvk-gaj.pl\/wp-content\/uploads\/2013\/03\/wielkanoc.jpg 1280w\" sizes=\"auto, (max-width: 1024px) 100vw, 1024px\" \/><\/figure>\n\n\n\n<p><\/p>\n\n\n\n<p><\/p>\n\n\n\n<p>Niech ten szczeg\u00f3lny i wyj\u0105tkowy w tym roku czas &#8211; r\u00f3wnie\u017c pandemii i obowi\u0105zuj\u0105cych obostrze\u0144 sanitarnych &#8211; up\u0142ynie nam w atmosferze nadziei, spokoju i wiary towarzysz\u0105cym Zmartwychwstaniu Jezusa Chrystusa.  <br><br>Jako Rada Osiedla apelujemy te\u017c do wszystkich mieszka\u0144c\u00f3w o pozostanie w domach, ograniczenie spotka\u0144 rodzinnych i przestrzeganie zalece\u0144 s\u0142u\u017cb i w\u0142adz.  <br><\/p>\n\n\n\n<p>&nbsp;<br><strong>Adam Wojtaszewski &#8211; Przewodnicz\u0105cy Rady Osiedla Gaj<\/strong><\/p>\n\n\n\n<p><\/p>\n\n\n\n<p><\/p>\n\n\n\n<p><\/p>\n","protected":false},"excerpt":{"rendered":"<p>Z okazji nadchodz\u0105cych \u015awi\u0105t Zmartwychwstania Pa\u0144skiego sk\u0142adamy wszystkim naszym Czytelnikom oraz mieszka\u0144com i sympatykom Gaju najserdeczniejsze \u017cyczenia zdrowych, spokojnych i pe\u0142nych mi\u0142o\u015bci \u015awi\u0105t Wielkiej Nocy.<\/p>\n","protected":false},"author":1,"featured_media":817,"comment_status":"open","ping_status":"open","sticky":false,"template":"","format":"standard","meta":{"footnotes":""},"categories":[14],"tags":[135,256],"class_list":["post-12785","post","type-post","status-publish","format-standard","has-post-thumbnail","hentry","category-aktualnosci","tag-rada-osiedla-gaj","tag-wielkanoc"],"_links":{"self":[{"href":"https:\/\/online.tvk-gaj.pl\/index.php?rest_route=\/wp\/v2\/posts\/12785","targetHints":{"allow":["GET"]}}],"collection":[{"href":"https:\/\/online.tvk-gaj.pl\/index.php?rest_route=\/wp\/v2\/posts"}],"about":[{"href":"https:\/\/online.tvk-gaj.pl\/index.php?rest_route=\/wp\/v2\/types\/post"}],"author":[{"embeddable":true,"href":"https:\/\/online.tvk-gaj.pl\/index.php?rest_route=\/wp\/v2\/users\/1"}],"replies":[{"embeddable":true,"href":"https:\/\/online.tvk-gaj.pl\/index.php?rest_route=%2Fwp%2Fv2%2Fcomments&post=12785"}],"version-history":[{"count":2,"href":"https:\/\/online.tvk-gaj.pl\/index.php?rest_route=\/wp\/v2\/posts\/12785\/revisions"}],"predecessor-version":[{"id":12787,"href":"https:\/\/online.tvk-gaj.pl\/index.php?rest_route=\/wp\/v2\/posts\/12785\/revisions\/12787"}],"wp:featuredmedia":[{"embeddable":true,"href":"https:\/\/online.tvk-gaj.pl\/index.php?rest_route=\/wp\/v2\/media\/817"}],"wp:attachment":[{"href":"https:\/\/online.tvk-gaj.pl\/index.php?rest_route=%2Fwp%2Fv2%2Fmedia&parent=12785"}],"wp:term":[{"taxonomy":"category","embeddable":true,"href":"https:\/\/online.tvk-gaj.pl\/index.php?rest_route=%2Fwp%2Fv2%2Fcategories&post=12785"},{"taxonomy":"post_tag","embeddable":true,"href":"https:\/\/online.tvk-gaj.pl\/index.php?rest_route=%2Fwp%2Fv2%2Ftags&post=12785"}],"curies":[{"name":"wp","href":"https:\/\/api.w.org\/{rel}","templated":true}]}}