{"id":12798,"date":"2021-04-07T20:57:18","date_gmt":"2021-04-07T18:57:18","guid":{"rendered":"http:\/\/www.tvk-gaj.pl\/~gajonline\/?p=12798"},"modified":"2021-04-07T20:57:23","modified_gmt":"2021-04-07T18:57:23","slug":"ogloszenie-o-przetargu-ul-dzialkowa-swieradowska-dz-7-56","status":"publish","type":"post","link":"https:\/\/online.tvk-gaj.pl\/?p=12798","title":{"rendered":"Og\u0142oszenie o przetargu: ul. Dzia\u0142kowa\/\u015awieradowska, dz. 7\/56"},"content":{"rendered":"\n<p>Publikujemy og\u0142oszenie Urz\u0119du Miejskiego na temat sprzeda\u017cy dzia\u0142ki przy skrzy\u017cowaniu ulic \u015awieradowskiej i Dzia\u0142kowej.<\/p>\n\n\n\n<!--more-->\n\n\n\n<p><\/p>\n\n\n\n<p><\/p>\n\n\n\n<p><strong>Dzia\u0142ka nr 7\/56 &#8211; Dzia\u0142kowa\/\u015awieradowska:<\/strong><\/p>\n\n\n\n<p><\/p>\n\n\n\n<p><\/p>\n\n\n\n<div class=\"wp-block-image\"><figure class=\"aligncenter size-large\"><img loading=\"lazy\" decoding=\"async\" width=\"473\" height=\"360\" src=\"http:\/\/www.tvk-gaj.pl\/~gajonline\/wp-content\/uploads\/2021\/04\/Zrzut-ekranu-2021-04-7-o-20.33.02.png\" alt=\"\" class=\"wp-image-12799\" srcset=\"https:\/\/online.tvk-gaj.pl\/wp-content\/uploads\/2021\/04\/Zrzut-ekranu-2021-04-7-o-20.33.02.png 473w, https:\/\/online.tvk-gaj.pl\/wp-content\/uploads\/2021\/04\/Zrzut-ekranu-2021-04-7-o-20.33.02-300x228.png 300w\" sizes=\"auto, (max-width: 473px) 100vw, 473px\" \/><\/figure><\/div>\n\n\n\n<p><\/p>\n\n\n\n<p><\/p>\n\n\n\n<div class=\"wp-block-image\"><figure class=\"aligncenter size-large\"><img loading=\"lazy\" decoding=\"async\" width=\"768\" height=\"488\" src=\"http:\/\/www.tvk-gaj.pl\/~gajonline\/wp-content\/uploads\/2021\/04\/Zrzut-ekranu-2021-04-7-o-20.32.27.png\" alt=\"\" class=\"wp-image-12800\" srcset=\"https:\/\/online.tvk-gaj.pl\/wp-content\/uploads\/2021\/04\/Zrzut-ekranu-2021-04-7-o-20.32.27.png 768w, https:\/\/online.tvk-gaj.pl\/wp-content\/uploads\/2021\/04\/Zrzut-ekranu-2021-04-7-o-20.32.27-300x191.png 300w\" sizes=\"auto, (max-width: 768px) 100vw, 768px\" \/><\/figure><\/div>\n\n\n\n<p><\/p>\n\n\n\n<p><\/p>\n\n\n\n<p><\/p>\n\n\n\n<figure class=\"wp-block-image size-large\"><img loading=\"lazy\" decoding=\"async\" width=\"721\" height=\"1024\" src=\"http:\/\/www.tvk-gaj.pl\/~gajonline\/wp-content\/uploads\/2021\/04\/Zrzut-ekranu-2021-04-7-o-20.31.56-721x1024.png\" alt=\"\" class=\"wp-image-12801\" srcset=\"https:\/\/online.tvk-gaj.pl\/wp-content\/uploads\/2021\/04\/Zrzut-ekranu-2021-04-7-o-20.31.56-721x1024.png 721w, https:\/\/online.tvk-gaj.pl\/wp-content\/uploads\/2021\/04\/Zrzut-ekranu-2021-04-7-o-20.31.56-211x300.png 211w, https:\/\/online.tvk-gaj.pl\/wp-content\/uploads\/2021\/04\/Zrzut-ekranu-2021-04-7-o-20.31.56-768x1091.png 768w, https:\/\/online.tvk-gaj.pl\/wp-content\/uploads\/2021\/04\/Zrzut-ekranu-2021-04-7-o-20.31.56.png 852w\" sizes=\"auto, (max-width: 721px) 100vw, 721px\" \/><\/figure>\n\n\n\n<p><\/p>\n\n\n\n<p>Pe\u0142na tre\u015b\u0107 og\u0142oszenia dost\u0119pna w pliku:<\/p>\n\n\n\n<div class=\"wp-block-file\"><a href=\"http:\/\/www.tvk-gaj.pl\/~gajonline\/wp-content\/uploads\/2021\/04\/e_dzialkowa_sluzeb_of.pdf\">e_dzialkowa_sluzeb_of<\/a><a href=\"http:\/\/www.tvk-gaj.pl\/~gajonline\/wp-content\/uploads\/2021\/04\/e_dzialkowa_sluzeb_of.pdf\" class=\"wp-block-file__button\" download>Pobierz<\/a><\/div>\n\n\n\n<p><\/p>\n\n\n\n<p><\/p>\n\n\n\n<p><\/p>\n","protected":false},"excerpt":{"rendered":"<p>Publikujemy og\u0142oszenie Urz\u0119du Miejskiego na temat sprzeda\u017cy dzia\u0142ki przy skrzy\u017cowaniu ulic \u015awieradowskiej i Dzia\u0142kowej.<\/p>\n","protected":false},"author":1,"featured_media":12799,"comment_status":"open","ping_status":"open","sticky":false,"template":"","format":"standard","meta":{"footnotes":""},"categories":[14],"tags":[251,1447],"class_list":["post-12798","post","type-post","status-publish","format-standard","has-post-thumbnail","hentry","category-aktualnosci","tag-dzialkowa","tag-ogloszenie-o-przetargu-dzialka-swieradowska-dzialkowa"],"_links":{"self":[{"href":"https:\/\/online.tvk-gaj.pl\/index.php?rest_route=\/wp\/v2\/posts\/12798","targetHints":{"allow":["GET"]}}],"collection":[{"href":"https:\/\/online.tvk-gaj.pl\/index.php?rest_route=\/wp\/v2\/posts"}],"about":[{"href":"https:\/\/online.tvk-gaj.pl\/index.php?rest_route=\/wp\/v2\/types\/post"}],"author":[{"embeddable":true,"href":"https:\/\/online.tvk-gaj.pl\/index.php?rest_route=\/wp\/v2\/users\/1"}],"replies":[{"embeddable":true,"href":"https:\/\/online.tvk-gaj.pl\/index.php?rest_route=%2Fwp%2Fv2%2Fcomments&post=12798"}],"version-history":[{"count":2,"href":"https:\/\/online.tvk-gaj.pl\/index.php?rest_route=\/wp\/v2\/posts\/12798\/revisions"}],"predecessor-version":[{"id":12804,"href":"https:\/\/online.tvk-gaj.pl\/index.php?rest_route=\/wp\/v2\/posts\/12798\/revisions\/12804"}],"wp:featuredmedia":[{"embeddable":true,"href":"https:\/\/online.tvk-gaj.pl\/index.php?rest_route=\/wp\/v2\/media\/12799"}],"wp:attachment":[{"href":"https:\/\/online.tvk-gaj.pl\/index.php?rest_route=%2Fwp%2Fv2%2Fmedia&parent=12798"}],"wp:term":[{"taxonomy":"category","embeddable":true,"href":"https:\/\/online.tvk-gaj.pl\/index.php?rest_route=%2Fwp%2Fv2%2Fcategories&post=12798"},{"taxonomy":"post_tag","embeddable":true,"href":"https:\/\/online.tvk-gaj.pl\/index.php?rest_route=%2Fwp%2Fv2%2Ftags&post=12798"}],"curies":[{"name":"wp","href":"https:\/\/api.w.org\/{rel}","templated":true}]}}