{"id":12805,"date":"2021-04-07T21:17:44","date_gmt":"2021-04-07T19:17:44","guid":{"rendered":"http:\/\/www.tvk-gaj.pl\/~gajonline\/?p=12805"},"modified":"2021-04-07T21:17:49","modified_gmt":"2021-04-07T19:17:49","slug":"gdzie-stacje-ladowania-we-wroclawiu-na-gaju","status":"publish","type":"post","link":"https:\/\/online.tvk-gaj.pl\/?p=12805","title":{"rendered":"Gdzie stacje \u0142adowania we Wroc\u0142awiu (na Gaju)?"},"content":{"rendered":"\n<p>Miasto rozpoczyna konsultacje spo\u0142eczne po\u015bwi\u0119cone planom budowy sieci \u0142adowarek dla samochod\u00f3w elektrycznych we Wroc\u0142awiu.<\/p>\n\n\n\n<!--more-->\n\n\n\n<p><\/p>\n\n\n\n<p><\/p>\n\n\n\n<figure class=\"wp-block-image size-large\"><img loading=\"lazy\" decoding=\"async\" width=\"790\" height=\"433\" src=\"http:\/\/www.tvk-gaj.pl\/~gajonline\/wp-content\/uploads\/2021\/04\/stacjeladowania.png\" alt=\"\" class=\"wp-image-12806\" srcset=\"https:\/\/online.tvk-gaj.pl\/wp-content\/uploads\/2021\/04\/stacjeladowania.png 790w, https:\/\/online.tvk-gaj.pl\/wp-content\/uploads\/2021\/04\/stacjeladowania-300x164.png 300w, https:\/\/online.tvk-gaj.pl\/wp-content\/uploads\/2021\/04\/stacjeladowania-768x421.png 768w\" sizes=\"auto, (max-width: 790px) 100vw, 790px\" \/><\/figure>\n\n\n\n<p><\/p>\n\n\n\n<p><\/p>\n\n\n\n<p><\/p>\n\n\n\n<p><strong>IDEA KONSULTACJI<\/strong><\/p>\n\n\n\n<p>Rozw\u00f3j elektromobilno\u015bci oraz popularyzacja samochod\u00f3w elektrycznych stawia przed miastami nowe wyzwania jakim jest m.in. budowa sieci \u0142adowarek dla pojazd\u00f3w zasilanych energi\u0105 elektryczn\u0105. <\/p>\n\n\n\n<p>R\u00f3wnie\u017c\u00a0niedawno uchwalona przez Sejm Ustawa o elektromobilno\u015bci nak\u0142ada na samorz\u0105dy liczne obowi\u0105zki. Wed\u0142ug zawartych w ustawie norm na terenie Wroc\u0142awia funkcjonowa\u0107 powinno ponad 200 punkt\u00f3w \u0142adowania samochod\u00f3w elektrycznych.<\/p>\n\n\n\n<p><\/p>\n\n\n\n<p>Obecnie na terenie miasta dzia\u0142a 137 takich punkt\u00f3w (w tym 44 szybkie \u0142adowarki o du\u017cej mocy). <\/p>\n\n\n\n<p><\/p>\n\n\n\n<p><\/p>\n\n\n\n<figure class=\"wp-block-image size-large\"><img loading=\"lazy\" decoding=\"async\" width=\"1024\" height=\"618\" src=\"http:\/\/www.tvk-gaj.pl\/~gajonline\/wp-content\/uploads\/2021\/04\/mapka-1024x618.png\" alt=\"\" class=\"wp-image-12807\" srcset=\"https:\/\/online.tvk-gaj.pl\/wp-content\/uploads\/2021\/04\/mapka-1024x618.png 1024w, https:\/\/online.tvk-gaj.pl\/wp-content\/uploads\/2021\/04\/mapka-300x181.png 300w, https:\/\/online.tvk-gaj.pl\/wp-content\/uploads\/2021\/04\/mapka-768x464.png 768w, https:\/\/online.tvk-gaj.pl\/wp-content\/uploads\/2021\/04\/mapka.png 1083w\" sizes=\"auto, (max-width: 1024px) 100vw, 1024px\" \/><\/figure>\n\n\n\n<p><\/p>\n\n\n\n<p><\/p>\n\n\n\n<p><strong>NAZWA I PRZEDMIOT KONSULTACJI<\/strong><\/p>\n\n\n\n<p>Plan budowy og\u00f3lnodost\u0119pnych stacji \u0142adowania na obszarze miasta Wroc\u0142awia.<\/p>\n\n\n\n<p><strong>TERMIN KONSULTACJI<\/strong><\/p>\n\n\n\n<p>06.04- 20.05.2021.<\/p>\n\n\n\n<p><strong>PODSTAWA PRAWNA KONSULTACJI<\/strong><\/p>\n\n\n\n<p>Art. 62 ust. 3 ustawy z dnia 11 stycznia 2018 r. o elektromobilno\u015bci i paliwach alternatywnych (Dz. U. z 2021 r., poz. 110 t.j.)<\/p>\n\n\n\n<p><strong>ZAKRES KONSULTACJI<\/strong><\/p>\n\n\n\n<p>Lokalizacje planowanych do wybudowania stacji \u0142adowania pojazd\u00f3w elektrycznych.<\/p>\n\n\n\n<p><strong>STAN AKTUALNY ZAKRESU KONSULTACJI<\/strong><\/p>\n\n\n\n<p>Projekt dokumentu zawiera propozycj\u0119 lokalizacji stacji \u0142adowania.<\/p>\n\n\n\n<p><strong>CEL KONSULTACJI<\/strong><\/p>\n\n\n\n<p>W\u0142\u0105czenie mieszka\u0144c\u00f3w miasta we wsp\u00f3\u0142decydowanie o lokalizacjach, w jakich maj\u0105 powsta\u0107 stacje \u0142adowania pojazd\u00f3w elektrycznych.<\/p>\n\n\n\n<p><strong>EFEKT KONSULTACJI<\/strong><\/p>\n\n\n\n<p>Raport, poprawiony wykaz lokalizacji stacji \u0142adowania.<\/p>\n\n\n\n<p><strong>ADRESACI KONSULTACJI<\/strong><\/p>\n\n\n\n<p>Mieszkanki i mieszka\u0144cy Wroc\u0142awia, przedsi\u0119biorcy, u\u017cytkownicy przestrzeni publicznej, rady osiedli<\/p>\n\n\n\n<p><strong>FORMY I HARMONOGRAM KONSULTACJI<\/strong><\/p>\n\n\n\n<p>E-FORMULARZ OPINII&nbsp;| 06.04- 20.05.2021 | Dost\u0119pny w Biuletynie Informacji Publicznej i w artykule o konsultacjach.<\/p>\n\n\n\n<p><strong>DODATKOWA INFORMACJA<\/strong><\/p>\n\n\n\n<p><a rel=\"noreferrer noopener\" href=\"https:\/\/bip.um.wroc.pl\/artykul\/127\/51097\/gdzie-powstana-nowe-stacje-ladowania-pojazdow-elektrycznych\" target=\"_blank\">Biuletyn Informacji Publicznej UM Wroc\u0142awia<\/a><\/p>\n\n\n\n<p><\/p>\n\n\n\n<p><\/p>\n\n\n\n<p><a rel=\"noreferrer noopener\" href=\"https:\/\/www.wroclaw.pl\/rozmawia\/gdzie-stacje-ladowania-we-wroclawiu\" data-type=\"URL\" data-id=\"https:\/\/www.wroclaw.pl\/rozmawia\/gdzie-stacje-ladowania-we-wroclawiu\" target=\"_blank\">Strona internetowa konsultacji oraz formularza konsultacji<\/a><\/p>\n\n\n\n<p><\/p>\n\n\n\n<p><\/p>\n\n\n\n<div class=\"wp-block-file\"><a href=\"http:\/\/www.tvk-gaj.pl\/~gajonline\/wp-content\/uploads\/2021\/04\/Projekt-planu-budowy-stacji-ladowania.pdf\">Projekt planu rozbudowy sieci \u0142adowarek samochod\u00f3w elektrycznych we Wroc\u0142awiu [PLIK].<\/a><a href=\"http:\/\/www.tvk-gaj.pl\/~gajonline\/wp-content\/uploads\/2021\/04\/Projekt-planu-budowy-stacji-ladowania.pdf\" class=\"wp-block-file__button\" download>Pobierz<\/a><\/div>\n\n\n\n<p><\/p>\n\n\n\n<p><\/p>\n\n\n\n<p><\/p>\n","protected":false},"excerpt":{"rendered":"<p>Miasto rozpoczyna konsultacje spo\u0142eczne po\u015bwi\u0119cone planom budowy sieci \u0142adowarek dla samochod\u00f3w elektrycznych we Wroc\u0142awiu.<\/p>\n","protected":false},"author":1,"featured_media":12806,"comment_status":"open","ping_status":"open","sticky":false,"template":"","format":"standard","meta":{"footnotes":""},"categories":[14],"tags":[1450,601],"class_list":["post-12805","post","type-post","status-publish","format-standard","has-post-thumbnail","hentry","category-aktualnosci","tag-gdzie-stacje-ladowania-we-wroclawiu","tag-konsultacje-spoleczne"],"_links":{"self":[{"href":"https:\/\/online.tvk-gaj.pl\/index.php?rest_route=\/wp\/v2\/posts\/12805","targetHints":{"allow":["GET"]}}],"collection":[{"href":"https:\/\/online.tvk-gaj.pl\/index.php?rest_route=\/wp\/v2\/posts"}],"about":[{"href":"https:\/\/online.tvk-gaj.pl\/index.php?rest_route=\/wp\/v2\/types\/post"}],"author":[{"embeddable":true,"href":"https:\/\/online.tvk-gaj.pl\/index.php?rest_route=\/wp\/v2\/users\/1"}],"replies":[{"embeddable":true,"href":"https:\/\/online.tvk-gaj.pl\/index.php?rest_route=%2Fwp%2Fv2%2Fcomments&post=12805"}],"version-history":[{"count":2,"href":"https:\/\/online.tvk-gaj.pl\/index.php?rest_route=\/wp\/v2\/posts\/12805\/revisions"}],"predecessor-version":[{"id":12810,"href":"https:\/\/online.tvk-gaj.pl\/index.php?rest_route=\/wp\/v2\/posts\/12805\/revisions\/12810"}],"wp:featuredmedia":[{"embeddable":true,"href":"https:\/\/online.tvk-gaj.pl\/index.php?rest_route=\/wp\/v2\/media\/12806"}],"wp:attachment":[{"href":"https:\/\/online.tvk-gaj.pl\/index.php?rest_route=%2Fwp%2Fv2%2Fmedia&parent=12805"}],"wp:term":[{"taxonomy":"category","embeddable":true,"href":"https:\/\/online.tvk-gaj.pl\/index.php?rest_route=%2Fwp%2Fv2%2Fcategories&post=12805"},{"taxonomy":"post_tag","embeddable":true,"href":"https:\/\/online.tvk-gaj.pl\/index.php?rest_route=%2Fwp%2Fv2%2Ftags&post=12805"}],"curies":[{"name":"wp","href":"https:\/\/api.w.org\/{rel}","templated":true}]}}