{"id":12817,"date":"2021-04-25T21:09:00","date_gmt":"2021-04-25T19:09:00","guid":{"rendered":"http:\/\/www.tvk-gaj.pl\/~gajonline\/?p=12817"},"modified":"2021-04-27T22:20:44","modified_gmt":"2021-04-27T20:20:44","slug":"szop-na-gaju","status":"publish","type":"post","link":"https:\/\/online.tvk-gaj.pl\/?p=12817","title":{"rendered":"SZOP na Gaju"},"content":{"rendered":"\n<p>SZOP, czyli samoch\u00f3d zbieraj\u0105cy odpady problemowe, to specjalnie oznakowany bus miejskiej sp\u00f3\u0142ki Ekosystem, kt\u00f3ry kursuje po terenie Wroc\u0142awia zbieraj\u0105cy r\u00f3\u017cnego rodzaju &#8222;odpady problemowe&#8221;. Od kwietnia na trasie SZOPa znalaz\u0142 si\u0119 r\u00f3wnie\u017c Gaj!<\/p>\n\n\n\n<p><\/p>\n\n\n\n<!--more-->\n\n\n\n<p><\/p>\n\n\n\n<p><\/p>\n\n\n\n<figure class=\"wp-block-image size-large\"><img loading=\"lazy\" decoding=\"async\" width=\"716\" height=\"1024\" src=\"http:\/\/www.tvk-gaj.pl\/~gajonline\/wp-content\/uploads\/2021\/04\/Zrzut-ekranu-2021-04-22-o-21.31.49-716x1024.png\" alt=\"\" class=\"wp-image-12823\" srcset=\"https:\/\/online.tvk-gaj.pl\/wp-content\/uploads\/2021\/04\/Zrzut-ekranu-2021-04-22-o-21.31.49-716x1024.png 716w, https:\/\/online.tvk-gaj.pl\/wp-content\/uploads\/2021\/04\/Zrzut-ekranu-2021-04-22-o-21.31.49-210x300.png 210w, https:\/\/online.tvk-gaj.pl\/wp-content\/uploads\/2021\/04\/Zrzut-ekranu-2021-04-22-o-21.31.49-768x1098.png 768w, https:\/\/online.tvk-gaj.pl\/wp-content\/uploads\/2021\/04\/Zrzut-ekranu-2021-04-22-o-21.31.49.png 846w\" sizes=\"auto, (max-width: 716px) 100vw, 716px\" \/><\/figure>\n\n\n\n<p><\/p>\n\n\n\n<p><\/p>\n\n\n\n<p><\/p>\n\n\n\n<p><\/p>\n\n\n\n<p><strong>Czym jest SZOP?<\/strong><\/p>\n\n\n\n<p><\/p>\n\n\n\n<p><\/p>\n\n\n\n<p>SZOPy to specjalnie oznakowane busy nale\u017c\u0105ce do miejskiej sp\u00f3\u0142ki Ekosystem, je\u017cd\u017c\u0105ce po terenie miasta, kt\u00f3re bezp\u0142atnie odbieraj\u0105 od mieszka\u0144c\u00f3w odpady problematyczne.<\/p>\n\n\n\n<p>Samochody zbieraj\u0105ce odpady problemowe pojawi\u0142y si\u0119 we Wroc\u0142awiu na pocz\u0105tku stycznia b.r. <\/p>\n\n\n\n<p>Jak podaje Ekosystem w pierwszym kwartale tego roku do SZOP\u00f3w dostarczono ponad 20 ton odpad\u00f3w.<\/p>\n\n\n\n<p><\/p>\n\n\n\n<p><\/p>\n\n\n\n<blockquote class=\"wp-block-quote is-layout-flow wp-block-quote-is-layout-flow\"><p>Bartosz Ma\u0142ysa, Prezes Zarz\u0105du Ekosystem Sp. z o.o.:<\/p><cite>\u2013 Chcemy w ten spos\u00f3b pom\u00f3c wroc\u0142awianom, aby nie musieli przywozi\u0107 swoich k\u0142opotliwych odpad\u00f3w na ul. Michalczyka lub Janowsk\u0105, gdzie znajduj\u0105 si\u0119 nasze punkty selektywnego zbierania odpad\u00f3w komunalnych.<\/cite><\/blockquote>\n\n\n\n<p><\/p>\n\n\n\n<p><\/p>\n\n\n\n<p><\/p>\n\n\n\n<figure class=\"wp-block-image size-large\"><img loading=\"lazy\" decoding=\"async\" width=\"830\" height=\"425\" src=\"http:\/\/www.tvk-gaj.pl\/~gajonline\/wp-content\/uploads\/2021\/04\/SZOP-2.jpg\" alt=\"\" class=\"wp-image-12820\" srcset=\"https:\/\/online.tvk-gaj.pl\/wp-content\/uploads\/2021\/04\/SZOP-2.jpg 830w, https:\/\/online.tvk-gaj.pl\/wp-content\/uploads\/2021\/04\/SZOP-2-300x154.jpg 300w, https:\/\/online.tvk-gaj.pl\/wp-content\/uploads\/2021\/04\/SZOP-2-768x393.jpg 768w\" sizes=\"auto, (max-width: 830px) 100vw, 830px\" \/><\/figure>\n\n\n\n<p><\/p>\n\n\n\n<p><\/p>\n\n\n\n<p><\/p>\n\n\n\n<p><\/p>\n\n\n\n<p><strong>Co &#8222;je&#8221; SZOP?<\/strong><\/p>\n\n\n\n<p><\/p>\n\n\n\n<p>DO SZOPa mo\u017cna dostarczy\u0107&nbsp;tzw. odpady problemowe, np. drobny sprz\u0119t elektryczny i elektroniczny, \u015bwietl\u00f3wki, i opakowania po farbach, tusze, tonery do drukarek, czy baterie i akumulatory itp.<\/p>\n\n\n\n<p><\/p>\n\n\n\n<p><\/p>\n\n\n\n<figure class=\"wp-block-image size-large\"><img loading=\"lazy\" decoding=\"async\" width=\"1024\" height=\"715\" src=\"http:\/\/www.tvk-gaj.pl\/~gajonline\/wp-content\/uploads\/2021\/04\/Group-35-1024x715.png\" alt=\"\" class=\"wp-image-12822\" srcset=\"https:\/\/online.tvk-gaj.pl\/wp-content\/uploads\/2021\/04\/Group-35-1024x715.png 1024w, https:\/\/online.tvk-gaj.pl\/wp-content\/uploads\/2021\/04\/Group-35-300x210.png 300w, https:\/\/online.tvk-gaj.pl\/wp-content\/uploads\/2021\/04\/Group-35-768x537.png 768w, https:\/\/online.tvk-gaj.pl\/wp-content\/uploads\/2021\/04\/Group-35-1536x1073.png 1536w, https:\/\/online.tvk-gaj.pl\/wp-content\/uploads\/2021\/04\/Group-35.png 1779w\" sizes=\"auto, (max-width: 1024px) 100vw, 1024px\" \/><\/figure>\n\n\n\n<p><\/p>\n\n\n\n<p><\/p>\n\n\n\n<p><\/p>\n\n\n\n<p><\/p>\n\n\n\n<p><strong>Czy SZOP doje\u017cd\u017ca na Gaj?<\/strong><\/p>\n\n\n\n<p>Tak! Od 19 kwietnia Ekosystem rozszerzy\u0142&nbsp;obszar dzia\u0142ania SZOPa r\u00f3wnie\u017c na teren Krzyk\u00f3w (w tym Gaju)  zapewniaj\u0105c w ten spos\u00f3b pe\u0142ne pokrycie miasta. <\/p>\n\n\n\n<p><\/p>\n\n\n\n<p><\/p>\n\n\n\n<figure class=\"wp-block-image size-large\"><img loading=\"lazy\" decoding=\"async\" width=\"881\" height=\"848\" src=\"http:\/\/www.tvk-gaj.pl\/~gajonline\/wp-content\/uploads\/2021\/04\/Zrzut-ekranu-2021-04-12-o-17.04.08.png\" alt=\"\" class=\"wp-image-12821\" srcset=\"https:\/\/online.tvk-gaj.pl\/wp-content\/uploads\/2021\/04\/Zrzut-ekranu-2021-04-12-o-17.04.08.png 881w, https:\/\/online.tvk-gaj.pl\/wp-content\/uploads\/2021\/04\/Zrzut-ekranu-2021-04-12-o-17.04.08-300x289.png 300w, https:\/\/online.tvk-gaj.pl\/wp-content\/uploads\/2021\/04\/Zrzut-ekranu-2021-04-12-o-17.04.08-768x739.png 768w\" sizes=\"auto, (max-width: 881px) 100vw, 881px\" \/><\/figure>\n\n\n\n<p><\/p>\n\n\n\n<p><\/p>\n\n\n\n<p>Map\u0119 i adresy punkt\u00f3w postoju SZOPa znajdziecie na <a rel=\"noreferrer noopener\" href=\"https:\/\/ekosystem.wroc.pl\/segregacja-odpadow\/szop\/\" target=\"_blank\">stronie internetowej Ekosystemu. <\/a><\/p>\n\n\n\n<p><\/p>\n\n\n\n<p><\/p>\n\n\n\n<p><\/p>\n\n\n\n<p><\/p>\n\n\n\n<p><strong>Jak i kiedy pojawia si\u0119 SZOP?<\/strong><\/p>\n\n\n\n<p><\/p>\n\n\n\n<p>Odbi\u00f3r odpad\u00f3w z poszczeg\u00f3lnych osiedli zaplanowany jest na dwa razy w miesi\u0105cu. W ka\u017cdym miejscu postoju SZOPy b\u0119d\u0105 czeka\u0142y na mieszka\u0144c\u00f3w przez dwie godziny. <\/p>\n\n\n\n<p>Dok\u0142adne daty, godziny i miejsca postoj\u00f3w SZOP-\u00f3w podane s\u0105 w harmonogramie znajduj\u0105cym si\u0119 na <a rel=\"noreferrer noopener\" href=\"http:\/\/www.ekosystem.wroc.pl\" data-type=\"URL\" data-id=\"www.ekosystem.wroc.pl\" target=\"_blank\">stronie internetowej sp\u00f3\u0142ki<\/a>. &nbsp;Dok\u0142adny harmonogram mieszka\u0144cy znajd\u0105 te\u017c na ulotkach, kt\u00f3re rozes\u0142ane zosta\u0142y do skrzynek pocztowych mieszka\u0144c\u00f3w Wroc\u0142awia.<\/p>\n\n\n\n<p><\/p>\n\n\n\n<p><\/p>\n\n\n\n<p><\/p>\n\n\n\n<p><\/p>\n\n\n\n<p><\/p>\n\n\n\n<p><\/p>\n\n\n\n<p><strong>Podsumowuj\u0105c, pami\u0119taj, \u017ce SZOP to bus, kt\u00f3ry bezp\u0142atnie odbiera niekt\u00f3re odpady 2 razy w miesi\u0105cu na Gaju!<\/strong><\/p>\n\n\n\n<p><\/p>\n\n\n\n<p><\/p>\n\n\n\n<p><\/p>\n","protected":false},"excerpt":{"rendered":"<p>SZOP, czyli samoch\u00f3d zbieraj\u0105cy odpady problemowe, to specjalnie oznakowany bus miejskiej sp\u00f3\u0142ki Ekosystem, kt\u00f3ry kursuje po terenie Wroc\u0142awia zbieraj\u0105cy r\u00f3\u017cnego rodzaju &#8222;odpady problemowe&#8221;. Od kwietnia na trasie SZOPa znalaz\u0142 si\u0119 r\u00f3wnie\u017c Gaj!<\/p>\n","protected":false},"author":1,"featured_media":12818,"comment_status":"open","ping_status":"open","sticky":false,"template":"","format":"standard","meta":{"footnotes":""},"categories":[14,12],"tags":[112,204,1451,1456],"class_list":["post-12817","post","type-post","status-publish","format-standard","has-post-thumbnail","hentry","category-aktualnosci","category-artykuly","tag-gaj","tag-smieci","tag-szop","tag-wywoz"],"_links":{"self":[{"href":"https:\/\/online.tvk-gaj.pl\/index.php?rest_route=\/wp\/v2\/posts\/12817","targetHints":{"allow":["GET"]}}],"collection":[{"href":"https:\/\/online.tvk-gaj.pl\/index.php?rest_route=\/wp\/v2\/posts"}],"about":[{"href":"https:\/\/online.tvk-gaj.pl\/index.php?rest_route=\/wp\/v2\/types\/post"}],"author":[{"embeddable":true,"href":"https:\/\/online.tvk-gaj.pl\/index.php?rest_route=\/wp\/v2\/users\/1"}],"replies":[{"embeddable":true,"href":"https:\/\/online.tvk-gaj.pl\/index.php?rest_route=%2Fwp%2Fv2%2Fcomments&post=12817"}],"version-history":[{"count":5,"href":"https:\/\/online.tvk-gaj.pl\/index.php?rest_route=\/wp\/v2\/posts\/12817\/revisions"}],"predecessor-version":[{"id":12829,"href":"https:\/\/online.tvk-gaj.pl\/index.php?rest_route=\/wp\/v2\/posts\/12817\/revisions\/12829"}],"wp:featuredmedia":[{"embeddable":true,"href":"https:\/\/online.tvk-gaj.pl\/index.php?rest_route=\/wp\/v2\/media\/12818"}],"wp:attachment":[{"href":"https:\/\/online.tvk-gaj.pl\/index.php?rest_route=%2Fwp%2Fv2%2Fmedia&parent=12817"}],"wp:term":[{"taxonomy":"category","embeddable":true,"href":"https:\/\/online.tvk-gaj.pl\/index.php?rest_route=%2Fwp%2Fv2%2Fcategories&post=12817"},{"taxonomy":"post_tag","embeddable":true,"href":"https:\/\/online.tvk-gaj.pl\/index.php?rest_route=%2Fwp%2Fv2%2Ftags&post=12817"}],"curies":[{"name":"wp","href":"https:\/\/api.w.org\/{rel}","templated":true}]}}