{"id":12834,"date":"2021-06-07T22:43:00","date_gmt":"2021-06-07T20:43:00","guid":{"rendered":"http:\/\/www.tvk-gaj.pl\/~gajonline\/?p=12834"},"modified":"2021-06-14T22:58:05","modified_gmt":"2021-06-14T20:58:05","slug":"zmiana-organizacji-ruchu-na-dlugopolskiej","status":"publish","type":"post","link":"https:\/\/online.tvk-gaj.pl\/?p=12834","title":{"rendered":"Zmiana organizacji ruchu na D\u0142ugopolskiej"},"content":{"rendered":"\n<p>Przypominamy o zmianach w organizacji ruchu na ulicy D\u0142ugopolskiej, zwi\u0105zanej z przebudow\u0105 sieci kanalizacyjnej na tej ulicy.<\/p>\n\n\n\n<p><\/p>\n\n\n\n<p><\/p>\n\n\n\n<p><strong>Publikujemy zg\u0142oszenie firmy Elektrotim dotycz\u0105ce wprowadzenia w dniu 7 czerwca 2021r. zast\u0119pczej organizacji ruchu na ul. D\u0142ugopolskiej. <\/strong><\/p>\n\n\n\n<p><\/p>\n\n\n\n<p><\/p>\n\n\n\n<figure class=\"wp-block-image size-large\"><img loading=\"lazy\" decoding=\"async\" width=\"821\" height=\"747\" src=\"http:\/\/www.tvk-gaj.pl\/~gajonline\/wp-content\/uploads\/2021\/06\/Zrzut-ekranu-2021-06-14-o-22.02.52.png\" alt=\"\" class=\"wp-image-12835\" srcset=\"https:\/\/online.tvk-gaj.pl\/wp-content\/uploads\/2021\/06\/Zrzut-ekranu-2021-06-14-o-22.02.52.png 821w, https:\/\/online.tvk-gaj.pl\/wp-content\/uploads\/2021\/06\/Zrzut-ekranu-2021-06-14-o-22.02.52-300x273.png 300w, https:\/\/online.tvk-gaj.pl\/wp-content\/uploads\/2021\/06\/Zrzut-ekranu-2021-06-14-o-22.02.52-768x699.png 768w\" sizes=\"auto, (max-width: 821px) 100vw, 821px\" \/><\/figure>\n\n\n\n<p><\/p>\n\n\n\n<p><\/p>\n\n\n\n<p><\/p>\n\n\n\n<p><\/p>\n","protected":false},"excerpt":{"rendered":"<p>Przypominamy o zmianach w organizacji ruchu na ulicy D\u0142ugopolskiej, zwi\u0105zanej z przebudow\u0105 sieci kanalizacyjnej na tej ulicy. Publikujemy zg\u0142oszenie firmy Elektrotim dotycz\u0105ce wprowadzenia w dniu 7 czerwca 2021r. zast\u0119pczej organizacji ruchu na ul. D\u0142ugopolskiej.<\/p>\n","protected":false},"author":1,"featured_media":12597,"comment_status":"open","ping_status":"open","sticky":false,"template":"","format":"standard","meta":{"footnotes":""},"categories":[14],"tags":[1457,1459],"class_list":["post-12834","post","type-post","status-publish","format-standard","has-post-thumbnail","hentry","category-aktualnosci","tag-zmiana-organizacji-ruchu","tag-zmiana-organizacji-ruchu-na-dlugopolskiej"],"_links":{"self":[{"href":"https:\/\/online.tvk-gaj.pl\/index.php?rest_route=\/wp\/v2\/posts\/12834","targetHints":{"allow":["GET"]}}],"collection":[{"href":"https:\/\/online.tvk-gaj.pl\/index.php?rest_route=\/wp\/v2\/posts"}],"about":[{"href":"https:\/\/online.tvk-gaj.pl\/index.php?rest_route=\/wp\/v2\/types\/post"}],"author":[{"embeddable":true,"href":"https:\/\/online.tvk-gaj.pl\/index.php?rest_route=\/wp\/v2\/users\/1"}],"replies":[{"embeddable":true,"href":"https:\/\/online.tvk-gaj.pl\/index.php?rest_route=%2Fwp%2Fv2%2Fcomments&post=12834"}],"version-history":[{"count":1,"href":"https:\/\/online.tvk-gaj.pl\/index.php?rest_route=\/wp\/v2\/posts\/12834\/revisions"}],"predecessor-version":[{"id":12836,"href":"https:\/\/online.tvk-gaj.pl\/index.php?rest_route=\/wp\/v2\/posts\/12834\/revisions\/12836"}],"wp:featuredmedia":[{"embeddable":true,"href":"https:\/\/online.tvk-gaj.pl\/index.php?rest_route=\/wp\/v2\/media\/12597"}],"wp:attachment":[{"href":"https:\/\/online.tvk-gaj.pl\/index.php?rest_route=%2Fwp%2Fv2%2Fmedia&parent=12834"}],"wp:term":[{"taxonomy":"category","embeddable":true,"href":"https:\/\/online.tvk-gaj.pl\/index.php?rest_route=%2Fwp%2Fv2%2Fcategories&post=12834"},{"taxonomy":"post_tag","embeddable":true,"href":"https:\/\/online.tvk-gaj.pl\/index.php?rest_route=%2Fwp%2Fv2%2Ftags&post=12834"}],"curies":[{"name":"wp","href":"https:\/\/api.w.org\/{rel}","templated":true}]}}