{"id":12848,"date":"2021-06-20T23:24:35","date_gmt":"2021-06-20T21:24:35","guid":{"rendered":"http:\/\/www.tvk-gaj.pl\/~gajonline\/?p=12848"},"modified":"2021-06-20T23:26:50","modified_gmt":"2021-06-20T21:26:50","slug":"wiosenne-wrosnij-w-gaj-we-wroclaw","status":"publish","type":"post","link":"https:\/\/online.tvk-gaj.pl\/?p=12848","title":{"rendered":"Wiosenne WRO\u015bnij (w Gaj) we WROc\u0142aw"},"content":{"rendered":"\n<p>W sobot\u0119, 19 czerwca, odby\u0142o si\u0119 uroczyste sadzenie drzew w Parku S\u0142onecznym na Gaju w ramach miejskiej akcji &#8222;WRO\u015bnij we WROc\u0142aw&#8221;. Patronami drzew sta\u0142y si\u0119 dzieci urodzone we Wroc\u0142awiu w latach 2020-2021. <\/p>\n\n\n\n<!--more-->\n\n\n\n<p><\/p>\n\n\n\n<p><\/p>\n\n\n\n<p><\/p>\n\n\n\n<p><\/p>\n\n\n\n<figure class=\"wp-block-image size-large\"><img loading=\"lazy\" decoding=\"async\" width=\"1024\" height=\"768\" src=\"http:\/\/www.tvk-gaj.pl\/~gajonline\/wp-content\/uploads\/2021\/06\/IMG_20210619_151926-1-1024x768.jpg\" alt=\"\" class=\"wp-image-12850\" srcset=\"https:\/\/online.tvk-gaj.pl\/wp-content\/uploads\/2021\/06\/IMG_20210619_151926-1-1024x768.jpg 1024w, https:\/\/online.tvk-gaj.pl\/wp-content\/uploads\/2021\/06\/IMG_20210619_151926-1-300x225.jpg 300w, https:\/\/online.tvk-gaj.pl\/wp-content\/uploads\/2021\/06\/IMG_20210619_151926-1-768x576.jpg 768w, https:\/\/online.tvk-gaj.pl\/wp-content\/uploads\/2021\/06\/IMG_20210619_151926-1-1536x1152.jpg 1536w, https:\/\/online.tvk-gaj.pl\/wp-content\/uploads\/2021\/06\/IMG_20210619_151926-1-2048x1536.jpg 2048w\" sizes=\"auto, (max-width: 1024px) 100vw, 1024px\" \/><\/figure>\n\n\n\n<p><\/p>\n\n\n\n<p><\/p>\n\n\n\n<p>W sobot\u0119, 19 czerwca, w Parku S\u0142onecznym na Gaju odby\u0142a si\u0119 plenerowa akcja &#8222;WRO\u015bnij we WROc\u0142aw&#8221;, realizowana przez Wroc\u0142awskie Centrum Rozwoju Spo\u0142ecznego przy wsp\u00f3\u0142pracy z Zarz\u0105dem Zieleni Miejskiej.<\/p>\n\n\n\n<p>W ramach plenerowej imprezy mieszka\u0144cy Wroc\u0142awia mogli zobaczy\u0107 zasadzone specjalnie dla ich dzieci drzewa. <\/p>\n\n\n\n<p><\/p>\n\n\n\n<p><\/p>\n\n\n\n<figure class=\"wp-block-image size-large\"><img loading=\"lazy\" decoding=\"async\" width=\"1024\" height=\"768\" src=\"http:\/\/www.tvk-gaj.pl\/~gajonline\/wp-content\/uploads\/2021\/06\/IMG_20210619_152004-1024x768.jpg\" alt=\"\" class=\"wp-image-12855\" srcset=\"https:\/\/online.tvk-gaj.pl\/wp-content\/uploads\/2021\/06\/IMG_20210619_152004-1024x768.jpg 1024w, https:\/\/online.tvk-gaj.pl\/wp-content\/uploads\/2021\/06\/IMG_20210619_152004-300x225.jpg 300w, https:\/\/online.tvk-gaj.pl\/wp-content\/uploads\/2021\/06\/IMG_20210619_152004-768x576.jpg 768w, https:\/\/online.tvk-gaj.pl\/wp-content\/uploads\/2021\/06\/IMG_20210619_152004-1536x1152.jpg 1536w, https:\/\/online.tvk-gaj.pl\/wp-content\/uploads\/2021\/06\/IMG_20210619_152004-2048x1536.jpg 2048w\" sizes=\"auto, (max-width: 1024px) 100vw, 1024px\" \/><\/figure>\n\n\n\n<p><\/p>\n\n\n\n<p><\/p>\n\n\n\n<p>W Parku S\u0142onecznym, czyli zielonym terenie pomi\u0119dzy ulicami Orzechow\u0105, Krynick\u0105 i Armii Krajowej nasadzono od kwietnia blisko 100 drzew. Honorowymi patronami drzew zosta\u0142y dzieci urodzone we Wroc\u0142awiu w 2020 i 2021 roku. Ka\u017cde drzewko posiada odpowiednie oznaczenie, na kt\u00f3rym mo\u017cna znale\u017a\u0107 imi\u0119 zg\u0142oszonego wcze\u015bniej dziecka.<\/p>\n\n\n\n<p><\/p>\n\n\n\n<p><\/p>\n\n\n\n<figure class=\"wp-block-image size-large\"><img loading=\"lazy\" decoding=\"async\" width=\"1024\" height=\"768\" src=\"http:\/\/www.tvk-gaj.pl\/~gajonline\/wp-content\/uploads\/2021\/06\/IMG_20210619_152345-1024x768.jpg\" alt=\"\" class=\"wp-image-12856\" srcset=\"https:\/\/online.tvk-gaj.pl\/wp-content\/uploads\/2021\/06\/IMG_20210619_152345-1024x768.jpg 1024w, https:\/\/online.tvk-gaj.pl\/wp-content\/uploads\/2021\/06\/IMG_20210619_152345-300x225.jpg 300w, https:\/\/online.tvk-gaj.pl\/wp-content\/uploads\/2021\/06\/IMG_20210619_152345-768x576.jpg 768w, https:\/\/online.tvk-gaj.pl\/wp-content\/uploads\/2021\/06\/IMG_20210619_152345-1536x1152.jpg 1536w, https:\/\/online.tvk-gaj.pl\/wp-content\/uploads\/2021\/06\/IMG_20210619_152345-2048x1536.jpg 2048w\" sizes=\"auto, (max-width: 1024px) 100vw, 1024px\" \/><\/figure>\n\n\n\n<p><\/p>\n\n\n\n<p><\/p>\n\n\n\n<p>Opr\u00f3cz uroczystego sadzenia drzew odby\u0142 si\u0119 mini piknik, na kt\u00f3rym pojawili si\u0119 m.in. MOPS, Zarz\u0105d Zieleni Miejskiej, WCRS. Wroc\u0142awskie Centrum Rozwoju Spo\u0142ecznego przygotowa\u0142o r\u00f3wnie\u017c dodatkowe atrakcje, w tym miejskie gad\u017cety rozdawane uczestnikom &#8222;WRO\u015bnij we WROc\u0142aw&#8221;.  Impreza odby\u0142a si\u0119 w godzinach 15:00-18:00. <\/p>\n\n\n\n<p><\/p>\n\n\n\n<p><\/p>\n\n\n\n<figure class=\"wp-block-image size-large\"><img loading=\"lazy\" decoding=\"async\" width=\"1024\" height=\"768\" src=\"http:\/\/www.tvk-gaj.pl\/~gajonline\/wp-content\/uploads\/2021\/06\/IMG_20210619_152707-1024x768.jpg\" alt=\"\" class=\"wp-image-12857\" srcset=\"https:\/\/online.tvk-gaj.pl\/wp-content\/uploads\/2021\/06\/IMG_20210619_152707-1024x768.jpg 1024w, https:\/\/online.tvk-gaj.pl\/wp-content\/uploads\/2021\/06\/IMG_20210619_152707-300x225.jpg 300w, https:\/\/online.tvk-gaj.pl\/wp-content\/uploads\/2021\/06\/IMG_20210619_152707-768x576.jpg 768w, https:\/\/online.tvk-gaj.pl\/wp-content\/uploads\/2021\/06\/IMG_20210619_152707-1536x1152.jpg 1536w, https:\/\/online.tvk-gaj.pl\/wp-content\/uploads\/2021\/06\/IMG_20210619_152707-2048x1536.jpg 2048w\" sizes=\"auto, (max-width: 1024px) 100vw, 1024px\" \/><\/figure>\n\n\n\n<p><\/p>\n\n\n\n<p><\/p>\n\n\n\n<p><\/p>\n\n\n\n<p><strong>Czym jest akcja &#8222;WRO\u015bnij we WROc\u0142aw&#8221;?<\/strong><\/p>\n\n\n\n<p><\/p>\n\n\n\n<blockquote class=\"wp-block-quote is-layout-flow wp-block-quote-is-layout-flow\"><p>Cytuj\u0105c miejsk\u0105 stron\u0119 internetow\u0105 www.wroclaw.pl:<\/p><cite>Akcja przeznaczona by\u0142a dla dzieci urodzonych w latach 2020\u20132021. Ide\u0105 ciesz\u0105cego si\u0119 coraz wi\u0119ksz\u0105 popularno\u015bci\u0105 projektu \u201eWRO\u015bnij we WROc\u0142aw\u201d jest sadzenie drzewek, kt\u00f3rych patronami zostaj\u0105 najm\u0142odsi wroc\u0142awianie, a jednocze\u015bnie zazielenianie miasta. Co roku odbywaj\u0105 si\u0119 dwie edycje \u2013 wiosenna i jesienna. Projekt Wro\u015bnij we Wroc\u0142aw zapocz\u0105tkowany zosta\u0142 w 2017 roku. Od tego czasu ju\u017c ponad 1500 drzewek ma swoich patron\u00f3w, kt\u00f3rymi s\u0105 mali wroc\u0142awianie. Rodzina otrzymuje certyfikat potwierdzaj\u0105cy udzia\u0142 w\u00a0projekcie, a\u00a0tak\u017ce lokalizacj\u0119 drzewka, kt\u00f3re mo\u017ce odwiedza\u0107. Od edycji wiosennej w 2020 r. &#8211; ze wzgl\u0119du na epidemi\u0119 koronawirusa &#8211; sadzenie drzewek odbywa si\u0119 bez udzia\u0142u rodzin.<\/cite><\/blockquote>\n\n\n\n<p><\/p>\n\n\n\n<p><\/p>\n\n\n\n<p><\/p>\n\n\n\n<p><\/p>\n\n\n\n<p><\/p>\n\n\n\n<p><strong>FOTORELACJA Z IMPREZY AUTORSTWA RADNEGO OSIEDLA, WOJCIECHA KURZYJAMSKIEGO:<\/strong><\/p>\n\n\n\n[ngg src=&#8221;galleries&#8221; ids=&#8221;117&#8243; display=&#8221;basic_thumbnail&#8221; thumbnail_crop=&#8221;0&#8243;]\n\n\n\n<p><\/p>\n\n\n\n<p><\/p>\n\n\n\n<p><\/p>\n\n\n\n<p><\/p>\n","protected":false},"excerpt":{"rendered":"<p>W sobot\u0119, 19 czerwca, odby\u0142o si\u0119 uroczyste sadzenie drzew w Parku S\u0142onecznym na Gaju w ramach miejskiej akcji &#8222;WRO\u015bnij we WROc\u0142aw&#8221;. Patronami drzew sta\u0142y si\u0119 dzieci urodzone we Wroc\u0142awiu w latach 2020-2021.<\/p>\n","protected":false},"author":1,"featured_media":12849,"comment_status":"open","ping_status":"open","sticky":false,"template":"","format":"standard","meta":{"footnotes":""},"categories":[14,12],"tags":[778,1461,1460],"class_list":["post-12848","post","type-post","status-publish","format-standard","has-post-thumbnail","hentry","category-aktualnosci","category-artykuly","tag-wcrs","tag-wrosnij-we-wroclaw","tag-wrosnij-wroclaw"],"_links":{"self":[{"href":"https:\/\/online.tvk-gaj.pl\/index.php?rest_route=\/wp\/v2\/posts\/12848","targetHints":{"allow":["GET"]}}],"collection":[{"href":"https:\/\/online.tvk-gaj.pl\/index.php?rest_route=\/wp\/v2\/posts"}],"about":[{"href":"https:\/\/online.tvk-gaj.pl\/index.php?rest_route=\/wp\/v2\/types\/post"}],"author":[{"embeddable":true,"href":"https:\/\/online.tvk-gaj.pl\/index.php?rest_route=\/wp\/v2\/users\/1"}],"replies":[{"embeddable":true,"href":"https:\/\/online.tvk-gaj.pl\/index.php?rest_route=%2Fwp%2Fv2%2Fcomments&post=12848"}],"version-history":[{"count":5,"href":"https:\/\/online.tvk-gaj.pl\/index.php?rest_route=\/wp\/v2\/posts\/12848\/revisions"}],"predecessor-version":[{"id":12862,"href":"https:\/\/online.tvk-gaj.pl\/index.php?rest_route=\/wp\/v2\/posts\/12848\/revisions\/12862"}],"wp:featuredmedia":[{"embeddable":true,"href":"https:\/\/online.tvk-gaj.pl\/index.php?rest_route=\/wp\/v2\/media\/12849"}],"wp:attachment":[{"href":"https:\/\/online.tvk-gaj.pl\/index.php?rest_route=%2Fwp%2Fv2%2Fmedia&parent=12848"}],"wp:term":[{"taxonomy":"category","embeddable":true,"href":"https:\/\/online.tvk-gaj.pl\/index.php?rest_route=%2Fwp%2Fv2%2Fcategories&post=12848"},{"taxonomy":"post_tag","embeddable":true,"href":"https:\/\/online.tvk-gaj.pl\/index.php?rest_route=%2Fwp%2Fv2%2Ftags&post=12848"}],"curies":[{"name":"wp","href":"https:\/\/api.w.org\/{rel}","templated":true}]}}