{"id":12863,"date":"2021-07-01T06:50:00","date_gmt":"2021-07-01T04:50:00","guid":{"rendered":"http:\/\/www.tvk-gaj.pl\/~gajonline\/?p=12863"},"modified":"2021-06-23T22:20:28","modified_gmt":"2021-06-23T20:20:28","slug":"zmiany-w-komunikacji-miejskiej-na-gaju","status":"publish","type":"post","link":"https:\/\/online.tvk-gaj.pl\/?p=12863","title":{"rendered":"Zmiany w komunikacji miejskiej na Gaju"},"content":{"rendered":"\n<p>W ramach zmian w kursowaniu autobus\u00f3w MPK na Gaju pojawi si\u0119 nowa linia autobusowa 903, a autobusy linii 612 pojad\u0105 now\u0105 tras\u0105. Wi\u0119cej o zmianach w dalszej cz\u0119\u015bci artyku\u0142u.<\/p>\n\n\n\n<!--more-->\n\n\n\n<p><\/p>\n\n\n\n<p><\/p>\n\n\n\n<figure class=\"wp-block-image size-large\"><img loading=\"lazy\" decoding=\"async\" width=\"1024\" height=\"425\" src=\"http:\/\/www.tvk-gaj.pl\/~gajonline\/wp-content\/uploads\/2021\/06\/Zrzut-ekranu-2021-06-22-o-21.45.58-1024x425.png\" alt=\"\" class=\"wp-image-12864\" srcset=\"https:\/\/online.tvk-gaj.pl\/wp-content\/uploads\/2021\/06\/Zrzut-ekranu-2021-06-22-o-21.45.58-1024x425.png 1024w, https:\/\/online.tvk-gaj.pl\/wp-content\/uploads\/2021\/06\/Zrzut-ekranu-2021-06-22-o-21.45.58-300x124.png 300w, https:\/\/online.tvk-gaj.pl\/wp-content\/uploads\/2021\/06\/Zrzut-ekranu-2021-06-22-o-21.45.58-768x318.png 768w, https:\/\/online.tvk-gaj.pl\/wp-content\/uploads\/2021\/06\/Zrzut-ekranu-2021-06-22-o-21.45.58-1536x637.png 1536w, https:\/\/online.tvk-gaj.pl\/wp-content\/uploads\/2021\/06\/Zrzut-ekranu-2021-06-22-o-21.45.58.png 1881w\" sizes=\"auto, (max-width: 1024px) 100vw, 1024px\" \/><\/figure>\n\n\n\n<p><\/p>\n\n\n\n<p><\/p>\n\n\n\n<p><strong>Nowa linia autobusowa 903<\/strong><\/p>\n\n\n\n<p><\/p>\n\n\n\n<p><\/p>\n\n\n\n<figure class=\"wp-block-image size-large\"><img loading=\"lazy\" decoding=\"async\" width=\"778\" height=\"497\" src=\"http:\/\/www.tvk-gaj.pl\/~gajonline\/wp-content\/uploads\/2021\/06\/Zrzut-ekranu-2021-06-22-o-21.43.32.png\" alt=\"\" class=\"wp-image-12865\" srcset=\"https:\/\/online.tvk-gaj.pl\/wp-content\/uploads\/2021\/06\/Zrzut-ekranu-2021-06-22-o-21.43.32.png 778w, https:\/\/online.tvk-gaj.pl\/wp-content\/uploads\/2021\/06\/Zrzut-ekranu-2021-06-22-o-21.43.32-300x192.png 300w, https:\/\/online.tvk-gaj.pl\/wp-content\/uploads\/2021\/06\/Zrzut-ekranu-2021-06-22-o-21.43.32-768x491.png 768w\" sizes=\"auto, (max-width: 778px) 100vw, 778px\" \/><\/figure>\n\n\n\n<p><\/p>\n\n\n\n<p><\/p>\n\n\n\n<p><strong>Zmiana trasy lini 612<\/strong><\/p>\n\n\n\n<p><\/p>\n\n\n\n<p><\/p>\n\n\n\n<figure class=\"wp-block-image size-large is-resized\"><img loading=\"lazy\" decoding=\"async\" src=\"http:\/\/www.tvk-gaj.pl\/~gajonline\/wp-content\/uploads\/2021\/06\/Zrzut-ekranu-2021-06-22-o-21.44.20.png\" alt=\"\" class=\"wp-image-12866\" width=\"797\" height=\"366\" srcset=\"https:\/\/online.tvk-gaj.pl\/wp-content\/uploads\/2021\/06\/Zrzut-ekranu-2021-06-22-o-21.44.20.png 797w, https:\/\/online.tvk-gaj.pl\/wp-content\/uploads\/2021\/06\/Zrzut-ekranu-2021-06-22-o-21.44.20-300x138.png 300w, https:\/\/online.tvk-gaj.pl\/wp-content\/uploads\/2021\/06\/Zrzut-ekranu-2021-06-22-o-21.44.20-768x353.png 768w\" sizes=\"auto, (max-width: 797px) 100vw, 797px\" \/><\/figure>\n\n\n\n<p><\/p>\n\n\n\n<figure class=\"wp-block-image size-large\"><img loading=\"lazy\" decoding=\"async\" width=\"761\" height=\"266\" src=\"http:\/\/www.tvk-gaj.pl\/~gajonline\/wp-content\/uploads\/2021\/06\/Zrzut-ekranu-2021-06-22-o-21.44.56.png\" alt=\"\" class=\"wp-image-12867\" srcset=\"https:\/\/online.tvk-gaj.pl\/wp-content\/uploads\/2021\/06\/Zrzut-ekranu-2021-06-22-o-21.44.56.png 761w, https:\/\/online.tvk-gaj.pl\/wp-content\/uploads\/2021\/06\/Zrzut-ekranu-2021-06-22-o-21.44.56-300x105.png 300w\" sizes=\"auto, (max-width: 761px) 100vw, 761px\" \/><\/figure>\n\n\n\n<p><\/p>\n\n\n\n<p><\/p>\n\n\n\n<p><\/p>\n\n\n\n<p><strong>Zmiany w rozk\u0142adach jazdy wejd\u0105 w \u017cycie z dniem 21 sierpnia 2021r.<\/strong><\/p>\n\n\n\n<p><\/p>\n\n\n\n<p><\/p>\n\n\n\n<p><\/p>\n","protected":false},"excerpt":{"rendered":"<p>W ramach zmian w kursowaniu autobus\u00f3w MPK na Gaju pojawi si\u0119 nowa linia autobusowa 903, a autobusy linii 612 pojad\u0105 now\u0105 tras\u0105. Wi\u0119cej o zmianach w dalszej cz\u0119\u015bci artyku\u0142u.<\/p>\n","protected":false},"author":1,"featured_media":7667,"comment_status":"open","ping_status":"open","sticky":false,"template":"","format":"standard","meta":{"footnotes":""},"categories":[14,12],"tags":[1468,156,1469,166],"class_list":["post-12863","post","type-post","status-publish","format-standard","has-post-thumbnail","hentry","category-aktualnosci","category-artykuly","tag-autobusy-na-gaj","tag-mpk","tag-mpk-gaj","tag-osiedle-gaj"],"_links":{"self":[{"href":"https:\/\/online.tvk-gaj.pl\/index.php?rest_route=\/wp\/v2\/posts\/12863","targetHints":{"allow":["GET"]}}],"collection":[{"href":"https:\/\/online.tvk-gaj.pl\/index.php?rest_route=\/wp\/v2\/posts"}],"about":[{"href":"https:\/\/online.tvk-gaj.pl\/index.php?rest_route=\/wp\/v2\/types\/post"}],"author":[{"embeddable":true,"href":"https:\/\/online.tvk-gaj.pl\/index.php?rest_route=\/wp\/v2\/users\/1"}],"replies":[{"embeddable":true,"href":"https:\/\/online.tvk-gaj.pl\/index.php?rest_route=%2Fwp%2Fv2%2Fcomments&post=12863"}],"version-history":[{"count":1,"href":"https:\/\/online.tvk-gaj.pl\/index.php?rest_route=\/wp\/v2\/posts\/12863\/revisions"}],"predecessor-version":[{"id":12868,"href":"https:\/\/online.tvk-gaj.pl\/index.php?rest_route=\/wp\/v2\/posts\/12863\/revisions\/12868"}],"wp:featuredmedia":[{"embeddable":true,"href":"https:\/\/online.tvk-gaj.pl\/index.php?rest_route=\/wp\/v2\/media\/7667"}],"wp:attachment":[{"href":"https:\/\/online.tvk-gaj.pl\/index.php?rest_route=%2Fwp%2Fv2%2Fmedia&parent=12863"}],"wp:term":[{"taxonomy":"category","embeddable":true,"href":"https:\/\/online.tvk-gaj.pl\/index.php?rest_route=%2Fwp%2Fv2%2Fcategories&post=12863"},{"taxonomy":"post_tag","embeddable":true,"href":"https:\/\/online.tvk-gaj.pl\/index.php?rest_route=%2Fwp%2Fv2%2Ftags&post=12863"}],"curies":[{"name":"wp","href":"https:\/\/api.w.org\/{rel}","templated":true}]}}