{"id":12885,"date":"2021-06-30T21:12:20","date_gmt":"2021-06-30T19:12:20","guid":{"rendered":"http:\/\/www.tvk-gaj.pl\/~gajonline\/?p=12885"},"modified":"2021-06-30T21:16:16","modified_gmt":"2021-06-30T19:16:16","slug":"prezydent-wroclawia-z-wizyta-na-gaju","status":"publish","type":"post","link":"https:\/\/online.tvk-gaj.pl\/?p=12885","title":{"rendered":"Prezydent Wroc\u0142awia z wizyt\u0105 na Gaju"},"content":{"rendered":"\n<p>We wtorek, 29 czerwca, Gaj odwiedzi\u0142 Prezydent Wroc\u0142awia Pan Jacek Sutryk. Prezydent spotka\u0142 si\u0119 z radnymi osiedlowymi oraz seniorami osiedla w Klubie Seniora na Gaju.<\/p>\n\n\n\n<!--more-->\n\n\n\n<p><\/p>\n\n\n\n<p><\/p>\n\n\n\n<figure class=\"wp-block-image size-large\"><img loading=\"lazy\" decoding=\"async\" width=\"1024\" height=\"768\" src=\"http:\/\/www.tvk-gaj.pl\/~gajonline\/wp-content\/uploads\/2021\/06\/IMG_6682-1024x768.jpg\" alt=\"\" class=\"wp-image-12887\" srcset=\"https:\/\/online.tvk-gaj.pl\/wp-content\/uploads\/2021\/06\/IMG_6682-1024x768.jpg 1024w, https:\/\/online.tvk-gaj.pl\/wp-content\/uploads\/2021\/06\/IMG_6682-300x225.jpg 300w, https:\/\/online.tvk-gaj.pl\/wp-content\/uploads\/2021\/06\/IMG_6682-768x576.jpg 768w, https:\/\/online.tvk-gaj.pl\/wp-content\/uploads\/2021\/06\/IMG_6682-1536x1152.jpg 1536w, https:\/\/online.tvk-gaj.pl\/wp-content\/uploads\/2021\/06\/IMG_6682-2048x1536.jpg 2048w\" sizes=\"auto, (max-width: 1024px) 100vw, 1024px\" \/><\/figure>\n\n\n\n<p><\/p>\n\n\n\n<p><\/p>\n\n\n\n<p>We wtorek, 29 czerwca, Gaj odwiedzi\u0142\u00a0<a href=\"https:\/\/www.facebook.com\/sutrykjacek?fref=mentions&amp;__xts__%5B0%5D=68.ARDYyZnU_k4jw1pxbwuOeSC-j4uavtCqsv00TzOPkURGCcTBE8Y10qTqLSgXU7d9o1gPz34DehNZM7snJex3gaXM_D9zGbcFy8XjkWhDYoBd6B4r7qzN40mOUMZwIrSK4BVAxBSUoIeMsdc3fyeMtWRpqroF6NUmL0IVYU_enbMfhtMIKg3hiweOWTktHG7JzRxRF2HZxgt-eu1h6hT0l5dI1WR7fpH7-C2B3gNB3VGyDv6PQUc0GtRcpczaHwpLlBUSd7Xhbicx7RRJ3fTg3DAb92kijewgCOJAHBdaFGRRxCKwRxdhBg&amp;__tn__=K-R\">Prezydent Wroc\u0142awia Jacek Sutryk<\/a>. Prezydent spotka\u0142 si\u0119 z radnymi osiedlowymi oraz seniorami osiedla w Klubie Seniora na Gaju. <\/p>\n\n\n\n<p><\/p>\n\n\n\n<p><\/p>\n\n\n\n<figure class=\"wp-block-image size-large\"><img loading=\"lazy\" decoding=\"async\" width=\"1024\" height=\"768\" src=\"http:\/\/www.tvk-gaj.pl\/~gajonline\/wp-content\/uploads\/2021\/06\/IMG_6669-1024x768.jpg\" alt=\"\" class=\"wp-image-12889\" srcset=\"https:\/\/online.tvk-gaj.pl\/wp-content\/uploads\/2021\/06\/IMG_6669-1024x768.jpg 1024w, https:\/\/online.tvk-gaj.pl\/wp-content\/uploads\/2021\/06\/IMG_6669-300x225.jpg 300w, https:\/\/online.tvk-gaj.pl\/wp-content\/uploads\/2021\/06\/IMG_6669-768x576.jpg 768w, https:\/\/online.tvk-gaj.pl\/wp-content\/uploads\/2021\/06\/IMG_6669-1536x1152.jpg 1536w, https:\/\/online.tvk-gaj.pl\/wp-content\/uploads\/2021\/06\/IMG_6669-2048x1536.jpg 2048w\" sizes=\"auto, (max-width: 1024px) 100vw, 1024px\" \/><\/figure>\n\n\n\n<p><\/p>\n\n\n\n<p><\/p>\n\n\n\n<p>Podczas spotkania podsumowano mijaj\u0105ca kadencje RO, porozmawiano o bie\u017c\u0105cych sprawach osiedla i senior\u00f3w. <\/p>\n\n\n\n<p><\/p>\n\n\n\n<p><\/p>\n\n\n\n<figure class=\"wp-block-image size-large\"><img loading=\"lazy\" decoding=\"async\" width=\"1024\" height=\"768\" src=\"http:\/\/www.tvk-gaj.pl\/~gajonline\/wp-content\/uploads\/2021\/06\/IMG_6644-1024x768.jpg\" alt=\"\" class=\"wp-image-12888\" srcset=\"https:\/\/online.tvk-gaj.pl\/wp-content\/uploads\/2021\/06\/IMG_6644-1024x768.jpg 1024w, https:\/\/online.tvk-gaj.pl\/wp-content\/uploads\/2021\/06\/IMG_6644-300x225.jpg 300w, https:\/\/online.tvk-gaj.pl\/wp-content\/uploads\/2021\/06\/IMG_6644-768x576.jpg 768w, https:\/\/online.tvk-gaj.pl\/wp-content\/uploads\/2021\/06\/IMG_6644-1536x1152.jpg 1536w, https:\/\/online.tvk-gaj.pl\/wp-content\/uploads\/2021\/06\/IMG_6644-2048x1536.jpg 2048w\" sizes=\"auto, (max-width: 1024px) 100vw, 1024px\" \/><\/figure>\n\n\n\n<p><\/p>\n\n\n\n<p><\/p>\n\n\n\n<figure class=\"wp-block-image size-large\"><img loading=\"lazy\" decoding=\"async\" width=\"1024\" height=\"768\" src=\"http:\/\/www.tvk-gaj.pl\/~gajonline\/wp-content\/uploads\/2021\/06\/IMG_6650-1024x768.jpg\" alt=\"\" class=\"wp-image-12893\" srcset=\"https:\/\/online.tvk-gaj.pl\/wp-content\/uploads\/2021\/06\/IMG_6650-1024x768.jpg 1024w, https:\/\/online.tvk-gaj.pl\/wp-content\/uploads\/2021\/06\/IMG_6650-300x225.jpg 300w, https:\/\/online.tvk-gaj.pl\/wp-content\/uploads\/2021\/06\/IMG_6650-768x576.jpg 768w, https:\/\/online.tvk-gaj.pl\/wp-content\/uploads\/2021\/06\/IMG_6650-1536x1152.jpg 1536w, https:\/\/online.tvk-gaj.pl\/wp-content\/uploads\/2021\/06\/IMG_6650-2048x1536.jpg 2048w\" sizes=\"auto, (max-width: 1024px) 100vw, 1024px\" \/><\/figure>\n\n\n\n<p><\/p>\n\n\n\n<p><\/p>\n\n\n\n<p>Prezydent z\u0142o\u017cy\u0142 r\u00f3wnie\u017c podzi\u0119kowania za spo\u0142eczn\u0105 prac\u0119 radnych osiedla.<\/p>\n\n\n\n<p><\/p>\n\n\n\n<p><\/p>\n\n\n\n<figure class=\"wp-block-image size-large\"><img loading=\"lazy\" decoding=\"async\" width=\"1024\" height=\"768\" src=\"http:\/\/www.tvk-gaj.pl\/~gajonline\/wp-content\/uploads\/2021\/06\/IMG_6694-1024x768.jpg\" alt=\"\" class=\"wp-image-12890\" srcset=\"https:\/\/online.tvk-gaj.pl\/wp-content\/uploads\/2021\/06\/IMG_6694-1024x768.jpg 1024w, https:\/\/online.tvk-gaj.pl\/wp-content\/uploads\/2021\/06\/IMG_6694-300x225.jpg 300w, https:\/\/online.tvk-gaj.pl\/wp-content\/uploads\/2021\/06\/IMG_6694-768x576.jpg 768w, https:\/\/online.tvk-gaj.pl\/wp-content\/uploads\/2021\/06\/IMG_6694-1536x1152.jpg 1536w, https:\/\/online.tvk-gaj.pl\/wp-content\/uploads\/2021\/06\/IMG_6694-2048x1536.jpg 2048w\" sizes=\"auto, (max-width: 1024px) 100vw, 1024px\" \/><\/figure>\n\n\n\n<p><\/p>\n\n\n\n<p><\/p>\n\n\n\n<p>Podczas spotkania z seniorami osiedla Prezydent wr\u0119czy\u0142 kwiaty oraz podzi\u0119kowa\u0142 za spo\u0142eczne zaanga\u017cowanie przedstawicielom Klubu Seniora na Gaju.<\/p>\n\n\n\n<p><\/p>\n\n\n\n<p><\/p>\n\n\n\n<figure class=\"wp-block-image size-large\"><img loading=\"lazy\" decoding=\"async\" width=\"1024\" height=\"768\" src=\"http:\/\/www.tvk-gaj.pl\/~gajonline\/wp-content\/uploads\/2021\/06\/IMG_6670-1024x768.jpg\" alt=\"\" class=\"wp-image-12891\" srcset=\"https:\/\/online.tvk-gaj.pl\/wp-content\/uploads\/2021\/06\/IMG_6670-1024x768.jpg 1024w, https:\/\/online.tvk-gaj.pl\/wp-content\/uploads\/2021\/06\/IMG_6670-300x225.jpg 300w, https:\/\/online.tvk-gaj.pl\/wp-content\/uploads\/2021\/06\/IMG_6670-768x576.jpg 768w, https:\/\/online.tvk-gaj.pl\/wp-content\/uploads\/2021\/06\/IMG_6670-1536x1152.jpg 1536w, https:\/\/online.tvk-gaj.pl\/wp-content\/uploads\/2021\/06\/IMG_6670-2048x1536.jpg 2048w\" sizes=\"auto, (max-width: 1024px) 100vw, 1024px\" \/><\/figure>\n\n\n\n<p><\/p>\n\n\n\n<p><\/p>\n\n\n\n<p>Podczas spotkania om\u00f3wiono r\u00f3wnie\u017c\u00a0bie\u017c\u0105ce sprawy i potrzeby osiedla.<\/p>\n\n\n\n<p><\/p>\n\n\n\n<p><\/p>\n\n\n\n<figure class=\"wp-block-image size-large\"><img loading=\"lazy\" decoding=\"async\" width=\"1024\" height=\"768\" src=\"http:\/\/www.tvk-gaj.pl\/~gajonline\/wp-content\/uploads\/2021\/06\/IMG_6686-1-1024x768.jpg\" alt=\"\" class=\"wp-image-12892\" srcset=\"https:\/\/online.tvk-gaj.pl\/wp-content\/uploads\/2021\/06\/IMG_6686-1-1024x768.jpg 1024w, https:\/\/online.tvk-gaj.pl\/wp-content\/uploads\/2021\/06\/IMG_6686-1-300x225.jpg 300w, https:\/\/online.tvk-gaj.pl\/wp-content\/uploads\/2021\/06\/IMG_6686-1-768x576.jpg 768w, https:\/\/online.tvk-gaj.pl\/wp-content\/uploads\/2021\/06\/IMG_6686-1-1536x1152.jpg 1536w, https:\/\/online.tvk-gaj.pl\/wp-content\/uploads\/2021\/06\/IMG_6686-1-2048x1536.jpg 2048w\" sizes=\"auto, (max-width: 1024px) 100vw, 1024px\" \/><\/figure>\n\n\n\n<p><\/p>\n\n\n\n<p><\/p>\n\n\n\n<p>Na koniec wizyty Prezydent Wroc\u0142awia zapewni\u0142 o wspieraniu zarz\u0105du osiedla w planach dalszej pracy na rzecz Gaju i jego mieszka\u0144c\u00f3w.\u00a0<\/p>\n\n\n\n<p><\/p>\n\n\n\n<p><\/p>\n\n\n\n<p><strong>FOTORELACJA ZE SPOTKANIA Z PREZYDENTEM WROC\u0141AWIA &#8211; KLUB SENIORA NA GAJU 29.06.2021R.<\/strong><\/p>\n\n\n\n<p><\/p>\n\n\n\n[ngg src=&#8221;galleries&#8221; ids=&#8221;118&#8243; display=&#8221;basic_thumbnail&#8221; thumbnail_crop=&#8221;0&#8243;]\n\n\n\n<p><\/p>\n\n\n\n<p><\/p>\n\n\n\n<p><\/p>\n","protected":false},"excerpt":{"rendered":"<p>We wtorek, 29 czerwca, Gaj odwiedzi\u0142 Prezydent Wroc\u0142awia Pan Jacek Sutryk. Prezydent spotka\u0142 si\u0119 z radnymi osiedlowymi oraz seniorami osiedla w Klubie Seniora na Gaju.<\/p>\n","protected":false},"author":1,"featured_media":12886,"comment_status":"open","ping_status":"open","sticky":false,"template":"","format":"standard","meta":{"footnotes":""},"categories":[14,12],"tags":[293,1471],"class_list":["post-12885","post","type-post","status-publish","format-standard","has-post-thumbnail","hentry","category-aktualnosci","category-artykuly","tag-fotorelacja","tag-prezydent-wroclawia-z-wizyta-na-gaju"],"_links":{"self":[{"href":"https:\/\/online.tvk-gaj.pl\/index.php?rest_route=\/wp\/v2\/posts\/12885","targetHints":{"allow":["GET"]}}],"collection":[{"href":"https:\/\/online.tvk-gaj.pl\/index.php?rest_route=\/wp\/v2\/posts"}],"about":[{"href":"https:\/\/online.tvk-gaj.pl\/index.php?rest_route=\/wp\/v2\/types\/post"}],"author":[{"embeddable":true,"href":"https:\/\/online.tvk-gaj.pl\/index.php?rest_route=\/wp\/v2\/users\/1"}],"replies":[{"embeddable":true,"href":"https:\/\/online.tvk-gaj.pl\/index.php?rest_route=%2Fwp%2Fv2%2Fcomments&post=12885"}],"version-history":[{"count":4,"href":"https:\/\/online.tvk-gaj.pl\/index.php?rest_route=\/wp\/v2\/posts\/12885\/revisions"}],"predecessor-version":[{"id":12900,"href":"https:\/\/online.tvk-gaj.pl\/index.php?rest_route=\/wp\/v2\/posts\/12885\/revisions\/12900"}],"wp:featuredmedia":[{"embeddable":true,"href":"https:\/\/online.tvk-gaj.pl\/index.php?rest_route=\/wp\/v2\/media\/12886"}],"wp:attachment":[{"href":"https:\/\/online.tvk-gaj.pl\/index.php?rest_route=%2Fwp%2Fv2%2Fmedia&parent=12885"}],"wp:term":[{"taxonomy":"category","embeddable":true,"href":"https:\/\/online.tvk-gaj.pl\/index.php?rest_route=%2Fwp%2Fv2%2Fcategories&post=12885"},{"taxonomy":"post_tag","embeddable":true,"href":"https:\/\/online.tvk-gaj.pl\/index.php?rest_route=%2Fwp%2Fv2%2Ftags&post=12885"}],"curies":[{"name":"wp","href":"https:\/\/api.w.org\/{rel}","templated":true}]}}