{"id":12963,"date":"2021-07-23T08:12:00","date_gmt":"2021-07-23T06:12:00","guid":{"rendered":"http:\/\/www.tvk-gaj.pl\/~gajonline\/?p=12963"},"modified":"2021-07-20T22:14:01","modified_gmt":"2021-07-20T20:14:01","slug":"wycieczka-seniorow-z-gaju-do-berlina","status":"publish","type":"post","link":"https:\/\/online.tvk-gaj.pl\/?p=12963","title":{"rendered":"Wycieczka senior\u00f3w z Gaju do Berlina"},"content":{"rendered":"\n<p>W dniach 11-12 lipca odby\u0142a si\u0119 wycieczka senior\u00f3w Osiedla Gaj do Berlina. Wyjazd zorganizowany przez Rad\u0119 Osiedla Gaj umo\u017cliwi\u0142 seniorom z osiedla (w tym zrzeszonym w Klubie Seniora na Gaju) zwiedzanie stolicy Niemiec. <\/p>\n\n\n\n<!--more-->\n\n\n\n<p><\/p>\n\n\n\n<p><\/p>\n\n\n\n<figure class=\"wp-block-image size-large\"><img loading=\"lazy\" decoding=\"async\" width=\"724\" height=\"1024\" src=\"http:\/\/www.tvk-gaj.pl\/~gajonline\/wp-content\/uploads\/2021\/07\/plakat-berlin-2021-gotowe-724x1024.jpg\" alt=\"\" class=\"wp-image-12968\" srcset=\"https:\/\/online.tvk-gaj.pl\/wp-content\/uploads\/2021\/07\/plakat-berlin-2021-gotowe-724x1024.jpg 724w, https:\/\/online.tvk-gaj.pl\/wp-content\/uploads\/2021\/07\/plakat-berlin-2021-gotowe-212x300.jpg 212w, https:\/\/online.tvk-gaj.pl\/wp-content\/uploads\/2021\/07\/plakat-berlin-2021-gotowe-768x1086.jpg 768w, https:\/\/online.tvk-gaj.pl\/wp-content\/uploads\/2021\/07\/plakat-berlin-2021-gotowe-1086x1536.jpg 1086w, https:\/\/online.tvk-gaj.pl\/wp-content\/uploads\/2021\/07\/plakat-berlin-2021-gotowe-1448x2048.jpg 1448w, https:\/\/online.tvk-gaj.pl\/wp-content\/uploads\/2021\/07\/plakat-berlin-2021-gotowe-scaled.jpg 1810w\" sizes=\"auto, (max-width: 724px) 100vw, 724px\" \/><\/figure>\n\n\n\n<p><\/p>\n\n\n\n<p><\/p>\n\n\n\n<p>Celem wyjazdu do Berlina by\u0142o zintegrowanie spo\u0142eczno\u015bci senior\u00f3w z Gaju oraz umo\u017cliwienie im wsp\u00f3lnego sp\u0119dzenia czasu i poznania dziedzictwa historyczno-kulturowego Niemiec.<\/p>\n\n\n\n<p><\/p>\n\n\n\n<p>Wyjazd sfinansowany zosta\u0142 z \u015brodk\u00f3w miejskiego Funduszu Czasu Wolnego, a organizatorem by\u0142a Rada Osiedla Gaj. <\/p>\n\n\n\n<p><\/p>\n\n\n\n<p><\/p>\n\n\n\n<figure class=\"wp-block-image size-large\"><img loading=\"lazy\" decoding=\"async\" width=\"1024\" height=\"768\" src=\"http:\/\/www.tvk-gaj.pl\/~gajonline\/wp-content\/uploads\/2021\/07\/IMG_1251-1024x768.jpg\" alt=\"\" class=\"wp-image-12969\" srcset=\"https:\/\/online.tvk-gaj.pl\/wp-content\/uploads\/2021\/07\/IMG_1251-1024x768.jpg 1024w, https:\/\/online.tvk-gaj.pl\/wp-content\/uploads\/2021\/07\/IMG_1251-300x225.jpg 300w, https:\/\/online.tvk-gaj.pl\/wp-content\/uploads\/2021\/07\/IMG_1251-768x576.jpg 768w, https:\/\/online.tvk-gaj.pl\/wp-content\/uploads\/2021\/07\/IMG_1251-1536x1152.jpg 1536w, https:\/\/online.tvk-gaj.pl\/wp-content\/uploads\/2021\/07\/IMG_1251-2048x1536.jpg 2048w\" sizes=\"auto, (max-width: 1024px) 100vw, 1024px\" \/><\/figure>\n\n\n\n<p><\/p>\n\n\n\n<p><\/p>\n\n\n\n<p><\/p>\n\n\n\n<p>Na wycieczk\u0119 wyjecha\u0142o ponad 30 senior\u00f3w zrzeszonych m.in. w Klubie Seniora na Gaju oraz Polskim Zwi\u0105zku Emeryt\u00f3w, Rencist\u00f3w i Inwalid\u00f3w &#8211; ko\u0142o Gaj.<\/p>\n\n\n\n<p><\/p>\n\n\n\n<p>Ze wzgl\u0119du na bezpiecze\u0144stwo sanitarno-epidemiologiczne liczba uczestnik\u00f3w wyjazdu musia\u0142a zosta\u0107 ograniczona oraz zastosowane zosta\u0142y wszystkie mo\u017cliwe \u015brodki bezpiecze\u0144stwa.<\/p>\n\n\n\n<p><\/p>\n\n\n\n<p><\/p>\n\n\n\n<figure class=\"wp-block-image size-large\"><img loading=\"lazy\" decoding=\"async\" width=\"768\" height=\"1024\" src=\"http:\/\/www.tvk-gaj.pl\/~gajonline\/wp-content\/uploads\/2021\/07\/IMG_20210711_1115342955-768x1024.jpg\" alt=\"\" class=\"wp-image-12970\" srcset=\"https:\/\/online.tvk-gaj.pl\/wp-content\/uploads\/2021\/07\/IMG_20210711_1115342955-768x1024.jpg 768w, https:\/\/online.tvk-gaj.pl\/wp-content\/uploads\/2021\/07\/IMG_20210711_1115342955-225x300.jpg 225w, https:\/\/online.tvk-gaj.pl\/wp-content\/uploads\/2021\/07\/IMG_20210711_1115342955-1152x1536.jpg 1152w, https:\/\/online.tvk-gaj.pl\/wp-content\/uploads\/2021\/07\/IMG_20210711_1115342955-1536x2048.jpg 1536w, https:\/\/online.tvk-gaj.pl\/wp-content\/uploads\/2021\/07\/IMG_20210711_1115342955-scaled.jpg 1920w\" sizes=\"auto, (max-width: 768px) 100vw, 768px\" \/><\/figure>\n\n\n\n<p><\/p>\n\n\n\n<p><\/p>\n\n\n\n<p>Wyjazd przebieg\u0142 w bardzo dobrej atmosferze oraz (po raz kolejny) w pi\u0119knych warunkach pogodowych, co tylko podkre\u015bli\u0142o pi\u0119kno stolicy Niemiec. <\/p>\n\n\n\n<p><\/p>\n\n\n\n<p>G\u0142\u00f3wnym punktem programu by\u0142o zobaczenie Reichstagu oraz Bramy Brandenburskiej. Nast\u0119pnie odby\u0142 si\u0119 spacer i zwiedzanie starego miasta oraz pomniku Pomordowanych \u017byd\u00f3w Europy. Wycieczka zako\u0144czy\u0142a si\u0119 spacerem po parku oraz chwil\u0105 odpoczynku w klimatycznej kawiarni. <\/p>\n\n\n\n<p><\/p>\n\n\n\n<p><\/p>\n\n\n\n<p><\/p>\n\n\n\n<figure class=\"wp-block-image size-large\"><img loading=\"lazy\" decoding=\"async\" width=\"1024\" height=\"954\" src=\"http:\/\/www.tvk-gaj.pl\/~gajonline\/wp-content\/uploads\/2021\/07\/20210711_131700_HDR2982-1024x954.jpg\" alt=\"\" class=\"wp-image-12971\" srcset=\"https:\/\/online.tvk-gaj.pl\/wp-content\/uploads\/2021\/07\/20210711_131700_HDR2982-1024x954.jpg 1024w, https:\/\/online.tvk-gaj.pl\/wp-content\/uploads\/2021\/07\/20210711_131700_HDR2982-300x280.jpg 300w, https:\/\/online.tvk-gaj.pl\/wp-content\/uploads\/2021\/07\/20210711_131700_HDR2982-768x716.jpg 768w, https:\/\/online.tvk-gaj.pl\/wp-content\/uploads\/2021\/07\/20210711_131700_HDR2982-1536x1432.jpg 1536w, https:\/\/online.tvk-gaj.pl\/wp-content\/uploads\/2021\/07\/20210711_131700_HDR2982-2048x1909.jpg 2048w\" sizes=\"auto, (max-width: 1024px) 100vw, 1024px\" \/><\/figure>\n\n\n\n<p><\/p>\n\n\n\n<p><\/p>\n\n\n\n<p>Wracaj\u0105c z Berlina uczestnicy wycieczki przyjechali na nocleg do pi\u0119knego o\u015brodka &#8222;Kormoran&#8221; w Sul\u0119cinie. Podczas wieczornego grilla oraz wsp\u00f3lnego \u015bniadania nast\u0119pnego dnia seniorzy mieli okazj\u0119 do wzajemnej integracji i dzielenia si\u0119\u00a0wra\u017ceniami z wyjazdu.<\/p>\n\n\n\n<p><\/p>\n\n\n\n<p><\/p>\n\n\n\n<figure class=\"wp-block-image size-large\"><img loading=\"lazy\" decoding=\"async\" width=\"1024\" height=\"768\" src=\"http:\/\/www.tvk-gaj.pl\/~gajonline\/wp-content\/uploads\/2021\/07\/20210711_2043232992-1024x768.jpg\" alt=\"\" class=\"wp-image-12973\" srcset=\"https:\/\/online.tvk-gaj.pl\/wp-content\/uploads\/2021\/07\/20210711_2043232992-1024x768.jpg 1024w, https:\/\/online.tvk-gaj.pl\/wp-content\/uploads\/2021\/07\/20210711_2043232992-300x225.jpg 300w, https:\/\/online.tvk-gaj.pl\/wp-content\/uploads\/2021\/07\/20210711_2043232992-768x576.jpg 768w, https:\/\/online.tvk-gaj.pl\/wp-content\/uploads\/2021\/07\/20210711_2043232992-1536x1152.jpg 1536w, https:\/\/online.tvk-gaj.pl\/wp-content\/uploads\/2021\/07\/20210711_2043232992-2048x1536.jpg 2048w\" sizes=\"auto, (max-width: 1024px) 100vw, 1024px\" \/><\/figure>\n\n\n\n<p><\/p>\n\n\n\n<p><\/p>\n\n\n\n<p>Ostatnim punktem programu by\u0142o zwiedzenie \u0141agowa. Malownicza miejscowo\u015b\u0107 sta\u0142a si\u0119 idealn\u0105 sceneri\u0105 na grupowy spacer i rekreacje na \u0142onie przyrody.<\/p>\n\n\n\n<p><\/p>\n\n\n\n<p><\/p>\n\n\n\n<figure class=\"wp-block-image size-large\"><img loading=\"lazy\" decoding=\"async\" width=\"1024\" height=\"680\" src=\"http:\/\/www.tvk-gaj.pl\/~gajonline\/wp-content\/uploads\/2021\/07\/lagow2021.jpeg\" alt=\"\" class=\"wp-image-12975\" srcset=\"https:\/\/online.tvk-gaj.pl\/wp-content\/uploads\/2021\/07\/lagow2021.jpeg 1024w, https:\/\/online.tvk-gaj.pl\/wp-content\/uploads\/2021\/07\/lagow2021-300x199.jpeg 300w, https:\/\/online.tvk-gaj.pl\/wp-content\/uploads\/2021\/07\/lagow2021-768x510.jpeg 768w, https:\/\/online.tvk-gaj.pl\/wp-content\/uploads\/2021\/07\/lagow2021-321x214.jpeg 321w, https:\/\/online.tvk-gaj.pl\/wp-content\/uploads\/2021\/07\/lagow2021-207x136.jpeg 207w, https:\/\/online.tvk-gaj.pl\/wp-content\/uploads\/2021\/07\/lagow2021-140x94.jpeg 140w\" sizes=\"auto, (max-width: 1024px) 100vw, 1024px\" \/><\/figure>\n\n\n\n<p><\/p>\n\n\n\n<p><\/p>\n\n\n\n<p><\/p>\n\n\n\n<p><\/p>\n\n\n\n<p><strong>Zapraszamy do obejrzenia galerii zdj\u0119\u0107 z wyjazdu!<\/strong><\/p>\n\n\n\n<p><\/p>\n\n\n\n[ngg src=&#8221;galleries&#8221; ids=&#8221;119&#8243; display=&#8221;basic_thumbnail&#8221; thumbnail_crop=&#8221;0&#8243;]\n\n\n\n<p><\/p>\n\n\n\n<p><\/p>\n\n\n\n<p><\/p>\n\n\n\n<p><em><em>Za wyjazd i organizacj\u0119 dzi\u0119kujemy szczeg\u00f3lnie Skarbnikowi Rady Osiedla Gaj Panu Boles\u0142awowi Olszewskiemu oraz Przewodnicz\u0105cemu Zarz\u0105du RO Gaj Panu Stefanowi Zydorowiczowi.<\/em><\/em><\/p>\n\n\n\n<p><\/p>\n","protected":false},"excerpt":{"rendered":"<p>W dniach 11-12 lipca odby\u0142a si\u0119 wycieczka senior\u00f3w Osiedla Gaj do Berlina. Wyjazd zorganizowany przez Rad\u0119 Osiedla Gaj umo\u017cliwi\u0142 seniorom z osiedla (w tym zrzeszonym w Klubie Seniora na Gaju) zwiedzanie stolicy Niemiec.<\/p>\n","protected":false},"author":1,"featured_media":12967,"comment_status":"open","ping_status":"open","sticky":false,"template":"","format":"standard","meta":{"footnotes":""},"categories":[14,12],"tags":[1488,1489,1485,1200,1172,1490],"class_list":["post-12963","post","type-post","status-publish","format-standard","has-post-thumbnail","hentry","category-aktualnosci","category-artykuly","tag-berlin-2021","tag-berlin-seniorzy-gaj","tag-wroclawskie-centrum-rozwoju-spolecznego","tag-wycieczka-seniorow-z-gaju","tag-wycieczka-seniorow-z-osiedla-gaj","tag-wycieczka-z-klubu-seniora-na-gaju-do-berlina"],"_links":{"self":[{"href":"https:\/\/online.tvk-gaj.pl\/index.php?rest_route=\/wp\/v2\/posts\/12963","targetHints":{"allow":["GET"]}}],"collection":[{"href":"https:\/\/online.tvk-gaj.pl\/index.php?rest_route=\/wp\/v2\/posts"}],"about":[{"href":"https:\/\/online.tvk-gaj.pl\/index.php?rest_route=\/wp\/v2\/types\/post"}],"author":[{"embeddable":true,"href":"https:\/\/online.tvk-gaj.pl\/index.php?rest_route=\/wp\/v2\/users\/1"}],"replies":[{"embeddable":true,"href":"https:\/\/online.tvk-gaj.pl\/index.php?rest_route=%2Fwp%2Fv2%2Fcomments&post=12963"}],"version-history":[{"count":5,"href":"https:\/\/online.tvk-gaj.pl\/index.php?rest_route=\/wp\/v2\/posts\/12963\/revisions"}],"predecessor-version":[{"id":12978,"href":"https:\/\/online.tvk-gaj.pl\/index.php?rest_route=\/wp\/v2\/posts\/12963\/revisions\/12978"}],"wp:featuredmedia":[{"embeddable":true,"href":"https:\/\/online.tvk-gaj.pl\/index.php?rest_route=\/wp\/v2\/media\/12967"}],"wp:attachment":[{"href":"https:\/\/online.tvk-gaj.pl\/index.php?rest_route=%2Fwp%2Fv2%2Fmedia&parent=12963"}],"wp:term":[{"taxonomy":"category","embeddable":true,"href":"https:\/\/online.tvk-gaj.pl\/index.php?rest_route=%2Fwp%2Fv2%2Fcategories&post=12963"},{"taxonomy":"post_tag","embeddable":true,"href":"https:\/\/online.tvk-gaj.pl\/index.php?rest_route=%2Fwp%2Fv2%2Ftags&post=12963"}],"curies":[{"name":"wp","href":"https:\/\/api.w.org\/{rel}","templated":true}]}}