{"id":12989,"date":"2021-08-06T10:54:32","date_gmt":"2021-08-06T08:54:32","guid":{"rendered":"http:\/\/www.tvk-gaj.pl\/~gajonline\/?p=12989"},"modified":"2021-08-06T10:55:15","modified_gmt":"2021-08-06T08:55:15","slug":"ogloszenie-obowiazek-zgloszenia-zrodla-ogrzewania-domu","status":"publish","type":"post","link":"https:\/\/online.tvk-gaj.pl\/?p=12989","title":{"rendered":"[OG\u0141OSZENIE] Obowi\u0105zek zg\u0142oszenia \u017ar\u00f3d\u0142a ogrzewania domu"},"content":{"rendered":"\n<p>Wa\u017cna informacja dla w\u0142a\u015bcicieli nieruchomo\u015bci.<\/p>\n\n\n\n<p><\/p>\n\n\n\n<!--more-->\n\n\n\n<p><\/p>\n\n\n\n<p><\/p>\n\n\n\n<p>Od 1 lipca b.r. w \u017cycie wesz\u0142y przepisy nak\u0142adaj\u0105ce na w\u0142a\u015bcicieli i zarz\u0105dc\u00f3w nieruchomo\u015bci (dom\u00f3w jednorodzinnych &#8211; indywidualnie w\u0142a\u015bciciele, w przypadku mieszka\u0144 &#8211; zarz\u0105dca) obowi\u0105zek zg\u0142oszenia czym ogrzewaj\u0105 dom.<\/p>\n\n\n\n<p><\/p>\n\n\n\n<p><\/p>\n\n\n\n<p><\/p>\n\n\n\n<figure class=\"wp-block-image size-large\"><img loading=\"lazy\" decoding=\"async\" width=\"724\" height=\"1024\" src=\"http:\/\/www.tvk-gaj.pl\/~gajonline\/wp-content\/uploads\/2021\/08\/IMG_7514-724x1024.png\" alt=\"\" class=\"wp-image-12991\" srcset=\"https:\/\/online.tvk-gaj.pl\/wp-content\/uploads\/2021\/08\/IMG_7514-724x1024.png 724w, https:\/\/online.tvk-gaj.pl\/wp-content\/uploads\/2021\/08\/IMG_7514-212x300.png 212w, https:\/\/online.tvk-gaj.pl\/wp-content\/uploads\/2021\/08\/IMG_7514-768x1087.png 768w, https:\/\/online.tvk-gaj.pl\/wp-content\/uploads\/2021\/08\/IMG_7514.png 848w\" sizes=\"auto, (max-width: 724px) 100vw, 724px\" \/><\/figure>\n\n\n\n<p><\/p>\n\n\n\n<figure class=\"wp-block-image size-large\"><img loading=\"lazy\" decoding=\"async\" width=\"724\" height=\"1024\" src=\"http:\/\/www.tvk-gaj.pl\/~gajonline\/wp-content\/uploads\/2021\/08\/IMG_7515-724x1024.png\" alt=\"\" class=\"wp-image-12992\" srcset=\"https:\/\/online.tvk-gaj.pl\/wp-content\/uploads\/2021\/08\/IMG_7515-724x1024.png 724w, https:\/\/online.tvk-gaj.pl\/wp-content\/uploads\/2021\/08\/IMG_7515-212x300.png 212w, https:\/\/online.tvk-gaj.pl\/wp-content\/uploads\/2021\/08\/IMG_7515-768x1087.png 768w, https:\/\/online.tvk-gaj.pl\/wp-content\/uploads\/2021\/08\/IMG_7515.png 848w\" sizes=\"auto, (max-width: 724px) 100vw, 724px\" \/><\/figure>\n\n\n\n<p><\/p>\n\n\n\n<p><\/p>\n\n\n\n<p><\/p>\n\n\n\n<p><\/p>\n\n\n\n<p><\/p>\n\n\n\n<p>Informacje nale\u017cy zg\u0142osi\u0107\/wprowadzi\u0107 do Centralnej Ewidencji Emisyjno\u015bci Budynk\u00f3w (CEEB). <\/p>\n\n\n\n<p>Link do systemu: <a rel=\"noreferrer noopener\" href=\"https:\/\/www.zone.gunb.gov.pl\/?fbclid=IwAR2mKWt1sKKHXQtOZ_iFzhCW3NgOMngtfN0Tz4BJI28e1UMvUuw7DyppoHg\" target=\"_blank\">www.zone.gunb.gov.pl<\/a> <\/p>\n\n\n\n<p>Deklaracje mo\u017cna z\u0142o\u017cy\u0107 elektronicznie poprzez Profil Zaufany. <\/p>\n\n\n\n<p>Czas na uzupe\u0142nienie danych to 12 miesi\u0119cy liczone od 01.07.2021r. <\/p>\n\n\n\n<p>Podstawa prawna: Ustawa z 21 listopada 2008 r. o wspieraniu termomodernizacji i remont\u00f3w oraz o centralnej ewidencji emisyjno\u015bci budynk\u00f3w (t.j. Dz.U. z 2021 r. poz. 554). <\/p>\n\n\n\n<p>Za brak z\u0142o\u017cenia deklaracji ustawodawca przewidzia\u0142 kary.<\/p>\n\n\n\n<p><\/p>\n\n\n\n<p>Przypominamy, \u017ce ca\u0142y czas trwa miejski program <a href=\"https:\/\/zmienpiec.pl\/\" data-type=\"URL\" data-id=\"https:\/\/zmienpiec.pl\/\" target=\"_blank\" rel=\"noreferrer noopener\">Zmie\u0144 piec<\/a> , w ramach kt\u00f3rego mo\u017cna uzyska\u0107 dofinansowanie do zmiany pieca.<\/p>\n\n\n\n<p><\/p>\n\n\n\n<p><\/p>\n\n\n\n<p><\/p>\n\n\n\n<p><\/p>\n","protected":false},"excerpt":{"rendered":"<p>Wa\u017cna informacja dla w\u0142a\u015bcicieli nieruchomo\u015bci.<\/p>\n","protected":false},"author":1,"featured_media":12990,"comment_status":"open","ping_status":"open","sticky":false,"template":"","format":"standard","meta":{"footnotes":""},"categories":[14],"tags":[1501,1500,1497,1498,1096,1499,1496],"class_list":["post-12989","post","type-post","status-publish","format-standard","has-post-thumbnail","hentry","category-aktualnosci","tag-centralna-ewidencja-emisyjnosci-budynkow","tag-nowe-przepisy","tag-ogrzewanie","tag-piec","tag-piece","tag-zgloszenie","tag-zgloszenie-zrodla-ogrzewania-domu"],"_links":{"self":[{"href":"https:\/\/online.tvk-gaj.pl\/index.php?rest_route=\/wp\/v2\/posts\/12989","targetHints":{"allow":["GET"]}}],"collection":[{"href":"https:\/\/online.tvk-gaj.pl\/index.php?rest_route=\/wp\/v2\/posts"}],"about":[{"href":"https:\/\/online.tvk-gaj.pl\/index.php?rest_route=\/wp\/v2\/types\/post"}],"author":[{"embeddable":true,"href":"https:\/\/online.tvk-gaj.pl\/index.php?rest_route=\/wp\/v2\/users\/1"}],"replies":[{"embeddable":true,"href":"https:\/\/online.tvk-gaj.pl\/index.php?rest_route=%2Fwp%2Fv2%2Fcomments&post=12989"}],"version-history":[{"count":2,"href":"https:\/\/online.tvk-gaj.pl\/index.php?rest_route=\/wp\/v2\/posts\/12989\/revisions"}],"predecessor-version":[{"id":12994,"href":"https:\/\/online.tvk-gaj.pl\/index.php?rest_route=\/wp\/v2\/posts\/12989\/revisions\/12994"}],"wp:featuredmedia":[{"embeddable":true,"href":"https:\/\/online.tvk-gaj.pl\/index.php?rest_route=\/wp\/v2\/media\/12990"}],"wp:attachment":[{"href":"https:\/\/online.tvk-gaj.pl\/index.php?rest_route=%2Fwp%2Fv2%2Fmedia&parent=12989"}],"wp:term":[{"taxonomy":"category","embeddable":true,"href":"https:\/\/online.tvk-gaj.pl\/index.php?rest_route=%2Fwp%2Fv2%2Fcategories&post=12989"},{"taxonomy":"post_tag","embeddable":true,"href":"https:\/\/online.tvk-gaj.pl\/index.php?rest_route=%2Fwp%2Fv2%2Ftags&post=12989"}],"curies":[{"name":"wp","href":"https:\/\/api.w.org\/{rel}","templated":true}]}}