{"id":12996,"date":"2021-08-19T21:48:06","date_gmt":"2021-08-19T19:48:06","guid":{"rendered":"http:\/\/www.tvk-gaj.pl\/~gajonline\/?p=12996"},"modified":"2021-08-19T21:48:08","modified_gmt":"2021-08-19T19:48:08","slug":"zapisy-na-wrzesniowa-wycieczke-seniorow-z-gaju","status":"publish","type":"post","link":"https:\/\/online.tvk-gaj.pl\/?p=12996","title":{"rendered":"Zapisy na wrze\u015bniow\u0105 wycieczk\u0119 senior\u00f3w z Gaju"},"content":{"rendered":"\n<p>Rada Osiedla zaprasza Senior\u00f3w z Gaju na jesienn\u0105 wycieczk\u0119 turystyczn\u0105! Wi\u0119cej na temat wycieczki oraz informacja o zapisach w dalszej cz\u0119\u015bci artyku\u0142u. <\/p>\n\n\n\n<!--more-->\n\n\n\n<p><\/p>\n\n\n\n<p><\/p>\n\n\n\n<figure class=\"wp-block-image size-large\"><img loading=\"lazy\" decoding=\"async\" width=\"714\" height=\"1024\" src=\"http:\/\/www.tvk-gaj.pl\/~gajonline\/wp-content\/uploads\/2021\/08\/Zrzut-ekranu-2021-08-19-o-21.40.11-714x1024.png\" alt=\"\" class=\"wp-image-12997\" srcset=\"https:\/\/online.tvk-gaj.pl\/wp-content\/uploads\/2021\/08\/Zrzut-ekranu-2021-08-19-o-21.40.11-714x1024.png 714w, https:\/\/online.tvk-gaj.pl\/wp-content\/uploads\/2021\/08\/Zrzut-ekranu-2021-08-19-o-21.40.11-209x300.png 209w, https:\/\/online.tvk-gaj.pl\/wp-content\/uploads\/2021\/08\/Zrzut-ekranu-2021-08-19-o-21.40.11-768x1101.png 768w, https:\/\/online.tvk-gaj.pl\/wp-content\/uploads\/2021\/08\/Zrzut-ekranu-2021-08-19-o-21.40.11.png 839w\" sizes=\"auto, (max-width: 714px) 100vw, 714px\" \/><\/figure>\n\n\n\n<p><\/p>\n\n\n\n<p><\/p>\n\n\n\n<p><\/p>\n\n\n\n<p><strong>O wycieczce: <\/strong><\/p>\n\n\n\n<p>11 wrze\u015bnia (sobota) zwiedzimy wspania\u0142y zamek Ksi\u0105\u017c i ma\u0142o znany pa\u0142ac w Jedlnie Zdroju. Odwiedzimy ton\u0105cy w kwiatach park miniatur Minieuroland w K\u0142odzku, a obiad zjemy w klimatycznym Szczawnie Zdroju.<\/p>\n\n\n\n<p>To wszystko za jedyne 25 z\u0142 (w tym bilety wst\u0119pu)! <\/p>\n\n\n\n<p>Wyjazd nast\u0105pi ok. 7:15 a powr\u00f3t ok. 19 (szczeg\u00f3\u0142y b\u0119d\u0105 podane uczestnikom po zg\u0142oszeniu)<\/p>\n\n\n\n<p>Organizatorem wycieczki jest nasz osiedlowy radny i bibliotekarz, <a href=\"https:\/\/www.facebook.com\/wojciech.kurzyjamski?__cft__[0]=AZVEPnzhvIRn4HEzWo9nhcB-ZRlr-lbr0q1QKyQvTibchsRf-AvcOYxsc39DTiuP7UzYkQBCBV-U3tA0t1o21ZhSwePToY2BuULfTVn6qdIcvmTGTzm3FZ6OvJqXnXHX-nMnZu2iZojrHiq970BVuBil1vm1hr_xUtn29LiGc1C7pvjSTup_D1EmUb7yh_mY1Eg&amp;__tn__=-]K-R\">Wojciech Kurzyjamski<\/a>, kt\u00f3ry ju\u017c czeka na Pa\u0144stwa zg\u0142oszenia.<\/p>\n\n\n\n<p><\/p>\n\n\n\n<p><\/p>\n\n\n\n<p><\/p>\n\n\n\n<p><strong>Zapisy:<\/strong><\/p>\n\n\n\n<p>Jak si\u0119 zapisa\u0107? Najwygodniej napisa\u0107 maila do Organizatora: wkurzyjamski@tumw.pl, podaj\u0105c imi\u0119, nazwisko, adres i dat\u0119 urodzenia (potrzebne do ubezpieczenia). <\/p>\n\n\n\n<p>Mo\u017cna te\u017c to zrobi\u0107 osobi\u015bcie w osiedlowym Klubie Seniora (ul. Krynicka 51) &#8211; radny Wojciech Kurzyjamski b\u0119dzie dy\u017curowa\u0142 w \u015brod\u0119 (godz. 18-20) w ramach Biblioteki Osiedlowej. <\/p>\n\n\n\n<p><\/p>\n\n\n\n<p>Uwaga &#8211; liczba miejsc ograniczona!<\/p>\n\n\n\n<p><\/p>\n\n\n\n<p><\/p>\n\n\n\n<p><\/p>\n\n\n\n<p><strong>ZA\u0141\u0104CZNIKI<\/strong>:<\/p>\n\n\n\n<p><\/p>\n\n\n\n<div class=\"wp-block-file\"><a href=\"http:\/\/www.tvk-gaj.pl\/~gajonline\/wp-content\/uploads\/2021\/08\/Wycieczka-210911-FormUcz.docx\">Wycieczka-210911-FormUcz<\/a><a href=\"http:\/\/www.tvk-gaj.pl\/~gajonline\/wp-content\/uploads\/2021\/08\/Wycieczka-210911-FormUcz.docx\" class=\"wp-block-file__button\" download>Pobierz<\/a><\/div>\n\n\n\n<p><\/p>\n\n\n\n<p><\/p>\n\n\n\n<p><\/p>\n","protected":false},"excerpt":{"rendered":"<p>Rada Osiedla zaprasza Senior\u00f3w z Gaju na jesienn\u0105 wycieczk\u0119 turystyczn\u0105! Wi\u0119cej na temat wycieczki oraz informacja o zapisach w dalszej cz\u0119\u015bci artyku\u0142u.<\/p>\n","protected":false},"author":1,"featured_media":12999,"comment_status":"open","ping_status":"open","sticky":false,"template":"","format":"standard","meta":{"footnotes":""},"categories":[14],"tags":[135,1044,1200,952],"class_list":["post-12996","post","type-post","status-publish","format-standard","has-post-thumbnail","hentry","category-aktualnosci","tag-rada-osiedla-gaj","tag-wycieczka","tag-wycieczka-seniorow-z-gaju","tag-zapisy"],"_links":{"self":[{"href":"https:\/\/online.tvk-gaj.pl\/index.php?rest_route=\/wp\/v2\/posts\/12996","targetHints":{"allow":["GET"]}}],"collection":[{"href":"https:\/\/online.tvk-gaj.pl\/index.php?rest_route=\/wp\/v2\/posts"}],"about":[{"href":"https:\/\/online.tvk-gaj.pl\/index.php?rest_route=\/wp\/v2\/types\/post"}],"author":[{"embeddable":true,"href":"https:\/\/online.tvk-gaj.pl\/index.php?rest_route=\/wp\/v2\/users\/1"}],"replies":[{"embeddable":true,"href":"https:\/\/online.tvk-gaj.pl\/index.php?rest_route=%2Fwp%2Fv2%2Fcomments&post=12996"}],"version-history":[{"count":1,"href":"https:\/\/online.tvk-gaj.pl\/index.php?rest_route=\/wp\/v2\/posts\/12996\/revisions"}],"predecessor-version":[{"id":13000,"href":"https:\/\/online.tvk-gaj.pl\/index.php?rest_route=\/wp\/v2\/posts\/12996\/revisions\/13000"}],"wp:featuredmedia":[{"embeddable":true,"href":"https:\/\/online.tvk-gaj.pl\/index.php?rest_route=\/wp\/v2\/media\/12999"}],"wp:attachment":[{"href":"https:\/\/online.tvk-gaj.pl\/index.php?rest_route=%2Fwp%2Fv2%2Fmedia&parent=12996"}],"wp:term":[{"taxonomy":"category","embeddable":true,"href":"https:\/\/online.tvk-gaj.pl\/index.php?rest_route=%2Fwp%2Fv2%2Fcategories&post=12996"},{"taxonomy":"post_tag","embeddable":true,"href":"https:\/\/online.tvk-gaj.pl\/index.php?rest_route=%2Fwp%2Fv2%2Ftags&post=12996"}],"curies":[{"name":"wp","href":"https:\/\/api.w.org\/{rel}","templated":true}]}}