{"id":13002,"date":"2021-08-29T16:49:17","date_gmt":"2021-08-29T14:49:17","guid":{"rendered":"http:\/\/www.tvk-gaj.pl\/~gajonline\/?p=13002"},"modified":"2021-08-29T17:04:49","modified_gmt":"2021-08-29T15:04:49","slug":"spisobus-na-gaju","status":"publish","type":"post","link":"https:\/\/online.tvk-gaj.pl\/?p=13002","title":{"rendered":"Spisobus na Gaju!"},"content":{"rendered":"\n<p>Przypominamy, \u017ce 30 wrze\u015bnia 2021r. mija termin Narodowego Spisu Powszechnego Ludno\u015bci i Mieszka\u0144. W zwi\u0105zku z tym MPK we Wroc\u0142awiu uruchomi\u0142o specjalny autobus &#8211; Spisobus, kt\u00f3ry je\u017cd\u017c\u0105c po Wroc\u0142awiu pomaga mieszka\u0144com Wroc\u0142awia dokona\u0107 spisania si\u0119 w ramach Narodowego Spisu Powszechnego. 5 wrze\u015bnia Spisobus pojawi si\u0119 r\u00f3wnie\u017c na Gaju, przy parafii pw. \u015awi\u0119tego Franciszka z Asy\u017cu na ulicy Borowskiej 174!<\/p>\n\n\n\n<!--more-->\n\n\n\n<p><\/p>\n\n\n\n<p><\/p>\n\n\n\n<p><\/p>\n\n\n\n<figure class=\"wp-block-image size-large is-resized\"><img loading=\"lazy\" decoding=\"async\" src=\"http:\/\/www.tvk-gaj.pl\/~gajonline\/wp-content\/uploads\/2021\/08\/spisobus-mpk-th-5-1024x553.jpg\" alt=\"\" class=\"wp-image-13003\" width=\"840\" height=\"453\" srcset=\"https:\/\/online.tvk-gaj.pl\/wp-content\/uploads\/2021\/08\/spisobus-mpk-th-5-1024x553.jpg 1024w, https:\/\/online.tvk-gaj.pl\/wp-content\/uploads\/2021\/08\/spisobus-mpk-th-5-300x162.jpg 300w, https:\/\/online.tvk-gaj.pl\/wp-content\/uploads\/2021\/08\/spisobus-mpk-th-5-768x415.jpg 768w, https:\/\/online.tvk-gaj.pl\/wp-content\/uploads\/2021\/08\/spisobus-mpk-th-5.jpg 1200w\" sizes=\"auto, (max-width: 840px) 100vw, 840px\" \/><figcaption><em>Fotografia aut. Tomasza Ho\u0142od &#8211; \u017ar\u00f3d\u0142o: www.wroclaw.pl <\/em><\/figcaption><\/figure>\n\n\n\n<p><\/p>\n\n\n\n<p><\/p>\n\n\n\n<p><\/p>\n\n\n\n<blockquote class=\"wp-block-quote is-layout-flow wp-block-quote-is-layout-flow\"><p>Agnieszka Koczapska z Gminnego Biura Spisowego we Wroc\u0142awiu:<\/p><cite>\u2013 Na wroc\u0142awskie ulice wyjad\u0105 dwa spisobusy. B\u0119d\u0105 si\u0119 wyr\u00f3\u017cnia\u0142y w\u015br\u00f3d innych autobus\u00f3w specjalnym oznakowaniem z symbolami spisu powszechnego. B\u0119dzie zatrzymywa\u0142 si\u0119 przy centrach handlowych, targowiskach, przy parafiach. Ma tak\u017ce przyje\u017cd\u017ca\u0107 w inne, ucz\u0119szczane miejsca, takie jak plac Wolno\u015bci, Stadion Miejski, czy dawna zajezdnia D\u0105bie. Chcemy dotrze\u0107 na wszystkie wroc\u0142awskie osiedla. Na jednych b\u0119dzie zatrzymywa\u0142 si\u0119 spisobus, na innych b\u0119d\u0105 rozstawiane namioty. Tam na respondent\u00f3w czekali b\u0119d\u0105 pracownicy Gminnego Biura Spisowego i rachmistrze spisowi.<\/cite><\/blockquote>\n\n\n\n<p><\/p>\n\n\n\n<p><\/p>\n\n\n\n<p><\/p>\n\n\n\n<p><strong>SPIS NA GAJU:<\/strong><\/p>\n\n\n\n<p><\/p>\n\n\n\n<p><\/p>\n\n\n\n<p><\/p>\n\n\n\n<figure class=\"wp-block-image size-full\"><img loading=\"lazy\" decoding=\"async\" width=\"715\" height=\"480\" src=\"http:\/\/www.tvk-gaj.pl\/~gajonline\/wp-content\/uploads\/2021\/08\/Zrzut-ekranu-2021-08-29-o-16.43.43.png\" alt=\"\" class=\"wp-image-13004\" srcset=\"https:\/\/online.tvk-gaj.pl\/wp-content\/uploads\/2021\/08\/Zrzut-ekranu-2021-08-29-o-16.43.43.png 715w, https:\/\/online.tvk-gaj.pl\/wp-content\/uploads\/2021\/08\/Zrzut-ekranu-2021-08-29-o-16.43.43-300x201.png 300w, https:\/\/online.tvk-gaj.pl\/wp-content\/uploads\/2021\/08\/Zrzut-ekranu-2021-08-29-o-16.43.43-321x214.png 321w, https:\/\/online.tvk-gaj.pl\/wp-content\/uploads\/2021\/08\/Zrzut-ekranu-2021-08-29-o-16.43.43-140x94.png 140w\" sizes=\"auto, (max-width: 715px) 100vw, 715px\" \/><\/figure>\n\n\n\n<p><\/p>\n\n\n\n<p><\/p>\n\n\n\n<p><\/p>\n\n\n\n<p><\/p>\n\n\n\n<figure class=\"wp-block-embed aligncenter is-type-video is-provider-youtube wp-block-embed-youtube wp-embed-aspect-16-9 wp-has-aspect-ratio\"><div class=\"wp-block-embed__wrapper\">\n<iframe loading=\"lazy\" title=\"Spis Powszechny - wype\u0142nij ankiet\u0119 w autobusie | Wroc\u0142aw TV\" width=\"838\" height=\"471\" src=\"https:\/\/www.youtube.com\/embed\/rGMtcQBs7S0?start=54&#038;feature=oembed\" frameborder=\"0\" allow=\"accelerometer; autoplay; clipboard-write; encrypted-media; gyroscope; picture-in-picture; web-share\" referrerpolicy=\"strict-origin-when-cross-origin\" allowfullscreen><\/iframe>\n<\/div><figcaption><em>Materia\u0142 promocyjny<\/em><\/figcaption><\/figure>\n\n\n\n<p><\/p>\n\n\n\n<p><\/p>\n\n\n\n<p><\/p>\n\n\n\n<p>Przypominamy, \u017ce <strong>udzia\u0142 w spisie, kt\u00f3rego termin up\u0142ywa 30 wrze\u015bnia, jest obowi\u0105zkowy.<\/strong><\/p>\n\n\n\n<p><\/p>\n\n\n\n<p><\/p>\n\n\n\n<p><\/p>\n\n\n\n<div class=\"wp-block-image\"><figure class=\"aligncenter size-large\"><img loading=\"lazy\" decoding=\"async\" width=\"1024\" height=\"683\" src=\"http:\/\/www.tvk-gaj.pl\/~gajonline\/wp-content\/uploads\/2021\/08\/spisobus-mpk-th-9-1024x683.jpg\" alt=\"\" class=\"wp-image-13011\" srcset=\"https:\/\/online.tvk-gaj.pl\/wp-content\/uploads\/2021\/08\/spisobus-mpk-th-9-1024x683.jpg 1024w, https:\/\/online.tvk-gaj.pl\/wp-content\/uploads\/2021\/08\/spisobus-mpk-th-9-300x200.jpg 300w, https:\/\/online.tvk-gaj.pl\/wp-content\/uploads\/2021\/08\/spisobus-mpk-th-9-768x512.jpg 768w, https:\/\/online.tvk-gaj.pl\/wp-content\/uploads\/2021\/08\/spisobus-mpk-th-9-321x214.jpg 321w, https:\/\/online.tvk-gaj.pl\/wp-content\/uploads\/2021\/08\/spisobus-mpk-th-9-140x94.jpg 140w, https:\/\/online.tvk-gaj.pl\/wp-content\/uploads\/2021\/08\/spisobus-mpk-th-9.jpg 1200w\" sizes=\"auto, (max-width: 1024px) 100vw, 1024px\" \/><figcaption><em>Fotografia aut. Tomasza Ho\u0142od &#8211; \u017ar\u00f3d\u0142o: www.wroclaw.pl<\/em><\/figcaption><\/figure><\/div>\n\n\n\n<p><\/p>\n\n\n\n<p><\/p>\n\n\n\n<p>Zwracamy si\u0119\u00a0z apelem o przekazanie informacji szczeg\u00f3lnie tym mieszka\u0144com Gaju, kt\u00f3rzy mog\u0105 mie\u0107 problem z samodzielnym spisaniem si\u0119 w Narodowym Spisie Powszechnym. <\/p>\n\n\n\n<p><\/p>\n\n\n\n<p>Przy\u0142\u0105czmy si\u0119 do akcji #Wroc\u0142awSi\u0119Spisuje<\/p>\n\n\n\n<p><\/p>\n\n\n\n<p><\/p>\n\n\n\n<p><\/p>\n\n\n\n<p><\/p>\n\n\n\n<p><\/p>\n\n\n\n<p><\/p>\n\n\n\n<p><\/p>\n\n\n\n<p><\/p>\n","protected":false},"excerpt":{"rendered":"<p>Przypominamy, \u017ce 30 wrze\u015bnia 2021r. mija termin Narodowego Spisu Powszechnego Ludno\u015bci i Mieszka\u0144. W zwi\u0105zku z tym MPK we Wroc\u0142awiu uruchomi\u0142o specjalny autobus &#8211; Spisobus, kt\u00f3ry je\u017cd\u017c\u0105c po Wroc\u0142awiu pomaga mieszka\u0144com Wroc\u0142awia dokona\u0107 spisania si\u0119 w ramach Narodowego Spisu Powszechnego. 5 wrze\u015bnia Spisobus pojawi si\u0119 r\u00f3wnie\u017c na Gaju, przy parafii pw. \u015awi\u0119tego Franciszka z Asy\u017cu [&hellip;]<\/p>\n","protected":false},"author":1,"featured_media":13008,"comment_status":"open","ping_status":"open","sticky":false,"template":"","format":"standard","meta":{"footnotes":""},"categories":[14],"tags":[413,1507,1508,1504,1506,1505],"class_list":["post-13002","post","type-post","status-publish","format-standard","has-post-thumbnail","hentry","category-aktualnosci","tag-mpk-wroclaw","tag-spis-powszechny","tag-spis-powszechny-2021-na-gaju","tag-spisobus","tag-spisobus-na-gaju","tag-wroclaw-gaj"],"_links":{"self":[{"href":"https:\/\/online.tvk-gaj.pl\/index.php?rest_route=\/wp\/v2\/posts\/13002","targetHints":{"allow":["GET"]}}],"collection":[{"href":"https:\/\/online.tvk-gaj.pl\/index.php?rest_route=\/wp\/v2\/posts"}],"about":[{"href":"https:\/\/online.tvk-gaj.pl\/index.php?rest_route=\/wp\/v2\/types\/post"}],"author":[{"embeddable":true,"href":"https:\/\/online.tvk-gaj.pl\/index.php?rest_route=\/wp\/v2\/users\/1"}],"replies":[{"embeddable":true,"href":"https:\/\/online.tvk-gaj.pl\/index.php?rest_route=%2Fwp%2Fv2%2Fcomments&post=13002"}],"version-history":[{"count":6,"href":"https:\/\/online.tvk-gaj.pl\/index.php?rest_route=\/wp\/v2\/posts\/13002\/revisions"}],"predecessor-version":[{"id":13016,"href":"https:\/\/online.tvk-gaj.pl\/index.php?rest_route=\/wp\/v2\/posts\/13002\/revisions\/13016"}],"wp:featuredmedia":[{"embeddable":true,"href":"https:\/\/online.tvk-gaj.pl\/index.php?rest_route=\/wp\/v2\/media\/13008"}],"wp:attachment":[{"href":"https:\/\/online.tvk-gaj.pl\/index.php?rest_route=%2Fwp%2Fv2%2Fmedia&parent=13002"}],"wp:term":[{"taxonomy":"category","embeddable":true,"href":"https:\/\/online.tvk-gaj.pl\/index.php?rest_route=%2Fwp%2Fv2%2Fcategories&post=13002"},{"taxonomy":"post_tag","embeddable":true,"href":"https:\/\/online.tvk-gaj.pl\/index.php?rest_route=%2Fwp%2Fv2%2Ftags&post=13002"}],"curies":[{"name":"wp","href":"https:\/\/api.w.org\/{rel}","templated":true}]}}