{"id":13021,"date":"2021-09-13T21:27:49","date_gmt":"2021-09-13T19:27:49","guid":{"rendered":"http:\/\/www.tvk-gaj.pl\/~gajonline\/?p=13021"},"modified":"2021-09-14T22:40:43","modified_gmt":"2021-09-14T20:40:43","slug":"zapraszamy-na-festyn-osiedlowy-na-gaju","status":"publish","type":"post","link":"https:\/\/online.tvk-gaj.pl\/?p=13021","title":{"rendered":"Zapraszamy na Festyn Osiedlowy na Gaju"},"content":{"rendered":"\n<p><meta charset=\"utf-8\">Rada Osiedla Gaj serdecznie zaprasza wszystkich mieszka\u0144c\u00f3w naszego osiedla na festyn osiedlowy, kt\u00f3ry odb\u0119dzie si\u0119 w sobot\u0119, 25 wrze\u015bnia, w Parku S\u0142onecznym na Gaju! <\/p>\n\n\n\n<!--more-->\n\n\n\n<p><\/p>\n\n\n\n<p><\/p>\n\n\n\n<p><\/p>\n\n\n\n<p><\/p>\n\n\n\n<figure class=\"wp-block-image size-large\"><img loading=\"lazy\" decoding=\"async\" width=\"724\" height=\"1024\" src=\"http:\/\/www.tvk-gaj.pl\/~gajonline\/wp-content\/uploads\/2021\/09\/Festyn-Osiedla-Gaj-25.09.2021-724x1024.png\" alt=\"\" class=\"wp-image-13023\" srcset=\"https:\/\/online.tvk-gaj.pl\/wp-content\/uploads\/2021\/09\/Festyn-Osiedla-Gaj-25.09.2021-724x1024.png 724w, https:\/\/online.tvk-gaj.pl\/wp-content\/uploads\/2021\/09\/Festyn-Osiedla-Gaj-25.09.2021-212x300.png 212w, https:\/\/online.tvk-gaj.pl\/wp-content\/uploads\/2021\/09\/Festyn-Osiedla-Gaj-25.09.2021-768x1086.png 768w, https:\/\/online.tvk-gaj.pl\/wp-content\/uploads\/2021\/09\/Festyn-Osiedla-Gaj-25.09.2021-1086x1536.png 1086w, https:\/\/online.tvk-gaj.pl\/wp-content\/uploads\/2021\/09\/Festyn-Osiedla-Gaj-25.09.2021-1448x2048.png 1448w, https:\/\/online.tvk-gaj.pl\/wp-content\/uploads\/2021\/09\/Festyn-Osiedla-Gaj-25.09.2021.png 1587w\" sizes=\"auto, (max-width: 724px) 100vw, 724px\" \/><\/figure>\n\n\n\n<p><\/p>\n\n\n\n<p><\/p>\n\n\n\n<p><\/p>\n\n\n\n<p><\/p>\n\n\n\n<p><meta charset=\"utf-8\">W ramach festynu przewidziano liczne atrakcje, w tym te skierowane do najm\u0142odszych mieszka\u0144c\u00f3w osiedla. <\/p>\n\n\n\n<p>W ramach fina\u0142u letniej akcji &#8222;Sportowy Gaj&#8221; odb\u0119dzie si\u0119&nbsp;mecz pi\u0142karski by\u0142ych gwiazd \u015al\u0105ska Wroc\u0142aw! <\/p>\n\n\n\n<p>Za opraw\u0119 muzyczn\u0105 festynu odpowiada\u0142 b\u0119dzie zesp\u00f3\u0142 &#8222;Amper&#8221;. <\/p>\n\n\n\n<p>Fina\u0142em imprezy b\u0119dzie wieczorna dyskoteka na \u015bwie\u017cym powietrzu, poprowadzona przez oficera rozrywkowego statku &#8222;Stefan Batory&#8221; &#8211; Pana Jerzego Tatarka. <\/p>\n\n\n\n<p>Opr\u00f3cz profesjonalnych animacji dla dzieci pojawi\u0105 si\u0119 dmuchane zamki i zabawki, konkursy z nagrodami, stoiska partnerskie oraz wiele innych atrakcji!<\/p>\n\n\n\n<p>Imprez\u0119 poprowadzi aktor, pszczelarz, przedsi\u0119biorca i spo\u0142ecznik od lat zwi\u0105zany z Gajem &#8211; Pan Miros\u0142aw Majcherek. <\/p>\n\n\n\n<p><\/p>\n\n\n\n<p><\/p>\n\n\n\n<p><\/p>\n\n\n\n<p><\/p>\n\n\n\n<p><strong>Zapraszamy!<\/strong><\/p>\n\n\n\n<p><\/p>\n\n\n\n<p><\/p>\n\n\n\n<p><\/p>\n\n\n\n<p><em>Sponsorzy imprezy:<\/em><\/p>\n\n\n\n<ul class=\"wp-block-list\"><li>Drukarnia Osiedlowa z ulicy \u015awieradowskiej<\/li><li>Centrum Handlowe Ferio Gaj <\/li><li>Centrum Handlowe &#8222;Gaj&#8221;<\/li><li>Sklep &#8222;Eurospar&#8221; z ulicy \u015awieradowskiej<\/li><li>Fabryka Idei<\/li><li>Restauracja MCDonald&#8217;s z ul. Bardzkiej<\/li><li>Sklep Carrefour z ul. Bardzkiej<\/li><li>Wroc\u0142awskie Centrum Rozwoju Spo\u0142ecznego<\/li><\/ul>\n","protected":false},"excerpt":{"rendered":"<p>Rada Osiedla Gaj serdecznie zaprasza wszystkich mieszka\u0144c\u00f3w naszego osiedla na festyn osiedlowy, kt\u00f3ry odb\u0119dzie si\u0119 w sobot\u0119, 25 wrze\u015bnia, w Parku S\u0142onecznym na Gaju!<\/p>\n","protected":false},"author":1,"featured_media":13025,"comment_status":"open","ping_status":"open","sticky":false,"template":"","format":"standard","meta":{"footnotes":""},"categories":[14,12],"tags":[279,1000,1511,1510,1509],"class_list":["post-13021","post","type-post","status-publish","format-standard","has-post-thumbnail","hentry","category-aktualnosci","category-artykuly","tag-festyn-osiedla-gaj","tag-festyn-osiedlowy-na-gaju","tag-festyn-park-sloneczny-na-gaju","tag-gaj-festyn","tag-rada-osiedla-gaj-festyn"],"_links":{"self":[{"href":"https:\/\/online.tvk-gaj.pl\/index.php?rest_route=\/wp\/v2\/posts\/13021","targetHints":{"allow":["GET"]}}],"collection":[{"href":"https:\/\/online.tvk-gaj.pl\/index.php?rest_route=\/wp\/v2\/posts"}],"about":[{"href":"https:\/\/online.tvk-gaj.pl\/index.php?rest_route=\/wp\/v2\/types\/post"}],"author":[{"embeddable":true,"href":"https:\/\/online.tvk-gaj.pl\/index.php?rest_route=\/wp\/v2\/users\/1"}],"replies":[{"embeddable":true,"href":"https:\/\/online.tvk-gaj.pl\/index.php?rest_route=%2Fwp%2Fv2%2Fcomments&post=13021"}],"version-history":[{"count":6,"href":"https:\/\/online.tvk-gaj.pl\/index.php?rest_route=\/wp\/v2\/posts\/13021\/revisions"}],"predecessor-version":[{"id":13062,"href":"https:\/\/online.tvk-gaj.pl\/index.php?rest_route=\/wp\/v2\/posts\/13021\/revisions\/13062"}],"wp:featuredmedia":[{"embeddable":true,"href":"https:\/\/online.tvk-gaj.pl\/index.php?rest_route=\/wp\/v2\/media\/13025"}],"wp:attachment":[{"href":"https:\/\/online.tvk-gaj.pl\/index.php?rest_route=%2Fwp%2Fv2%2Fmedia&parent=13021"}],"wp:term":[{"taxonomy":"category","embeddable":true,"href":"https:\/\/online.tvk-gaj.pl\/index.php?rest_route=%2Fwp%2Fv2%2Fcategories&post=13021"},{"taxonomy":"post_tag","embeddable":true,"href":"https:\/\/online.tvk-gaj.pl\/index.php?rest_route=%2Fwp%2Fv2%2Ftags&post=13021"}],"curies":[{"name":"wp","href":"https:\/\/api.w.org\/{rel}","templated":true}]}}