{"id":13031,"date":"2021-09-14T22:37:32","date_gmt":"2021-09-14T20:37:32","guid":{"rendered":"http:\/\/www.tvk-gaj.pl\/~gajonline\/?p=13031"},"modified":"2021-09-15T22:33:56","modified_gmt":"2021-09-15T20:33:56","slug":"promenada-krzycka-na-gaju-juz-gotowa","status":"publish","type":"post","link":"https:\/\/online.tvk-gaj.pl\/?p=13031","title":{"rendered":"Promenada Krzycka na Gaju ju\u017c gotowa!"},"content":{"rendered":"\n<p>13 wrze\u015bnia b.r. oficjalnie oddano do u\u017cytkowania Promenad\u0119 Krzyck\u0105 na odcinku Gaj: Bardzka-Borowska. Nowa droga pieszo-rowerowa biegn\u0105ca wzd\u0142u\u017c ca\u0142ego po\u0142udnia Gaju to wa\u017cny fragment miejskiej obwodnicy rowerowej Wroc\u0142awia, a tak\u017ce powr\u00f3t historycznych koncepcji urbanistycznych miasta. <\/p>\n\n\n\n<!--more-->\n\n\n\n<p><\/p>\n\n\n\n<p><\/p>\n\n\n\n<p>Promenada Krzycka na Gaju to 1340 metrowy ci\u0105g pieszo\u2013rowerowy zlokalizowany pomi\u0119dzy ulicami Borowsk\u0105 i Bardzk\u0105 (biegn\u0105cy a\u017c do ulicy Spiskiej &#8211; wcze\u015bniejszy etap).  Odcinek cz\u0119\u015bciowo pokrywa si\u0119 z historyczn\u0105 tras\u0105 Hugo Richtera, dawnego architekta Wroc\u0142awia.<\/p>\n\n\n\n<p><\/p>\n\n\n\n<p><\/p>\n\n\n\n<figure class=\"wp-block-image size-large\"><img loading=\"lazy\" decoding=\"async\" width=\"1024\" height=\"768\" src=\"http:\/\/www.tvk-gaj.pl\/~gajonline\/wp-content\/uploads\/2021\/09\/IMG_7153-1024x768.jpg\" alt=\"\" class=\"wp-image-13056\" srcset=\"https:\/\/online.tvk-gaj.pl\/wp-content\/uploads\/2021\/09\/IMG_7153-1024x768.jpg 1024w, https:\/\/online.tvk-gaj.pl\/wp-content\/uploads\/2021\/09\/IMG_7153-300x225.jpg 300w, https:\/\/online.tvk-gaj.pl\/wp-content\/uploads\/2021\/09\/IMG_7153-768x576.jpg 768w, https:\/\/online.tvk-gaj.pl\/wp-content\/uploads\/2021\/09\/IMG_7153-1536x1152.jpg 1536w, https:\/\/online.tvk-gaj.pl\/wp-content\/uploads\/2021\/09\/IMG_7153-2048x1536.jpg 2048w\" sizes=\"auto, (max-width: 1024px) 100vw, 1024px\" \/><\/figure>\n\n\n\n<p><\/p>\n\n\n\n<p><\/p>\n\n\n\n<p>Inwestycja realizowana w ramach Wroc\u0142awskiego Bud\u017cetu Obywatelskiego (Zielona Sie\u0107 Rowerowo-Piesza  Wroc\u0142awia) kosztowa\u0142a blisko 2,8 mln z\u0142.<\/p>\n\n\n\n<p><\/p>\n\n\n\n<p><\/p>\n\n\n\n<figure class=\"wp-block-image size-large\"><img loading=\"lazy\" decoding=\"async\" width=\"1024\" height=\"768\" src=\"http:\/\/www.tvk-gaj.pl\/~gajonline\/wp-content\/uploads\/2021\/09\/IMG_8364-1024x768.jpg\" alt=\"\" class=\"wp-image-13057\" srcset=\"https:\/\/online.tvk-gaj.pl\/wp-content\/uploads\/2021\/09\/IMG_8364-1024x768.jpg 1024w, https:\/\/online.tvk-gaj.pl\/wp-content\/uploads\/2021\/09\/IMG_8364-300x225.jpg 300w, https:\/\/online.tvk-gaj.pl\/wp-content\/uploads\/2021\/09\/IMG_8364-768x576.jpg 768w, https:\/\/online.tvk-gaj.pl\/wp-content\/uploads\/2021\/09\/IMG_8364-1536x1152.jpg 1536w, https:\/\/online.tvk-gaj.pl\/wp-content\/uploads\/2021\/09\/IMG_8364-2048x1536.jpg 2048w\" sizes=\"auto, (max-width: 1024px) 100vw, 1024px\" \/><\/figure>\n\n\n\n<p><\/p>\n\n\n\n<p><\/p>\n\n\n\n<p>Na inwestycje sk\u0142adaj\u0105 si\u0119: <\/p>\n\n\n\n<p>-ci\u0105g pieszo-rowerowy o nawierzchni bitumicznej, <br>-o\u015bwietlenie: 47 latarni z oprawami LED,<br>-nowe trawniki i nasadzenia: 75 drzew ma pojawi\u0107 si\u0119 do ko\u0144ca bie\u017c\u0105cego roku.<\/p>\n\n\n\n<p><\/p>\n\n\n\n<p><\/p>\n\n\n\n<p><\/p>\n\n\n\n<figure class=\"wp-block-image size-large\"><img loading=\"lazy\" decoding=\"async\" width=\"768\" height=\"1024\" src=\"http:\/\/www.tvk-gaj.pl\/~gajonline\/wp-content\/uploads\/2021\/09\/IMG_8368-768x1024.jpg\" alt=\"\" class=\"wp-image-13058\" srcset=\"https:\/\/online.tvk-gaj.pl\/wp-content\/uploads\/2021\/09\/IMG_8368-768x1024.jpg 768w, https:\/\/online.tvk-gaj.pl\/wp-content\/uploads\/2021\/09\/IMG_8368-225x300.jpg 225w, https:\/\/online.tvk-gaj.pl\/wp-content\/uploads\/2021\/09\/IMG_8368-1152x1536.jpg 1152w, https:\/\/online.tvk-gaj.pl\/wp-content\/uploads\/2021\/09\/IMG_8368-1536x2048.jpg 1536w, https:\/\/online.tvk-gaj.pl\/wp-content\/uploads\/2021\/09\/IMG_8368-scaled.jpg 1920w\" sizes=\"auto, (max-width: 768px) 100vw, 768px\" \/><\/figure>\n\n\n\n<p><\/p>\n\n\n\n<p><\/p>\n\n\n\n<p><\/p>\n\n\n\n<p>W poniedzia\u0142ek, 13 wrze\u015bnia 2021r. odby\u0142o si\u0119 uroczyste otwarcie trasy pieszo-rowerowej, w kt\u00f3rym udzia\u0142 wzi\u0105\u0142 Prezydent Wroc\u0142awia Pan Jacek Sutryk. Nie zabrak\u0142o r\u00f3wnie\u017c przedstawicieli ZDiUM oraz miejskich s\u0142u\u017cb: <a href=\"https:\/\/fb.watch\/824wKXDpky\/\">https:\/\/fb.watch\/824wKXDpky\/<\/a><\/p>\n\n\n\n<p><\/p>\n\n\n\n<p><\/p>\n\n\n\n<p><\/p>\n\n\n\n<p><\/p>\n\n\n\n<p>W ramach dalszych inwestycji Promenady Krzyckiej przewidziano jeszcze w tym roku przetarg na 830 metrowy odcinek mi\u0119dzy ulic\u0105 Bardzk\u0105 a Gazow\u0105, kt\u00f3ry po\u0142aczy Gaj z Tarnogajem. <\/p>\n\n\n\n<p><\/p>\n\n\n\n<p><\/p>\n\n\n\n<p><\/p>\n\n\n\n<p><strong>GALERIA ZDJ\u0118\u0106<\/strong><\/p>\n\n\n\n<p><\/p>\n\n\n\n[ngg src=&#8221;galleries&#8221; ids=&#8221;120&#8243; display=&#8221;basic_thumbnail&#8221; thumbnail_crop=&#8221;0&#8243;]\n\n\n\n<p><\/p>\n\n\n\n<p><\/p>\n\n\n\n<p><\/p>\n","protected":false},"excerpt":{"rendered":"<p>13 wrze\u015bnia b.r. oficjalnie oddano do u\u017cytkowania Promenad\u0119 Krzyck\u0105 na odcinku Gaj: Bardzka-Borowska. Nowa droga pieszo-rowerowa biegn\u0105ca wzd\u0142u\u017c ca\u0142ego po\u0142udnia Gaju to wa\u017cny fragment miejskiej obwodnicy rowerowej Wroc\u0142awia, a tak\u017ce powr\u00f3t historycznych koncepcji urbanistycznych miasta.<\/p>\n","protected":false},"author":1,"featured_media":13042,"comment_status":"open","ping_status":"open","sticky":false,"template":"","format":"standard","meta":{"footnotes":""},"categories":[14,12],"tags":[112,1009,1512,1513,243,344,1384],"class_list":["post-13031","post","type-post","status-publish","format-standard","has-post-thumbnail","hentry","category-aktualnosci","category-artykuly","tag-gaj","tag-promenada-krzycka","tag-promenada-krzycka-na-gaju","tag-rowerowa-obwodnica-gaju","tag-sciezka-rowerowa","tag-wroclawski-budzet-obywatelski","tag-zielona-pieszo-rowerowa-obwodnica-wroclawia"],"_links":{"self":[{"href":"https:\/\/online.tvk-gaj.pl\/index.php?rest_route=\/wp\/v2\/posts\/13031","targetHints":{"allow":["GET"]}}],"collection":[{"href":"https:\/\/online.tvk-gaj.pl\/index.php?rest_route=\/wp\/v2\/posts"}],"about":[{"href":"https:\/\/online.tvk-gaj.pl\/index.php?rest_route=\/wp\/v2\/types\/post"}],"author":[{"embeddable":true,"href":"https:\/\/online.tvk-gaj.pl\/index.php?rest_route=\/wp\/v2\/users\/1"}],"replies":[{"embeddable":true,"href":"https:\/\/online.tvk-gaj.pl\/index.php?rest_route=%2Fwp%2Fv2%2Fcomments&post=13031"}],"version-history":[{"count":6,"href":"https:\/\/online.tvk-gaj.pl\/index.php?rest_route=\/wp\/v2\/posts\/13031\/revisions"}],"predecessor-version":[{"id":13067,"href":"https:\/\/online.tvk-gaj.pl\/index.php?rest_route=\/wp\/v2\/posts\/13031\/revisions\/13067"}],"wp:featuredmedia":[{"embeddable":true,"href":"https:\/\/online.tvk-gaj.pl\/index.php?rest_route=\/wp\/v2\/media\/13042"}],"wp:attachment":[{"href":"https:\/\/online.tvk-gaj.pl\/index.php?rest_route=%2Fwp%2Fv2%2Fmedia&parent=13031"}],"wp:term":[{"taxonomy":"category","embeddable":true,"href":"https:\/\/online.tvk-gaj.pl\/index.php?rest_route=%2Fwp%2Fv2%2Fcategories&post=13031"},{"taxonomy":"post_tag","embeddable":true,"href":"https:\/\/online.tvk-gaj.pl\/index.php?rest_route=%2Fwp%2Fv2%2Ftags&post=13031"}],"curies":[{"name":"wp","href":"https:\/\/api.w.org\/{rel}","templated":true}]}}