{"id":13078,"date":"2021-09-21T22:23:58","date_gmt":"2021-09-21T20:23:58","guid":{"rendered":"http:\/\/www.tvk-gaj.pl\/~gajonline\/?p=13078"},"modified":"2021-10-14T20:47:55","modified_gmt":"2021-10-14T18:47:55","slug":"przewodniczacy-rady-osiedla-gaj-z-medalem-od-prezydenta-wroclawia","status":"publish","type":"post","link":"https:\/\/online.tvk-gaj.pl\/?p=13078","title":{"rendered":"Przewodnicz\u0105cy Rady Osiedla Gaj z medalem od Prezydenta Wroc\u0142awia!"},"content":{"rendered":"\n<p>Medal &#8222;Merito de Wratislavia &#8211; Zas\u0142u\u017cony dla Wroc\u0142awia&#8221; dla Przewodnicz\u0105cego RO Gaj &#8211; Adama Wojtaszewskiego.<\/p>\n\n\n\n<!--more-->\n\n\n\n<p><\/p>\n\n\n\n<p><\/p>\n\n\n\n<p><\/p>\n\n\n\n<figure class=\"wp-block-image size-large\"><img loading=\"lazy\" decoding=\"async\" width=\"768\" height=\"1024\" src=\"http:\/\/www.tvk-gaj.pl\/~gajonline\/wp-content\/uploads\/2021\/09\/f945ca55-7531-4709-b9fc-f0c08c9f1107-768x1024.jpg\" alt=\"\" class=\"wp-image-13079\" srcset=\"https:\/\/online.tvk-gaj.pl\/wp-content\/uploads\/2021\/09\/f945ca55-7531-4709-b9fc-f0c08c9f1107-768x1024.jpg 768w, https:\/\/online.tvk-gaj.pl\/wp-content\/uploads\/2021\/09\/f945ca55-7531-4709-b9fc-f0c08c9f1107-225x300.jpg 225w, https:\/\/online.tvk-gaj.pl\/wp-content\/uploads\/2021\/09\/f945ca55-7531-4709-b9fc-f0c08c9f1107-1152x1536.jpg 1152w, https:\/\/online.tvk-gaj.pl\/wp-content\/uploads\/2021\/09\/f945ca55-7531-4709-b9fc-f0c08c9f1107.jpg 1200w\" sizes=\"auto, (max-width: 768px) 100vw, 768px\" \/><\/figure>\n\n\n\n<p><\/p>\n\n\n\n<p><\/p>\n\n\n\n<p><\/p>\n\n\n\n<p>Mi\u0142o nam poinformowa\u0107, \u017ce Przewodnicz\u0105cy Rady Osiedla Gaj, Pan Adam Wojtaszewski, otrzyma\u0142 z r\u0105k Prezydenta Wroc\u0142awia, Pana Jacka Sutryka, medal pami\u0105tkowy &#8222;Merito de Wratislavia &#8211; Zas\u0142u\u017cony dla Wroc\u0142awia&#8221;.<\/p>\n\n\n\n<p><\/p>\n\n\n\n<p><\/p>\n\n\n\n<p><\/p>\n\n\n\n<p><\/p>\n\n\n\n<figure class=\"wp-block-image size-large\"><img loading=\"lazy\" decoding=\"async\" width=\"768\" height=\"1024\" src=\"http:\/\/www.tvk-gaj.pl\/~gajonline\/wp-content\/uploads\/2021\/09\/0834b60d-d0e8-4ea4-bd25-7866050a6ea4-768x1024.jpg\" alt=\"\" class=\"wp-image-13080\" srcset=\"https:\/\/online.tvk-gaj.pl\/wp-content\/uploads\/2021\/09\/0834b60d-d0e8-4ea4-bd25-7866050a6ea4-768x1024.jpg 768w, https:\/\/online.tvk-gaj.pl\/wp-content\/uploads\/2021\/09\/0834b60d-d0e8-4ea4-bd25-7866050a6ea4-225x300.jpg 225w, https:\/\/online.tvk-gaj.pl\/wp-content\/uploads\/2021\/09\/0834b60d-d0e8-4ea4-bd25-7866050a6ea4-1152x1536.jpg 1152w, https:\/\/online.tvk-gaj.pl\/wp-content\/uploads\/2021\/09\/0834b60d-d0e8-4ea4-bd25-7866050a6ea4.jpg 1200w\" sizes=\"auto, (max-width: 768px) 100vw, 768px\" \/><\/figure>\n\n\n\n<p><\/p>\n\n\n\n<p><\/p>\n\n\n\n<p><\/p>\n\n\n\n<p>Medal zosta\u0142 odebrany osobi\u015bcie przez Pana Adam Wojtaszewskiego 16 wrze\u015bnia, w ratuszu. <\/p>\n\n\n\n<p><\/p>\n\n\n\n<p><\/p>\n\n\n\n<p><\/p>\n\n\n\n<p><\/p>\n\n\n\n<figure class=\"wp-block-image size-large\"><img loading=\"lazy\" decoding=\"async\" width=\"768\" height=\"1024\" src=\"http:\/\/www.tvk-gaj.pl\/~gajonline\/wp-content\/uploads\/2021\/09\/ebbffaa3-17f3-479e-9188-671959bd1853-768x1024.jpg\" alt=\"\" class=\"wp-image-13081\" srcset=\"https:\/\/online.tvk-gaj.pl\/wp-content\/uploads\/2021\/09\/ebbffaa3-17f3-479e-9188-671959bd1853-768x1024.jpg 768w, https:\/\/online.tvk-gaj.pl\/wp-content\/uploads\/2021\/09\/ebbffaa3-17f3-479e-9188-671959bd1853-225x300.jpg 225w, https:\/\/online.tvk-gaj.pl\/wp-content\/uploads\/2021\/09\/ebbffaa3-17f3-479e-9188-671959bd1853-1152x1536.jpg 1152w, https:\/\/online.tvk-gaj.pl\/wp-content\/uploads\/2021\/09\/ebbffaa3-17f3-479e-9188-671959bd1853.jpg 1200w\" sizes=\"auto, (max-width: 768px) 100vw, 768px\" \/><\/figure>\n\n\n\n<p><\/p>\n\n\n\n<p><\/p>\n\n\n\n<p><\/p>\n\n\n\n<p><strong>Serdecznie gratulujemy!<\/strong><\/p>\n\n\n\n<p><\/p>\n\n\n\n<p><\/p>\n\n\n\n<p><\/p>\n","protected":false},"excerpt":{"rendered":"<p>Medal &#8222;Merito de Wratislavia &#8211; Zas\u0142u\u017cony dla Wroc\u0142awia&#8221; dla Przewodnicz\u0105cego RO Gaj &#8211; Adama Wojtaszewskiego.<\/p>\n","protected":false},"author":1,"featured_media":13082,"comment_status":"open","ping_status":"open","sticky":false,"template":"","format":"standard","meta":{"footnotes":""},"categories":[14],"tags":[1520,1522,1521,376],"class_list":["post-13078","post","type-post","status-publish","format-standard","has-post-thumbnail","hentry","category-aktualnosci","tag-medal","tag-medal-zasluzony-dla-wroclawia-adam-wojtaszewski","tag-merito-de-wratislavia-zasluzony-dla-wroclawia","tag-prezydent-wroclawia"],"_links":{"self":[{"href":"https:\/\/online.tvk-gaj.pl\/index.php?rest_route=\/wp\/v2\/posts\/13078","targetHints":{"allow":["GET"]}}],"collection":[{"href":"https:\/\/online.tvk-gaj.pl\/index.php?rest_route=\/wp\/v2\/posts"}],"about":[{"href":"https:\/\/online.tvk-gaj.pl\/index.php?rest_route=\/wp\/v2\/types\/post"}],"author":[{"embeddable":true,"href":"https:\/\/online.tvk-gaj.pl\/index.php?rest_route=\/wp\/v2\/users\/1"}],"replies":[{"embeddable":true,"href":"https:\/\/online.tvk-gaj.pl\/index.php?rest_route=%2Fwp%2Fv2%2Fcomments&post=13078"}],"version-history":[{"count":2,"href":"https:\/\/online.tvk-gaj.pl\/index.php?rest_route=\/wp\/v2\/posts\/13078\/revisions"}],"predecessor-version":[{"id":13084,"href":"https:\/\/online.tvk-gaj.pl\/index.php?rest_route=\/wp\/v2\/posts\/13078\/revisions\/13084"}],"wp:featuredmedia":[{"embeddable":true,"href":"https:\/\/online.tvk-gaj.pl\/index.php?rest_route=\/wp\/v2\/media\/13082"}],"wp:attachment":[{"href":"https:\/\/online.tvk-gaj.pl\/index.php?rest_route=%2Fwp%2Fv2%2Fmedia&parent=13078"}],"wp:term":[{"taxonomy":"category","embeddable":true,"href":"https:\/\/online.tvk-gaj.pl\/index.php?rest_route=%2Fwp%2Fv2%2Fcategories&post=13078"},{"taxonomy":"post_tag","embeddable":true,"href":"https:\/\/online.tvk-gaj.pl\/index.php?rest_route=%2Fwp%2Fv2%2Ftags&post=13078"}],"curies":[{"name":"wp","href":"https:\/\/api.w.org\/{rel}","templated":true}]}}