{"id":13085,"date":"2021-09-27T22:52:45","date_gmt":"2021-09-27T20:52:45","guid":{"rendered":"http:\/\/www.tvk-gaj.pl\/~gajonline\/?p=13085"},"modified":"2021-09-27T22:59:40","modified_gmt":"2021-09-27T20:59:40","slug":"festyn-osiedla-gaj-2021-fotorelacja","status":"publish","type":"post","link":"https:\/\/online.tvk-gaj.pl\/?p=13085","title":{"rendered":"Festyn Osiedla Gaj 2021 &#8211; fotorelacja"},"content":{"rendered":"\n<p>Zapraszamy do fotorelacji z festynu osiedlowego na Gaju, kt\u00f3ry odby\u0142\u00a0si\u0119 25 wrze\u015bnia 2021r. w Parku S\u0142onecznym na Gaju! <\/p>\n\n\n\n<!--more-->\n\n\n\n<p><\/p>\n\n\n\n<p><\/p>\n\n\n\n<figure class=\"wp-block-image size-large\"><img loading=\"lazy\" decoding=\"async\" width=\"724\" height=\"1024\" src=\"http:\/\/www.tvk-gaj.pl\/~gajonline\/wp-content\/uploads\/2021\/09\/Festyn-Osiedla-Gaj-25.09.2021-724x1024.png\" alt=\"\" class=\"wp-image-13023\" srcset=\"https:\/\/online.tvk-gaj.pl\/wp-content\/uploads\/2021\/09\/Festyn-Osiedla-Gaj-25.09.2021-724x1024.png 724w, https:\/\/online.tvk-gaj.pl\/wp-content\/uploads\/2021\/09\/Festyn-Osiedla-Gaj-25.09.2021-212x300.png 212w, https:\/\/online.tvk-gaj.pl\/wp-content\/uploads\/2021\/09\/Festyn-Osiedla-Gaj-25.09.2021-768x1086.png 768w, https:\/\/online.tvk-gaj.pl\/wp-content\/uploads\/2021\/09\/Festyn-Osiedla-Gaj-25.09.2021-1086x1536.png 1086w, https:\/\/online.tvk-gaj.pl\/wp-content\/uploads\/2021\/09\/Festyn-Osiedla-Gaj-25.09.2021-1448x2048.png 1448w, https:\/\/online.tvk-gaj.pl\/wp-content\/uploads\/2021\/09\/Festyn-Osiedla-Gaj-25.09.2021.png 1587w\" sizes=\"auto, (max-width: 724px) 100vw, 724px\" \/><\/figure>\n\n\n\n<p><\/p>\n\n\n\n<p><meta charset=\"utf-8\">Relacj\u0119 z tegoroczne festynu osiedla Gaj mo\u017cna stre\u015bci\u0107 w nast\u0119puj\u0105cych s\u0142owach: babie lato, u\u015bmiech, muzyka i dobra zabawa!<\/p>\n\n\n\n<p><\/p>\n\n\n\n<p><\/p>\n\n\n\n<figure class=\"wp-block-image size-large\"><img loading=\"lazy\" decoding=\"async\" width=\"1024\" height=\"613\" src=\"http:\/\/www.tvk-gaj.pl\/~gajonline\/wp-content\/uploads\/2021\/09\/IMG_9097logo-1-1024x613.jpg\" alt=\"\" class=\"wp-image-13163\" srcset=\"https:\/\/online.tvk-gaj.pl\/wp-content\/uploads\/2021\/09\/IMG_9097logo-1-1024x613.jpg 1024w, https:\/\/online.tvk-gaj.pl\/wp-content\/uploads\/2021\/09\/IMG_9097logo-1-300x180.jpg 300w, https:\/\/online.tvk-gaj.pl\/wp-content\/uploads\/2021\/09\/IMG_9097logo-1-768x460.jpg 768w, https:\/\/online.tvk-gaj.pl\/wp-content\/uploads\/2021\/09\/IMG_9097logo-1-1536x920.jpg 1536w, https:\/\/online.tvk-gaj.pl\/wp-content\/uploads\/2021\/09\/IMG_9097logo-1.jpg 1853w\" sizes=\"auto, (max-width: 1024px) 100vw, 1024px\" \/><\/figure>\n\n\n\n<p><\/p>\n\n\n\n<p><meta charset=\"utf-8\">Aura oraz frekwencja zdecydowanie dopisa\u0142y. Tak samo jak zaproszeni go\u015bcie oraz nasi wspaniali mieszka\u0144cy.<\/p>\n\n\n\n<p><\/p>\n\n\n\n<p><\/p>\n\n\n\n<figure class=\"wp-block-image size-large\"><img loading=\"lazy\" decoding=\"async\" width=\"1024\" height=\"768\" src=\"http:\/\/www.tvk-gaj.pl\/~gajonline\/wp-content\/uploads\/2021\/09\/IMG_9042-1024x768.jpg\" alt=\"\" class=\"wp-image-13164\" srcset=\"https:\/\/online.tvk-gaj.pl\/wp-content\/uploads\/2021\/09\/IMG_9042-1024x768.jpg 1024w, https:\/\/online.tvk-gaj.pl\/wp-content\/uploads\/2021\/09\/IMG_9042-300x225.jpg 300w, https:\/\/online.tvk-gaj.pl\/wp-content\/uploads\/2021\/09\/IMG_9042-768x576.jpg 768w, https:\/\/online.tvk-gaj.pl\/wp-content\/uploads\/2021\/09\/IMG_9042-1536x1152.jpg 1536w, https:\/\/online.tvk-gaj.pl\/wp-content\/uploads\/2021\/09\/IMG_9042.jpg 2016w\" sizes=\"auto, (max-width: 1024px) 100vw, 1024px\" \/><\/figure>\n\n\n\n<p><\/p>\n\n\n\n<p><meta charset=\"utf-8\">Festyn obfitowa\u0142 w atrakcje dla najm\u0142odszych (za zabawy dla dzieci odpowiadali profesjonalni animatorzy).<\/p>\n\n\n\n<p><\/p>\n\n\n\n<p><\/p>\n\n\n\n<p><\/p>\n\n\n\n<figure class=\"wp-block-image size-large\"><img loading=\"lazy\" decoding=\"async\" width=\"1024\" height=\"768\" src=\"http:\/\/www.tvk-gaj.pl\/~gajonline\/wp-content\/uploads\/2021\/09\/IMG_9064-1024x768.jpg\" alt=\"\" class=\"wp-image-13165\" srcset=\"https:\/\/online.tvk-gaj.pl\/wp-content\/uploads\/2021\/09\/IMG_9064-1024x768.jpg 1024w, https:\/\/online.tvk-gaj.pl\/wp-content\/uploads\/2021\/09\/IMG_9064-300x225.jpg 300w, https:\/\/online.tvk-gaj.pl\/wp-content\/uploads\/2021\/09\/IMG_9064-768x576.jpg 768w, https:\/\/online.tvk-gaj.pl\/wp-content\/uploads\/2021\/09\/IMG_9064-1536x1152.jpg 1536w, https:\/\/online.tvk-gaj.pl\/wp-content\/uploads\/2021\/09\/IMG_9064.jpg 2016w\" sizes=\"auto, (max-width: 1024px) 100vw, 1024px\" \/><\/figure>\n\n\n\n<p>Opraw\u0119 muzyczn\u0105 zapewni\u0142 m.in. zesp\u00f3\u0142 &#8222;Amper&#8221;<\/p>\n\n\n\n<p><\/p>\n\n\n\n<p><\/p>\n\n\n\n<p><\/p>\n\n\n\n<figure class=\"wp-block-image size-large\"><img loading=\"lazy\" decoding=\"async\" width=\"768\" height=\"1024\" src=\"http:\/\/www.tvk-gaj.pl\/~gajonline\/wp-content\/uploads\/2021\/09\/PHOTO-2021-09-26-12-11-22-768x1024.jpg\" alt=\"\" class=\"wp-image-13166\" srcset=\"https:\/\/online.tvk-gaj.pl\/wp-content\/uploads\/2021\/09\/PHOTO-2021-09-26-12-11-22-768x1024.jpg 768w, https:\/\/online.tvk-gaj.pl\/wp-content\/uploads\/2021\/09\/PHOTO-2021-09-26-12-11-22-225x300.jpg 225w, https:\/\/online.tvk-gaj.pl\/wp-content\/uploads\/2021\/09\/PHOTO-2021-09-26-12-11-22-1152x1536.jpg 1152w, https:\/\/online.tvk-gaj.pl\/wp-content\/uploads\/2021\/09\/PHOTO-2021-09-26-12-11-22.jpg 1200w\" sizes=\"auto, (max-width: 768px) 100vw, 768px\" \/><\/figure>\n\n\n\n<p><\/p>\n\n\n\n<p>Wieczorem odby\u0142a si\u0119 dyskoteka poprowadzona przez go\u015bcia specjalnego &#8211; Pana Jerzego Tatarka, oficera rozrywkowego statku &#8222;Stefan Batory&#8221; oraz zas\u0142u\u017conego mieszka\u0144ca Gaju i lokalnego przedsi\u0119biorc\u0119. <\/p>\n\n\n\n<p><\/p>\n\n\n\n<p><\/p>\n\n\n\n<figure class=\"wp-block-image size-large\"><img loading=\"lazy\" decoding=\"async\" width=\"1024\" height=\"768\" src=\"http:\/\/www.tvk-gaj.pl\/~gajonline\/wp-content\/uploads\/2021\/09\/IMG_9027-1024x768.jpg\" alt=\"\" class=\"wp-image-13167\" srcset=\"https:\/\/online.tvk-gaj.pl\/wp-content\/uploads\/2021\/09\/IMG_9027-1024x768.jpg 1024w, https:\/\/online.tvk-gaj.pl\/wp-content\/uploads\/2021\/09\/IMG_9027-300x225.jpg 300w, https:\/\/online.tvk-gaj.pl\/wp-content\/uploads\/2021\/09\/IMG_9027-768x576.jpg 768w, https:\/\/online.tvk-gaj.pl\/wp-content\/uploads\/2021\/09\/IMG_9027-1536x1152.jpg 1536w, https:\/\/online.tvk-gaj.pl\/wp-content\/uploads\/2021\/09\/IMG_9027.jpg 2016w\" sizes=\"auto, (max-width: 1024px) 100vw, 1024px\" \/><\/figure>\n\n\n\n<p><\/p>\n\n\n\n<p><\/p>\n\n\n\n<p><meta charset=\"utf-8\">Oczywi\u015bcie nie oby\u0142o si\u0119 bez grilla, waty cukrowej, dmuchanych zamk\u00f3w czy stoisk z zabawkami i s\u0142odyczami.\u00a0 <\/p>\n\n\n\n<p><\/p>\n\n\n\n<p><\/p>\n\n\n\n<figure class=\"wp-block-image size-large\"><img loading=\"lazy\" decoding=\"async\" width=\"1024\" height=\"768\" src=\"http:\/\/www.tvk-gaj.pl\/~gajonline\/wp-content\/uploads\/2021\/09\/IMG_9005-1024x768.jpg\" alt=\"\" class=\"wp-image-13168\" srcset=\"https:\/\/online.tvk-gaj.pl\/wp-content\/uploads\/2021\/09\/IMG_9005-1024x768.jpg 1024w, https:\/\/online.tvk-gaj.pl\/wp-content\/uploads\/2021\/09\/IMG_9005-300x225.jpg 300w, https:\/\/online.tvk-gaj.pl\/wp-content\/uploads\/2021\/09\/IMG_9005-768x576.jpg 768w, https:\/\/online.tvk-gaj.pl\/wp-content\/uploads\/2021\/09\/IMG_9005-1536x1152.jpg 1536w, https:\/\/online.tvk-gaj.pl\/wp-content\/uploads\/2021\/09\/IMG_9005.jpg 2016w\" sizes=\"auto, (max-width: 1024px) 100vw, 1024px\" \/><\/figure>\n\n\n\n<p><\/p>\n\n\n\n<p><\/p>\n\n\n\n<p>Podczas festynu pojawi\u0142 si\u0119 r\u00f3wnie\u017c &#8222;Szczepciobus&#8221;, czyli specjalny autobus, w kt\u00f3rym mieszka\u0144cy osiedla mogli zaszczepi\u0107 si\u0119 przeciwko COVID-19. Mobilny punkt szczepie\u0144, kt\u00f3ry zaparkowa\u0142 przy samym Parku S\u0142onecznym cieszy\u0142 si\u0119 du\u017c\u0105 popularno\u015bci\u0105.<\/p>\n\n\n\n<p><\/p>\n\n\n\n<p><\/p>\n\n\n\n<figure class=\"wp-block-image size-large\"><img loading=\"lazy\" decoding=\"async\" width=\"1024\" height=\"768\" src=\"http:\/\/www.tvk-gaj.pl\/~gajonline\/wp-content\/uploads\/2021\/09\/IMG_9016-1024x768.jpg\" alt=\"\" class=\"wp-image-13169\" srcset=\"https:\/\/online.tvk-gaj.pl\/wp-content\/uploads\/2021\/09\/IMG_9016-1024x768.jpg 1024w, https:\/\/online.tvk-gaj.pl\/wp-content\/uploads\/2021\/09\/IMG_9016-300x225.jpg 300w, https:\/\/online.tvk-gaj.pl\/wp-content\/uploads\/2021\/09\/IMG_9016-768x576.jpg 768w, https:\/\/online.tvk-gaj.pl\/wp-content\/uploads\/2021\/09\/IMG_9016-1536x1152.jpg 1536w, https:\/\/online.tvk-gaj.pl\/wp-content\/uploads\/2021\/09\/IMG_9016.jpg 2016w\" sizes=\"auto, (max-width: 1024px) 100vw, 1024px\" \/><\/figure>\n\n\n\n<p><\/p>\n\n\n\n<p><\/p>\n\n\n\n<p>Na festynie pojawili si\u0119 r\u00f3wnie\u017c seniorzy z Klubu Seniora na Gaju. <\/p>\n\n\n\n<p><\/p>\n\n\n\n<p><\/p>\n\n\n\n<p><\/p>\n\n\n\n<figure class=\"wp-block-image size-large\"><img loading=\"lazy\" decoding=\"async\" width=\"1024\" height=\"768\" src=\"http:\/\/www.tvk-gaj.pl\/~gajonline\/wp-content\/uploads\/2021\/09\/IMG_9021-1024x768.jpg\" alt=\"\" class=\"wp-image-13171\" srcset=\"https:\/\/online.tvk-gaj.pl\/wp-content\/uploads\/2021\/09\/IMG_9021-1024x768.jpg 1024w, https:\/\/online.tvk-gaj.pl\/wp-content\/uploads\/2021\/09\/IMG_9021-300x225.jpg 300w, https:\/\/online.tvk-gaj.pl\/wp-content\/uploads\/2021\/09\/IMG_9021-768x576.jpg 768w, https:\/\/online.tvk-gaj.pl\/wp-content\/uploads\/2021\/09\/IMG_9021-1536x1152.jpg 1536w, https:\/\/online.tvk-gaj.pl\/wp-content\/uploads\/2021\/09\/IMG_9021.jpg 2016w\" sizes=\"auto, (max-width: 1024px) 100vw, 1024px\" \/><\/figure>\n\n\n\n<p><\/p>\n\n\n\n<p><\/p>\n\n\n\n<p>Klub Seniora pojawi\u0142 si\u0119 ze stworzonym przez siebie r\u0119kodzie\u0142em. Opr\u00f3cz tego sw\u00f3j punkt mia\u0142a r\u00f3wnie\u017c &#8222;Biblioteka Osiedlowa&#8221; przy Radzie Osiedla Gaj, kt\u00f3ra rozdawa\u0142a ksi\u0105\u017cki.<\/p>\n\n\n\n<p><\/p>\n\n\n\n<p><\/p>\n\n\n\n<figure class=\"wp-block-image size-large\"><img loading=\"lazy\" decoding=\"async\" width=\"1024\" height=\"576\" src=\"http:\/\/www.tvk-gaj.pl\/~gajonline\/wp-content\/uploads\/2021\/09\/mecz-1024x576.jpeg\" alt=\"\" class=\"wp-image-13182\" srcset=\"https:\/\/online.tvk-gaj.pl\/wp-content\/uploads\/2021\/09\/mecz-1024x576.jpeg 1024w, https:\/\/online.tvk-gaj.pl\/wp-content\/uploads\/2021\/09\/mecz-300x169.jpeg 300w, https:\/\/online.tvk-gaj.pl\/wp-content\/uploads\/2021\/09\/mecz-768x432.jpeg 768w, https:\/\/online.tvk-gaj.pl\/wp-content\/uploads\/2021\/09\/mecz.jpeg 1080w\" sizes=\"auto, (max-width: 1024px) 100vw, 1024px\" \/><\/figure>\n\n\n\n<p><\/p>\n\n\n\n<p><\/p>\n\n\n\n<p>Kulminacyjnym punktem programu by\u0142 fina\u0142 letniej akcji &#8222;Sportowy Gaj&#8221; zako\u0144czony meczem pi\u0142karskim pomi\u0119dzy m\u0142odzie\u017cow\u0105 dru\u017cyn\u0105 osiedlow\u0105 a oldboyami WKS \u015al\u0105sk Wroc\u0142aw.<\/p>\n\n\n\n<p><\/p>\n\n\n\n<p><\/p>\n\n\n\n<figure class=\"wp-block-image size-large\"><img loading=\"lazy\" decoding=\"async\" width=\"768\" height=\"1024\" src=\"http:\/\/www.tvk-gaj.pl\/~gajonline\/wp-content\/uploads\/2021\/09\/IMG_9029-768x1024.jpg\" alt=\"\" class=\"wp-image-13172\" srcset=\"https:\/\/online.tvk-gaj.pl\/wp-content\/uploads\/2021\/09\/IMG_9029-768x1024.jpg 768w, https:\/\/online.tvk-gaj.pl\/wp-content\/uploads\/2021\/09\/IMG_9029-225x300.jpg 225w, https:\/\/online.tvk-gaj.pl\/wp-content\/uploads\/2021\/09\/IMG_9029-1152x1536.jpg 1152w, https:\/\/online.tvk-gaj.pl\/wp-content\/uploads\/2021\/09\/IMG_9029.jpg 1512w\" sizes=\"auto, (max-width: 768px) 100vw, 768px\" \/><\/figure>\n\n\n\n<p><\/p>\n\n\n\n<p>Imprez\u0119 prowadzi\u0142 niezawodny Miros\u0142aw Majcherek &#8211; aktor, pszczelarz i mieszkaniec Gaju.<\/p>\n\n\n\n<p><\/p>\n\n\n\n<p><\/p>\n\n\n\n<figure class=\"wp-block-image size-large\"><img loading=\"lazy\" decoding=\"async\" width=\"768\" height=\"1024\" src=\"http:\/\/www.tvk-gaj.pl\/~gajonline\/wp-content\/uploads\/2021\/09\/IMG_9070-768x1024.jpg\" alt=\"\" class=\"wp-image-13173\" srcset=\"https:\/\/online.tvk-gaj.pl\/wp-content\/uploads\/2021\/09\/IMG_9070-768x1024.jpg 768w, https:\/\/online.tvk-gaj.pl\/wp-content\/uploads\/2021\/09\/IMG_9070-225x300.jpg 225w, https:\/\/online.tvk-gaj.pl\/wp-content\/uploads\/2021\/09\/IMG_9070-1152x1536.jpg 1152w, https:\/\/online.tvk-gaj.pl\/wp-content\/uploads\/2021\/09\/IMG_9070.jpg 1512w\" sizes=\"auto, (max-width: 768px) 100vw, 768px\" \/><\/figure>\n\n\n\n<p><\/p>\n\n\n\n<p><\/p>\n\n\n\n<p>Swoje stoiska mia\u0142o  r\u00f3wnie\u017c miasto, promuj\u0105ce m.in. wybory do rad osiedli.<\/p>\n\n\n\n<p><\/p>\n\n\n\n<p><\/p>\n\n\n\n<figure class=\"wp-block-image size-large\"><img loading=\"lazy\" decoding=\"async\" width=\"1024\" height=\"768\" src=\"http:\/\/www.tvk-gaj.pl\/~gajonline\/wp-content\/uploads\/2021\/09\/IMG_9108-1024x768.jpg\" alt=\"\" class=\"wp-image-13174\" srcset=\"https:\/\/online.tvk-gaj.pl\/wp-content\/uploads\/2021\/09\/IMG_9108-1024x768.jpg 1024w, https:\/\/online.tvk-gaj.pl\/wp-content\/uploads\/2021\/09\/IMG_9108-300x225.jpg 300w, https:\/\/online.tvk-gaj.pl\/wp-content\/uploads\/2021\/09\/IMG_9108-768x576.jpg 768w, https:\/\/online.tvk-gaj.pl\/wp-content\/uploads\/2021\/09\/IMG_9108-1536x1152.jpg 1536w, https:\/\/online.tvk-gaj.pl\/wp-content\/uploads\/2021\/09\/IMG_9108.jpg 2016w\" sizes=\"auto, (max-width: 1024px) 100vw, 1024px\" \/><\/figure>\n\n\n\n<p><\/p>\n\n\n\n<p>Za bezpiecze\u0144stwo odpowiada\u0142a m.in. Stra\u017c Miejska, kt\u00f3ra udost\u0119pni\u0142a do zwiedzania swoje radiowozy.<\/p>\n\n\n\n<p><\/p>\n\n\n\n<p><\/p>\n\n\n\n<p><\/p>\n\n\n\n<figure class=\"wp-block-image size-large\"><img loading=\"lazy\" decoding=\"async\" width=\"768\" height=\"1024\" src=\"http:\/\/www.tvk-gaj.pl\/~gajonline\/wp-content\/uploads\/2021\/09\/PHOTO-2021-09-25-17-11-36-768x1024.jpg\" alt=\"\" class=\"wp-image-13175\" srcset=\"https:\/\/online.tvk-gaj.pl\/wp-content\/uploads\/2021\/09\/PHOTO-2021-09-25-17-11-36-768x1024.jpg 768w, https:\/\/online.tvk-gaj.pl\/wp-content\/uploads\/2021\/09\/PHOTO-2021-09-25-17-11-36-225x300.jpg 225w, https:\/\/online.tvk-gaj.pl\/wp-content\/uploads\/2021\/09\/PHOTO-2021-09-25-17-11-36-1152x1536.jpg 1152w, https:\/\/online.tvk-gaj.pl\/wp-content\/uploads\/2021\/09\/PHOTO-2021-09-25-17-11-36.jpg 1200w\" sizes=\"auto, (max-width: 768px) 100vw, 768px\" \/><\/figure>\n\n\n\n<p><\/p>\n\n\n\n<p>Ze swoimi stoiskami pojawili si\u0119 r\u00f3wnie\u017c sponsorzy imprezy, m.in. sklep Eurospar z ul. \u015awieradowskiej. <\/p>\n\n\n\n<p><\/p>\n\n\n\n<p><\/p>\n\n\n\n<figure class=\"wp-block-image size-large\"><img loading=\"lazy\" decoding=\"async\" width=\"1024\" height=\"768\" src=\"http:\/\/www.tvk-gaj.pl\/~gajonline\/wp-content\/uploads\/2021\/09\/IMG_9055-1024x768.jpg\" alt=\"\" class=\"wp-image-13176\" srcset=\"https:\/\/online.tvk-gaj.pl\/wp-content\/uploads\/2021\/09\/IMG_9055-1024x768.jpg 1024w, https:\/\/online.tvk-gaj.pl\/wp-content\/uploads\/2021\/09\/IMG_9055-300x225.jpg 300w, https:\/\/online.tvk-gaj.pl\/wp-content\/uploads\/2021\/09\/IMG_9055-768x576.jpg 768w, https:\/\/online.tvk-gaj.pl\/wp-content\/uploads\/2021\/09\/IMG_9055-1536x1152.jpg 1536w, https:\/\/online.tvk-gaj.pl\/wp-content\/uploads\/2021\/09\/IMG_9055.jpg 2016w\" sizes=\"auto, (max-width: 1024px) 100vw, 1024px\" \/><\/figure>\n\n\n\n<p><\/p>\n\n\n\n<p>Tradycyjnie te\u017c pojawi\u0142 si\u0119 sklep &#8222;Aga&#8221; z loteri\u0105. <\/p>\n\n\n\n<p><\/p>\n\n\n\n<p><\/p>\n\n\n\n<figure class=\"wp-block-image size-large\"><img loading=\"lazy\" decoding=\"async\" width=\"1024\" height=\"768\" src=\"http:\/\/www.tvk-gaj.pl\/~gajonline\/wp-content\/uploads\/2021\/09\/IMG_9058-1024x768.jpg\" alt=\"\" class=\"wp-image-13177\" srcset=\"https:\/\/online.tvk-gaj.pl\/wp-content\/uploads\/2021\/09\/IMG_9058-1024x768.jpg 1024w, https:\/\/online.tvk-gaj.pl\/wp-content\/uploads\/2021\/09\/IMG_9058-300x225.jpg 300w, https:\/\/online.tvk-gaj.pl\/wp-content\/uploads\/2021\/09\/IMG_9058-768x576.jpg 768w, https:\/\/online.tvk-gaj.pl\/wp-content\/uploads\/2021\/09\/IMG_9058-1536x1152.jpg 1536w, https:\/\/online.tvk-gaj.pl\/wp-content\/uploads\/2021\/09\/IMG_9058.jpg 2016w\" sizes=\"auto, (max-width: 1024px) 100vw, 1024px\" \/><\/figure>\n\n\n\n<p><\/p>\n\n\n\n<p><\/p>\n\n\n\n<p>Opr\u00f3cz dobrej muzyki na festynie mo\u017cna by\u0142o r\u00f3wnie\u017c zje\u015b\u0107 dania z grilla&#8230;<\/p>\n\n\n\n<p><\/p>\n\n\n\n<p><\/p>\n\n\n\n<figure class=\"wp-block-image size-large\"><img loading=\"lazy\" decoding=\"async\" width=\"768\" height=\"1024\" src=\"http:\/\/www.tvk-gaj.pl\/~gajonline\/wp-content\/uploads\/2021\/09\/PHOTO-2021-09-25-17-11-38-2-768x1024.jpg\" alt=\"\" class=\"wp-image-13178\" srcset=\"https:\/\/online.tvk-gaj.pl\/wp-content\/uploads\/2021\/09\/PHOTO-2021-09-25-17-11-38-2-768x1024.jpg 768w, https:\/\/online.tvk-gaj.pl\/wp-content\/uploads\/2021\/09\/PHOTO-2021-09-25-17-11-38-2-225x300.jpg 225w, https:\/\/online.tvk-gaj.pl\/wp-content\/uploads\/2021\/09\/PHOTO-2021-09-25-17-11-38-2-1152x1536.jpg 1152w, https:\/\/online.tvk-gaj.pl\/wp-content\/uploads\/2021\/09\/PHOTO-2021-09-25-17-11-38-2.jpg 1200w\" sizes=\"auto, (max-width: 768px) 100vw, 768px\" \/><\/figure>\n\n\n\n<p><\/p>\n\n\n\n<p>&#8230;oraz skosztowa\u0107 typowej na festynach waty cukrowej.<\/p>\n\n\n\n<p><\/p>\n\n\n\n<p><\/p>\n\n\n\n<figure class=\"wp-block-image size-large\"><img loading=\"lazy\" decoding=\"async\" width=\"1024\" height=\"768\" src=\"http:\/\/www.tvk-gaj.pl\/~gajonline\/wp-content\/uploads\/2021\/09\/IMG_9103-1024x768.jpg\" alt=\"\" class=\"wp-image-13179\" srcset=\"https:\/\/online.tvk-gaj.pl\/wp-content\/uploads\/2021\/09\/IMG_9103-1024x768.jpg 1024w, https:\/\/online.tvk-gaj.pl\/wp-content\/uploads\/2021\/09\/IMG_9103-300x225.jpg 300w, https:\/\/online.tvk-gaj.pl\/wp-content\/uploads\/2021\/09\/IMG_9103-768x576.jpg 768w, https:\/\/online.tvk-gaj.pl\/wp-content\/uploads\/2021\/09\/IMG_9103-1536x1152.jpg 1536w, https:\/\/online.tvk-gaj.pl\/wp-content\/uploads\/2021\/09\/IMG_9103.jpg 2016w\" sizes=\"auto, (max-width: 1024px) 100vw, 1024px\" \/><\/figure>\n\n\n\n<p><\/p>\n\n\n\n<p><\/p>\n\n\n\n\n\n<p><\/p>\n\n\n\n<p>To by\u0142 pe\u0142en emocji i wra\u017ce\u0144 dzie\u0144!<\/p>\n\n\n\n<p><\/p>\n\n\n\n<p><\/p>\n\n\n\n<p><\/p>\n\n\n\n<p><strong>NASZA FOTORELACJA Z IMPREZY:<\/strong><\/p>\n\n\n\n<p><\/p>\n\n\n\n[ngg src=&#8221;galleries&#8221; ids=&#8221;121&#8243; display=&#8221;basic_thumbnail&#8221; thumbnail_crop=&#8221;0&#8243;]\n\n\n\n<p><\/p>\n\n\n\n<p><\/p>\n\n\n\n<p><\/p>\n\n\n\n<p><strong>Za mo\u017cliwo\u015b\u0107 zorganizowania imprezy dzi\u0119kujemy sponsorom: <\/strong><\/p>\n\n\n\n<ul class=\"wp-block-list\"><li>Drukarni Osiedlowej z ulicy \u015awieradowskiej<\/li><li>Centrum Handlowemu Ferio Gaj<\/li><li>Centrum Handlowemu \u201eGaj\u201d<\/li><li>Sklepowi \u201eEurospar\u201d z ulicy \u015awieradowskiej<\/li><li>Fabryce Idei<\/li><li>Restauracji MCDonald\u2019s z ul. Bardzkiej<\/li><li>Sklepowi Carrefour z ul. Bardzkiej<\/li><li>Wroc\u0142awskiemu Centrum Rozwoju Spo\u0142ecznego<\/li><\/ul>\n\n\n\n<p><\/p>\n\n\n\n<p><\/p>\n\n\n\n<p><\/p>\n\n\n\n<p><\/p>\n\n\n\n<p><\/p>\n\n\n\n<p><\/p>\n\n\n\n<p><\/p>\n","protected":false},"excerpt":{"rendered":"<p>Zapraszamy do fotorelacji z festynu osiedlowego na Gaju, kt\u00f3ry odby\u0142\u00a0si\u0119 25 wrze\u015bnia 2021r. w Parku S\u0142onecznym na Gaju!<\/p>\n","protected":false},"author":1,"featured_media":13138,"comment_status":"open","ping_status":"open","sticky":false,"template":"","format":"standard","meta":{"footnotes":""},"categories":[14,12],"tags":[1529,1528,1527,112,421,1514,128,756,135,1339,1523,1526],"class_list":["post-13085","post","type-post","status-publish","format-standard","has-post-thumbnail","hentry","category-aktualnosci","category-artykuly","tag-animacje-dla-dzieci-asobi","tag-asobi","tag-dzieci-gaj-impreza","tag-gaj","tag-klub-seniora-na-gaju","tag-miroslaw-majcherek","tag-park-sloneczny","tag-park-sloneczny-na-gaju","tag-rada-osiedla-gaj","tag-sportowy-gaj","tag-wcrs-wroclaw","tag-wks-slask-wroclaw-mecz-gaj"],"_links":{"self":[{"href":"https:\/\/online.tvk-gaj.pl\/index.php?rest_route=\/wp\/v2\/posts\/13085","targetHints":{"allow":["GET"]}}],"collection":[{"href":"https:\/\/online.tvk-gaj.pl\/index.php?rest_route=\/wp\/v2\/posts"}],"about":[{"href":"https:\/\/online.tvk-gaj.pl\/index.php?rest_route=\/wp\/v2\/types\/post"}],"author":[{"embeddable":true,"href":"https:\/\/online.tvk-gaj.pl\/index.php?rest_route=\/wp\/v2\/users\/1"}],"replies":[{"embeddable":true,"href":"https:\/\/online.tvk-gaj.pl\/index.php?rest_route=%2Fwp%2Fv2%2Fcomments&post=13085"}],"version-history":[{"count":5,"href":"https:\/\/online.tvk-gaj.pl\/index.php?rest_route=\/wp\/v2\/posts\/13085\/revisions"}],"predecessor-version":[{"id":13185,"href":"https:\/\/online.tvk-gaj.pl\/index.php?rest_route=\/wp\/v2\/posts\/13085\/revisions\/13185"}],"wp:featuredmedia":[{"embeddable":true,"href":"https:\/\/online.tvk-gaj.pl\/index.php?rest_route=\/wp\/v2\/media\/13138"}],"wp:attachment":[{"href":"https:\/\/online.tvk-gaj.pl\/index.php?rest_route=%2Fwp%2Fv2%2Fmedia&parent=13085"}],"wp:term":[{"taxonomy":"category","embeddable":true,"href":"https:\/\/online.tvk-gaj.pl\/index.php?rest_route=%2Fwp%2Fv2%2Fcategories&post=13085"},{"taxonomy":"post_tag","embeddable":true,"href":"https:\/\/online.tvk-gaj.pl\/index.php?rest_route=%2Fwp%2Fv2%2Ftags&post=13085"}],"curies":[{"name":"wp","href":"https:\/\/api.w.org\/{rel}","templated":true}]}}