{"id":13206,"date":"2021-10-14T20:45:11","date_gmt":"2021-10-14T18:45:11","guid":{"rendered":"http:\/\/www.tvk-gaj.pl\/~gajonline\/?p=13206"},"modified":"2021-10-14T20:47:49","modified_gmt":"2021-10-14T18:47:49","slug":"wybory-do-rady-osiedla-gaj-3","status":"publish","type":"post","link":"https:\/\/online.tvk-gaj.pl\/?p=13206","title":{"rendered":"Wybory do Rady Osiedla Gaj!"},"content":{"rendered":"\n<p>W najbli\u017csz\u0105 niedziel\u0119, 17 pa\u017adziernika, we Wroc\u0142awiu odb\u0119d\u0105 si\u0119 wybory do rad osiedli. Lokale wyborcze otwarte b\u0119d\u0105 w godzinach 8:00-20:00. Przedstawiamy najwa\u017cniejsze informacje na temat wybor\u00f3w i kandydat\u00f3w na radnych osiedlowych na Gaju. <\/p>\n\n\n\n<!--more-->\n\n\n\n<p><\/p>\n\n\n\n<p><\/p>\n\n\n\n<figure class=\"wp-block-image size-large\"><img loading=\"lazy\" decoding=\"async\" width=\"1024\" height=\"576\" src=\"http:\/\/www.tvk-gaj.pl\/~gajonline\/wp-content\/uploads\/2021\/10\/wybory-do-rad-osiedli-2021-1024x576.png\" alt=\"\" class=\"wp-image-13207\" srcset=\"https:\/\/online.tvk-gaj.pl\/wp-content\/uploads\/2021\/10\/wybory-do-rad-osiedli-2021-1024x576.png 1024w, https:\/\/online.tvk-gaj.pl\/wp-content\/uploads\/2021\/10\/wybory-do-rad-osiedli-2021-300x169.png 300w, https:\/\/online.tvk-gaj.pl\/wp-content\/uploads\/2021\/10\/wybory-do-rad-osiedli-2021-768x432.png 768w, https:\/\/online.tvk-gaj.pl\/wp-content\/uploads\/2021\/10\/wybory-do-rad-osiedli-2021-1536x863.png 1536w, https:\/\/online.tvk-gaj.pl\/wp-content\/uploads\/2021\/10\/wybory-do-rad-osiedli-2021.png 1690w\" sizes=\"auto, (max-width: 1024px) 100vw, 1024px\" \/><\/figure>\n\n\n\n<p><\/p>\n\n\n\n<p><strong>Wybory 2021 do Rad Osiedli we Wroc\u0142awiu<\/strong><\/p>\n\n\n\n<p>W najbli\u017csza niedziel\u0119, 17 pa\u017adziernika, w godzinach 8:00-20:00, odb\u0119d\u0105 si\u0119 we Wroc\u0142awiu wybory do rad osiedli. Jest to termin prze\u0142o\u017cony ze wzgl\u0119du na obostrzenia sanitarne zwi\u0105zane z pandemi\u0105 koronawirusa. Pierwotny termin wybor\u00f3w przypada\u0142 na wiosn\u0119 2021. <\/p>\n\n\n\n<p>Warto doda\u0107, \u017ce b\u0119dzie to g\u0142osowanie jubileuszowe, poniewa\u017c w tym roku mija 30 lat od uchwalenia samorz\u0105d\u00f3w osiedlowych i podzia\u0142u Wroc\u0142awia na osiedla.<\/p>\n\n\n\n<p>\u0141\u0105cznie wroc\u0142awianie wybior\u0105\u00a0<strong>786 radnych osiedlowych na 48 wroc\u0142awskich osiedlach.\u00a0<\/strong><\/p>\n\n\n\n<p><\/p>\n\n\n\n<p><\/p>\n\n\n\n<figure class=\"wp-block-embed is-type-video is-provider-youtube wp-block-embed-youtube wp-embed-aspect-16-9 wp-has-aspect-ratio\"><div class=\"wp-block-embed__wrapper\">\n<iframe loading=\"lazy\" title=\"Wybory do rad osiedli 2021 - wybierz swojego reprezentanta na osiedlu | Wroc\u0142aw TV\" width=\"838\" height=\"471\" src=\"https:\/\/www.youtube.com\/embed\/3ctcpUOeqro?start=30&#038;feature=oembed\" frameborder=\"0\" allow=\"accelerometer; autoplay; clipboard-write; encrypted-media; gyroscope; picture-in-picture; web-share\" referrerpolicy=\"strict-origin-when-cross-origin\" allowfullscreen><\/iframe>\n<\/div><\/figure>\n\n\n\n<p><\/p>\n\n\n\n<p><\/p>\n\n\n\n<p><\/p>\n\n\n\n<p><strong>Co trzeba wiedzie\u0107 o wyborach:<\/strong><\/p>\n\n\n\n<p>&#8211; termin: niedziela, 17 pa\u017adziernika, godz. 8:00-20:00;<\/p>\n\n\n\n<p>&#8211; lokale wyborcze i obwody wyborcze &#8211; zgodne ze spisem wyborczym na osiedlu; <\/p>\n\n\n\n<p>&#8211; na karcie g\u0142osowania zamieszczona b\u0119dzie informacja na ilu kandydat\u00f3w maksymalnie mo\u017cna odda\u0107 sw\u00f3j g\u0142os;<\/p>\n\n\n\n<p>&#8211; najp\u00f3\u017aniej w dniu wybor\u00f3w trzeba mie\u0107 uko\u0144czone 18 lat;<\/p>\n\n\n\n<p>&#8211; g\u0142osowa\u0107 mo\u017cna wy\u0142\u0105cznie osobi\u015bcie;<\/p>\n\n\n\n<p>&#8211; nale\u017cy stale zamieszkiwa\u0107 na terenie Osiedla, w kt\u00f3rym oddaje si\u0119 sw\u00f3j g\u0142os oraz by\u0107 uj\u0119tym w sta\u0142ym rejestrze wyborc\u00f3w na terenie tego Osiedla;<\/p>\n\n\n\n<p>&#8211; dodatkowym wymogiem formalnym jest posiadanie tzw. czynnego prawa wyborczego.<\/p>\n\n\n\n<p><\/p>\n\n\n\n<p><\/p>\n\n\n\n<p><\/p>\n\n\n\n<figure class=\"wp-block-image size-full\"><img loading=\"lazy\" decoding=\"async\" width=\"960\" height=\"720\" src=\"http:\/\/www.tvk-gaj.pl\/~gajonline\/wp-content\/uploads\/2021\/10\/do-lokalu-wyborczego.jpeg\" alt=\"\" class=\"wp-image-13210\" srcset=\"https:\/\/online.tvk-gaj.pl\/wp-content\/uploads\/2021\/10\/do-lokalu-wyborczego.jpeg 960w, https:\/\/online.tvk-gaj.pl\/wp-content\/uploads\/2021\/10\/do-lokalu-wyborczego-300x225.jpeg 300w, https:\/\/online.tvk-gaj.pl\/wp-content\/uploads\/2021\/10\/do-lokalu-wyborczego-768x576.jpeg 768w\" sizes=\"auto, (max-width: 960px) 100vw, 960px\" \/><\/figure>\n\n\n\n<p><\/p>\n\n\n\n<p><\/p>\n\n\n\n<p><strong>Okr\u0119gi wyborcze na Gaju<\/strong>:<\/p>\n\n\n\n<p><\/p>\n\n\n\n<blockquote class=\"wp-block-quote is-layout-flow wp-block-quote-is-layout-flow\"><p>Okr\u0119gi wyborcze na terenie Osiedla Gaj:<\/p><p><\/p><cite><br>1) <strong>Okr\u0119g wyborczy nr 1<\/strong>, obw\u00f3d nr 37:<br>&#8211; liczba radnych w okr\u0119gu: 7 radnych<br>&#8211; lokal wyborczy: <strong>Zesp\u00f3\u0142 Szkolno-Przedszkolny nr 21, ul. K\u0142odzka 40<\/strong><br>&#8211; okr\u0119g obejmuje ulice: Adama Uzna\u0144skiego, Alpejska, Bardzka 85, Bielawska, Bogus\u0142awa Bobra\u0144skiego, Borowska P 134-272, N 177-283B, Brzoskwiniowa, Czerniawska, D\u0142ugopolska, Dusznicka, Dzia\u0142kowa, Dzier\u017coniowska, Himalajska, Jerzego Kukuczki, K\u0142odzka, Kudowska, L\u0105decka, Niemcza\u0144ska, Pamirska, Pieszycka, Pietrzykowicka, Pi\u0142awska, Pirenejska, Puszczykowska, Radkowska, Spiska 52-64A, Srebrnog\u00f3rska, Stro\u0144ska, \u015awieradowska, Wambierzycka, Wandy Rutkiewicz.<br><br>2) <strong>Okr\u0119g wyborczy nr 2<\/strong>, obw\u00f3d nr 38:<br>&#8211; liczba radnych w okr\u0119gu: 3 radnych<br>&#8211; lokal wyborczy: <strong>Szko\u0142a Podstawowa nr 90, ul. Orzechowa 62<\/strong><br>&#8211; okr\u0119g obejmuje ulice: al. Armii Krajowej 41, Bardzka N 3-5, gen. Mariusza Zaruskiego, Krynicka, Mieczys\u0142awa Or\u0142owicza, Romana Zmorskiego, Zygmunta Glogera.<br><br>3) <strong>Okr\u0119g wyborczy nr 3<\/strong>, obw\u00f3d nr 39<br>&#8211; liczba radnych w okr\u0119gu: 5 radnych<br>&#8211; lokal wyborczy: <strong>Szko\u0142a Podstawowa nr 90, ul. Orzechowa 62<\/strong><br>&#8211; okr\u0119g obejmuje ulice: al. Armii Krajowej 5, 37, Jab\u0142eczna, Orzechowa, \u017begiestowska.<br><\/cite><\/blockquote>\n\n\n\n<p><\/p>\n\n\n\n<p><\/p>\n\n\n\n<p><strong>Kandydaci do Rady Osiedla Gaj:<\/strong><\/p>\n\n\n\n<p><\/p>\n\n\n\n<figure class=\"wp-block-image size-large\"><img loading=\"lazy\" decoding=\"async\" width=\"724\" height=\"1024\" src=\"http:\/\/www.tvk-gaj.pl\/~gajonline\/wp-content\/uploads\/2021\/10\/nasz-gaj--724x1024.jpg\" alt=\"\" class=\"wp-image-13211\" srcset=\"https:\/\/online.tvk-gaj.pl\/wp-content\/uploads\/2021\/10\/nasz-gaj--724x1024.jpg 724w, https:\/\/online.tvk-gaj.pl\/wp-content\/uploads\/2021\/10\/nasz-gaj--212x300.jpg 212w, https:\/\/online.tvk-gaj.pl\/wp-content\/uploads\/2021\/10\/nasz-gaj--768x1086.jpg 768w, https:\/\/online.tvk-gaj.pl\/wp-content\/uploads\/2021\/10\/nasz-gaj--1086x1536.jpg 1086w, https:\/\/online.tvk-gaj.pl\/wp-content\/uploads\/2021\/10\/nasz-gaj--1448x2048.jpg 1448w, https:\/\/online.tvk-gaj.pl\/wp-content\/uploads\/2021\/10\/nasz-gaj-.jpg 1587w\" sizes=\"auto, (max-width: 724px) 100vw, 724px\" \/><\/figure>\n\n\n\n<p><\/p>\n\n\n\n<p><\/p>\n\n\n\n<figure class=\"wp-block-image size-large\"><img loading=\"lazy\" decoding=\"async\" width=\"724\" height=\"1024\" src=\"http:\/\/www.tvk-gaj.pl\/~gajonline\/wp-content\/uploads\/2021\/10\/plakat-krynicka-724x1024.jpg\" alt=\"\" class=\"wp-image-13212\" srcset=\"https:\/\/online.tvk-gaj.pl\/wp-content\/uploads\/2021\/10\/plakat-krynicka-724x1024.jpg 724w, https:\/\/online.tvk-gaj.pl\/wp-content\/uploads\/2021\/10\/plakat-krynicka-212x300.jpg 212w, https:\/\/online.tvk-gaj.pl\/wp-content\/uploads\/2021\/10\/plakat-krynicka-768x1086.jpg 768w, https:\/\/online.tvk-gaj.pl\/wp-content\/uploads\/2021\/10\/plakat-krynicka-1086x1536.jpg 1086w, https:\/\/online.tvk-gaj.pl\/wp-content\/uploads\/2021\/10\/plakat-krynicka-1448x2048.jpg 1448w, https:\/\/online.tvk-gaj.pl\/wp-content\/uploads\/2021\/10\/plakat-krynicka.jpg 1587w\" sizes=\"auto, (max-width: 724px) 100vw, 724px\" \/><\/figure>\n\n\n\n<p><\/p>\n\n\n\n<p><\/p>\n\n\n\n<p><\/p>\n\n\n\n<p><\/p>\n\n\n\n<figure class=\"wp-block-image size-full\"><img loading=\"lazy\" decoding=\"async\" width=\"707\" height=\"999\" src=\"http:\/\/www.tvk-gaj.pl\/~gajonline\/wp-content\/uploads\/2021\/10\/wybory-wojtek.jpeg\" alt=\"\" class=\"wp-image-13213\" srcset=\"https:\/\/online.tvk-gaj.pl\/wp-content\/uploads\/2021\/10\/wybory-wojtek.jpeg 707w, https:\/\/online.tvk-gaj.pl\/wp-content\/uploads\/2021\/10\/wybory-wojtek-212x300.jpeg 212w\" sizes=\"auto, (max-width: 707px) 100vw, 707px\" \/><\/figure>\n\n\n\n<p><\/p>\n\n\n\n<p><\/p>\n\n\n\n<p><\/p>\n\n\n\n<p><\/p>\n\n\n\n<p><\/p>\n\n\n\n<p><\/p>\n\n\n\n<p><\/p>\n\n\n\n<p><\/p>\n\n\n\n<p>Wszystkie informacje na temat wybor\u00f3w dost\u0119pne s\u0105 w specjalnym serwisie wyborczym miasta Wroc\u0142awia: <a rel=\"noreferrer noopener\" href=\"https:\/\/www.wroclaw.pl\/portal\/wybory-do-rad-osiedli-2021-serwis-specjalny?fbclid=IwAR0Cwskero1DvxSBQinTDKUgU4Tl7cjsKbmyXNObLw_F8Jd8IeoZ9OLlylE\" target=\"_blank\">https:\/\/www.wroclaw.pl\/&#8230;\/wybory-do-rad-osiedli-2021&#8230;<\/a><\/p>\n\n\n\n<p><\/p>\n\n\n\n<p>Serdecznie zach\u0119camy do wzi\u0119cia udzia\u0142u w g\u0142osowaniu i promowaniu idei demokracji i samorz\u0105dno\u015bci w swoim najbli\u017cszym otoczeniu!<\/p>\n\n\n\n<p><\/p>\n\n\n\n<p><\/p>\n\n\n\n<p><\/p>\n\n\n\n<p><\/p>\n","protected":false},"excerpt":{"rendered":"<p>W najbli\u017csz\u0105 niedziel\u0119, 17 pa\u017adziernika, we Wroc\u0142awiu odb\u0119d\u0105 si\u0119 wybory do rad osiedli. Lokale wyborcze otwarte b\u0119d\u0105 w godzinach 8:00-20:00. Przedstawiamy najwa\u017cniejsze informacje na temat wybor\u00f3w i kandydat\u00f3w na radnych osiedlowych na Gaju.<\/p>\n","protected":false},"author":1,"featured_media":13208,"comment_status":"open","ping_status":"open","sticky":false,"template":"","format":"standard","meta":{"footnotes":""},"categories":[14,12],"tags":[345,135,371,1536,1535,1537],"class_list":["post-13206","post","type-post","status-publish","format-standard","has-post-thumbnail","hentry","category-aktualnosci","category-artykuly","tag-glosowanie","tag-rada-osiedla-gaj","tag-wybory","tag-wybory-do-rad-osiedli-we-wroclawiu","tag-wybory-do-rady-osiedla-gaj","tag-wybory-rada-osiedla-gaj-2021"],"_links":{"self":[{"href":"https:\/\/online.tvk-gaj.pl\/index.php?rest_route=\/wp\/v2\/posts\/13206","targetHints":{"allow":["GET"]}}],"collection":[{"href":"https:\/\/online.tvk-gaj.pl\/index.php?rest_route=\/wp\/v2\/posts"}],"about":[{"href":"https:\/\/online.tvk-gaj.pl\/index.php?rest_route=\/wp\/v2\/types\/post"}],"author":[{"embeddable":true,"href":"https:\/\/online.tvk-gaj.pl\/index.php?rest_route=\/wp\/v2\/users\/1"}],"replies":[{"embeddable":true,"href":"https:\/\/online.tvk-gaj.pl\/index.php?rest_route=%2Fwp%2Fv2%2Fcomments&post=13206"}],"version-history":[{"count":5,"href":"https:\/\/online.tvk-gaj.pl\/index.php?rest_route=\/wp\/v2\/posts\/13206\/revisions"}],"predecessor-version":[{"id":13217,"href":"https:\/\/online.tvk-gaj.pl\/index.php?rest_route=\/wp\/v2\/posts\/13206\/revisions\/13217"}],"wp:featuredmedia":[{"embeddable":true,"href":"https:\/\/online.tvk-gaj.pl\/index.php?rest_route=\/wp\/v2\/media\/13208"}],"wp:attachment":[{"href":"https:\/\/online.tvk-gaj.pl\/index.php?rest_route=%2Fwp%2Fv2%2Fmedia&parent=13206"}],"wp:term":[{"taxonomy":"category","embeddable":true,"href":"https:\/\/online.tvk-gaj.pl\/index.php?rest_route=%2Fwp%2Fv2%2Fcategories&post=13206"},{"taxonomy":"post_tag","embeddable":true,"href":"https:\/\/online.tvk-gaj.pl\/index.php?rest_route=%2Fwp%2Fv2%2Ftags&post=13206"}],"curies":[{"name":"wp","href":"https:\/\/api.w.org\/{rel}","templated":true}]}}