{"id":13226,"date":"2021-10-17T22:21:54","date_gmt":"2021-10-17T20:21:54","guid":{"rendered":"http:\/\/www.tvk-gaj.pl\/~gajonline\/?p=13226"},"modified":"2021-10-18T18:27:15","modified_gmt":"2021-10-18T16:27:15","slug":"wycieczka-seniorow-z-gaju-do-kotliny-klodzkiej-i-walbrzycha","status":"publish","type":"post","link":"https:\/\/online.tvk-gaj.pl\/?p=13226","title":{"rendered":"Wycieczka senior\u00f3w z Gaju do Kotliny K\u0142odzkiej i Wa\u0142brzycha"},"content":{"rendered":"\n<p><meta charset=\"utf-8\">W dniu 11 wrze\u015bnia odby\u0142a si\u0119 wycieczka senior\u00f3w Osiedla Gaj do Wa\u0142brzycha i K\u0142odzka. Wyjazd zorganizowany przez Rad\u0119 Osiedla Gaj umo\u017cliwi\u0142 seniorom z osiedla (w tym zrzeszonym w Klubie Seniora na Gaju) zwiedzanie i poznanie Dolnego \u015al\u0105ska. <\/p>\n\n\n\n<!--more-->\n\n\n\n<p><\/p>\n\n\n\n<p><\/p>\n\n\n\n<p>11 wrze\u015bnia\u00a0odby\u0142a si\u0119 wycieczka Senior\u00f3w z osiedla Gaj po Dolnym \u015al\u0105sku. Celem wyjazdu w g\u00f3rskie rejony Dolnego \u015al\u0105ska by\u0142o zintegrowanie spo\u0142eczno\u015bci senior\u00f3w z Gaju oraz umo\u017cliwienie im wsp\u00f3lnego sp\u0119dzenia czasu i poznania dziedzictwa historyczno-kulturowego Dolnego \u015al\u0105ska.<\/p>\n\n\n\n<p><\/p>\n\n\n\n<p><\/p>\n\n\n\n<p><\/p>\n\n\n\n<figure class=\"wp-block-image\"><img decoding=\"async\" src=\"blob:http:\/\/www.tvk-gaj.pl\/1ff3d4d0-e50c-4a4f-ad61-637c7e2a0079\" alt=\"\"\/><\/figure>\n\n\n\n<p><\/p>\n\n\n\n<p><\/p>\n\n\n\n<p><\/p>\n\n\n\n<p>Na wycieczk\u0119 wyjecha\u0142o blisko 40 senior\u00f3w zrzeszonych m.in. w Klubie Seniora na Gaju oraz Polskim Zwi\u0105zku Emeryt\u00f3w, Rencist\u00f3w i Inwalid\u00f3w &#8211; ko\u0142o Gaj.<\/p>\n\n\n\n<p><\/p>\n\n\n\n<p><\/p>\n\n\n\n<figure class=\"wp-block-image size-large\"><img loading=\"lazy\" decoding=\"async\" width=\"1024\" height=\"768\" src=\"http:\/\/www.tvk-gaj.pl\/~gajonline\/wp-content\/uploads\/2021\/10\/IMG_20210911_130126-1024x768.jpg\" alt=\"\" class=\"wp-image-13231\" srcset=\"https:\/\/online.tvk-gaj.pl\/wp-content\/uploads\/2021\/10\/IMG_20210911_130126-1024x768.jpg 1024w, https:\/\/online.tvk-gaj.pl\/wp-content\/uploads\/2021\/10\/IMG_20210911_130126-300x225.jpg 300w, https:\/\/online.tvk-gaj.pl\/wp-content\/uploads\/2021\/10\/IMG_20210911_130126-768x576.jpg 768w, https:\/\/online.tvk-gaj.pl\/wp-content\/uploads\/2021\/10\/IMG_20210911_130126-1536x1152.jpg 1536w, https:\/\/online.tvk-gaj.pl\/wp-content\/uploads\/2021\/10\/IMG_20210911_130126-2048x1536.jpg 2048w\" sizes=\"auto, (max-width: 1024px) 100vw, 1024px\" \/><\/figure>\n\n\n\n<p><\/p>\n\n\n\n<p><\/p>\n\n\n\n<p><\/p>\n\n\n\n<p>Wyjazd sfinansowany zosta\u0142 z \u015brodk\u00f3w miejskiego Funduszu Czasu Wolnego, a organizatorem by\u0142a Rada Osiedla Gaj. <\/p>\n\n\n\n<p><\/p>\n\n\n\n<p><\/p>\n\n\n\n<p><\/p>\n\n\n\n<figure class=\"wp-block-image size-large\"><img loading=\"lazy\" decoding=\"async\" width=\"1024\" height=\"461\" src=\"http:\/\/www.tvk-gaj.pl\/~gajonline\/wp-content\/uploads\/2021\/10\/20210911_091930-1024x461.jpg\" alt=\"\" class=\"wp-image-13229\" srcset=\"https:\/\/online.tvk-gaj.pl\/wp-content\/uploads\/2021\/10\/20210911_091930-1024x461.jpg 1024w, https:\/\/online.tvk-gaj.pl\/wp-content\/uploads\/2021\/10\/20210911_091930-300x135.jpg 300w, https:\/\/online.tvk-gaj.pl\/wp-content\/uploads\/2021\/10\/20210911_091930-768x346.jpg 768w, https:\/\/online.tvk-gaj.pl\/wp-content\/uploads\/2021\/10\/20210911_091930-1536x691.jpg 1536w, https:\/\/online.tvk-gaj.pl\/wp-content\/uploads\/2021\/10\/20210911_091930-2048x922.jpg 2048w\" sizes=\"auto, (max-width: 1024px) 100vw, 1024px\" \/><\/figure>\n\n\n\n<p><\/p>\n\n\n\n<p><\/p>\n\n\n\n<p><\/p>\n\n\n\n<p>Pierwszym punktem wycieczki by\u0142 Minieuroland pod K\u0142odzkiem. To park miniatur, gdzie mo\u017cna podziwia\u0107 ponad 40 makiet budowli z Wroc\u0142awia, Dolnego \u015al\u0105ska, Europy oraz ze \u015bwiata &#8211; od Mostu Grunwaldzkiego do Statui Wolno\u015bci. A wszystko to w otoczeniu pi\u0119knego ogrodu, obfituj\u0105cego w tysi\u0105ce unikatowych gatunk\u00f3w drzew i krzew\u00f3w.&nbsp;<\/p>\n\n\n\n<p><\/p>\n\n\n\n<p><\/p>\n\n\n\n<p><\/p>\n\n\n\n<figure class=\"wp-block-image size-large\"><img loading=\"lazy\" decoding=\"async\" width=\"1024\" height=\"768\" src=\"http:\/\/www.tvk-gaj.pl\/~gajonline\/wp-content\/uploads\/2021\/10\/IMG_20210911_120720-1024x768.jpg\" alt=\"\" class=\"wp-image-13230\" srcset=\"https:\/\/online.tvk-gaj.pl\/wp-content\/uploads\/2021\/10\/IMG_20210911_120720-1024x768.jpg 1024w, https:\/\/online.tvk-gaj.pl\/wp-content\/uploads\/2021\/10\/IMG_20210911_120720-300x225.jpg 300w, https:\/\/online.tvk-gaj.pl\/wp-content\/uploads\/2021\/10\/IMG_20210911_120720-768x576.jpg 768w, https:\/\/online.tvk-gaj.pl\/wp-content\/uploads\/2021\/10\/IMG_20210911_120720-1536x1152.jpg 1536w, https:\/\/online.tvk-gaj.pl\/wp-content\/uploads\/2021\/10\/IMG_20210911_120720-2048x1536.jpg 2048w\" sizes=\"auto, (max-width: 1024px) 100vw, 1024px\" \/><\/figure>\n\n\n\n<p><\/p>\n\n\n\n<p><\/p>\n\n\n\n<p><\/p>\n\n\n\n<p>Nast\u0119pnie seniorzy zwiedzali razem z przewodnikiem Pa\u0142ac Jedlinka w Jedlinie Zdroju, gdzie us\u0142yszeli opowie\u015b\u0107 o historii, bohaterach &#8211; i mozolnej renowacji pa\u0142acu, prowadzonej przez osoby prywatne. Po zwiedzaniu pa\u0142acu uczestnicy wycieczki mieli czas wolny, kt\u00f3ry tak dobrze wykorzystali, \u017ce w sklepiku z lokalnymi wyrobami zabrak\u0142o niekt\u00f3rych produkt\u00f3w!<\/p>\n\n\n\n<p><\/p>\n\n\n\n<p><\/p>\n\n\n\n<p><\/p>\n\n\n\n<figure class=\"wp-block-image size-large\"><img loading=\"lazy\" decoding=\"async\" width=\"1024\" height=\"768\" src=\"http:\/\/www.tvk-gaj.pl\/~gajonline\/wp-content\/uploads\/2021\/10\/IMG_20210911_130130-1024x768.jpg\" alt=\"\" class=\"wp-image-13235\" srcset=\"https:\/\/online.tvk-gaj.pl\/wp-content\/uploads\/2021\/10\/IMG_20210911_130130-1024x768.jpg 1024w, https:\/\/online.tvk-gaj.pl\/wp-content\/uploads\/2021\/10\/IMG_20210911_130130-300x225.jpg 300w, https:\/\/online.tvk-gaj.pl\/wp-content\/uploads\/2021\/10\/IMG_20210911_130130-768x576.jpg 768w, https:\/\/online.tvk-gaj.pl\/wp-content\/uploads\/2021\/10\/IMG_20210911_130130-1536x1152.jpg 1536w, https:\/\/online.tvk-gaj.pl\/wp-content\/uploads\/2021\/10\/IMG_20210911_130130-2048x1536.jpg 2048w\" sizes=\"auto, (max-width: 1024px) 100vw, 1024px\" \/><\/figure>\n\n\n\n<p><\/p>\n\n\n\n<p><\/p>\n\n\n\n<p>Z Jedlinki wycieczka pojecha\u0142a do Szczawna Zdroju, gdzie zjedzono obiad w zabytkowym Domu Zdrojowym. Ma\u0142o kto wie, \u017ce sopocki Grand Hotel zbudowano na wz\u00f3r w\u0142a\u015bnie szczawie\u0144skiego (a nie odwrotnie). <\/p>\n\n\n\n<p><\/p>\n\n\n\n<p><\/p>\n\n\n\n<p><\/p>\n\n\n\n<figure class=\"wp-block-image size-large is-resized\"><img loading=\"lazy\" decoding=\"async\" src=\"http:\/\/www.tvk-gaj.pl\/~gajonline\/wp-content\/uploads\/2021\/10\/IMG_20210911_171646-768x1024.jpg\" alt=\"\" class=\"wp-image-13233\" width=\"768\" height=\"1024\" srcset=\"https:\/\/online.tvk-gaj.pl\/wp-content\/uploads\/2021\/10\/IMG_20210911_171646-768x1024.jpg 768w, https:\/\/online.tvk-gaj.pl\/wp-content\/uploads\/2021\/10\/IMG_20210911_171646-225x300.jpg 225w, https:\/\/online.tvk-gaj.pl\/wp-content\/uploads\/2021\/10\/IMG_20210911_171646-1152x1536.jpg 1152w, https:\/\/online.tvk-gaj.pl\/wp-content\/uploads\/2021\/10\/IMG_20210911_171646-1536x2048.jpg 1536w, https:\/\/online.tvk-gaj.pl\/wp-content\/uploads\/2021\/10\/IMG_20210911_171646-scaled.jpg 1920w\" sizes=\"auto, (max-width: 768px) 100vw, 768px\" \/><\/figure>\n\n\n\n<p><\/p>\n\n\n\n<p><\/p>\n\n\n\n<p><\/p>\n\n\n\n<p>Nast\u0119pnie odby\u0142 si\u0119 wsp\u00f3lny spacer przez uzdrowiskow\u0105 cz\u0119\u015b\u0107 miasta i przejazd do kolejnego punktu programu, czyli Wa\u0142brzycha. Celem by\u0142o zwiedzanie majestatycznego Zamku Ksi\u0105\u017c. Spacer i zwiedzanie obejmowa\u0142y nie tylko zamkowe sale, ale tak\u017ce tarasy i ogr\u00f3d. <\/p>\n\n\n\n<p><\/p>\n\n\n\n<p><\/p>\n\n\n\n<p><\/p>\n\n\n\n<figure class=\"wp-block-image size-large\"><img loading=\"lazy\" decoding=\"async\" width=\"1024\" height=\"768\" src=\"http:\/\/www.tvk-gaj.pl\/~gajonline\/wp-content\/uploads\/2021\/10\/IMG_20210911_180340-1024x768.jpg\" alt=\"\" class=\"wp-image-13236\" srcset=\"https:\/\/online.tvk-gaj.pl\/wp-content\/uploads\/2021\/10\/IMG_20210911_180340-1024x768.jpg 1024w, https:\/\/online.tvk-gaj.pl\/wp-content\/uploads\/2021\/10\/IMG_20210911_180340-300x225.jpg 300w, https:\/\/online.tvk-gaj.pl\/wp-content\/uploads\/2021\/10\/IMG_20210911_180340-768x576.jpg 768w, https:\/\/online.tvk-gaj.pl\/wp-content\/uploads\/2021\/10\/IMG_20210911_180340-1536x1152.jpg 1536w, https:\/\/online.tvk-gaj.pl\/wp-content\/uploads\/2021\/10\/IMG_20210911_180340-2048x1536.jpg 2048w\" sizes=\"auto, (max-width: 1024px) 100vw, 1024px\" \/><\/figure>\n\n\n\n<p><\/p>\n\n\n\n<p><\/p>\n\n\n\n<p><\/p>\n\n\n\n<p>A na koniec &#8211; wizyta w Palmiarni. Na ogl\u0105daniu palm, lemur\u00f3w i \u017c\u00f3\u0142wi mo\u017cna sp\u0119dzi\u0107 i p\u00f3\u0142 dnia &#8211; ale zbli\u017ca\u0142 si\u0119 wiecz\u00f3r, wi\u0119c czas by\u0142o wraca\u0107. Do Wroc\u0142awia autokar z seniorami dotar\u0142 ok godziny 20:00, a dos\u0142ownie p\u00f3\u0142 godziny p\u00f3\u017aniej, kiedy wszyscy byli ju\u017c w domach, nad Gajem przesz\u0142a pot\u0119\u017cna burza.&nbsp;<\/p>\n\n\n\n<p><\/p>\n\n\n\n<p><\/p>\n\n\n\n<p><\/p>\n\n\n\n<p>\u015aliczna pogoda, ciekawe budowle, pi\u0119kna natura &#8211; i u\u015bmiechni\u0119ci Seniorzy. To najlepsze podsumowanie wrze\u015bniowej wycieczki senior\u00f3w z Gaju. <\/p>\n\n\n\n<p><\/p>\n\n\n\n<p><\/p>\n\n\n\n<p><\/p>\n\n\n\n<p><\/p>\n\n\n\n<p><strong>Zapraszamy do obejrzenia galerii zdj\u0119\u0107 z wyjazdu!<\/strong><\/p>\n\n\n\n[ngg src=&#8221;galleries&#8221; ids=&#8221;122&#8243; display=&#8221;basic_thumbnail&#8221; thumbnail_crop=&#8221;0&#8243;]\n\n\n\n<p><\/p>\n\n\n\n<p><\/p>\n\n\n\n<p><\/p>\n\n\n\n<p><\/p>\n\n\n\n<p><\/p>\n\n\n\n<p><em>Wyjazd odby\u0142 si\u0119 w ramach Senioralnego Funduszu Wyjazdowego, na podstawie wniosku z\u0142o\u017conego przez Rad\u0119 Osiedla Gaj i dofinansowanego Gmin\u0119 Wroc\u0142aw. Celem wycieczki by\u0142a integracja spo\u0142eczno\u015bci senior\u00f3w z Gaju, umo\u017cliwienie im wsp\u00f3lnego sp\u0119dzenia czasu w &#8222;pi\u0119knych okoliczno\u015bciach przyrody&#8221; oraz pokazanie ciekawych miejsc i atrakcji Dolnego \u015al\u0105ska.<\/em><\/p>\n\n\n\n<p><\/p>\n\n\n\n<p><\/p>\n\n\n\n<p><\/p>\n\n\n\n<p><strong>Za wyjazd i organizacj\u0119 dzi\u0119kujemy szczeg\u00f3lnie Wiceprzewodnicz\u0105cemu Zarz\u0105du Osiedla Gaj, p. Wojciechowi Kurzyjamskiemu<\/strong>.<\/p>\n\n\n\n<p><\/p>\n\n\n\n<p><\/p>\n\n\n\n<p><\/p>\n\n\n\n<p><\/p>\n\n\n\n<p><\/p>\n\n\n\n<p><\/p>\n\n\n\n<p><\/p>\n\n\n\n<p><\/p>\n\n\n\n<p><\/p>\n","protected":false},"excerpt":{"rendered":"<p>W dniu 11 wrze\u015bnia odby\u0142a si\u0119 wycieczka senior\u00f3w Osiedla Gaj do Wa\u0142brzycha i K\u0142odzka. Wyjazd zorganizowany przez Rad\u0119 Osiedla Gaj umo\u017cliwi\u0142 seniorom z osiedla (w tym zrzeszonym w Klubie Seniora na Gaju) zwiedzanie i poznanie Dolnego \u015al\u0105ska.<\/p>\n","protected":false},"author":1,"featured_media":13227,"comment_status":"open","ping_status":"open","sticky":false,"template":"","format":"standard","meta":{"footnotes":""},"categories":[14,12],"tags":[421,1543,1544,1545,810,1546,1485,1200],"class_list":["post-13226","post","type-post","status-publish","format-standard","has-post-thumbnail","hentry","category-aktualnosci","category-artykuly","tag-klub-seniora-na-gaju","tag-klub-seniora-na-gaju-wycieczka","tag-senioralny-fundusz-wyjazdowy","tag-senioralny-fundusz-wyjazdowy-gaj","tag-seniorzy-z-gaju","tag-walbrzych-gaj","tag-wroclawskie-centrum-rozwoju-spolecznego","tag-wycieczka-seniorow-z-gaju"],"_links":{"self":[{"href":"https:\/\/online.tvk-gaj.pl\/index.php?rest_route=\/wp\/v2\/posts\/13226","targetHints":{"allow":["GET"]}}],"collection":[{"href":"https:\/\/online.tvk-gaj.pl\/index.php?rest_route=\/wp\/v2\/posts"}],"about":[{"href":"https:\/\/online.tvk-gaj.pl\/index.php?rest_route=\/wp\/v2\/types\/post"}],"author":[{"embeddable":true,"href":"https:\/\/online.tvk-gaj.pl\/index.php?rest_route=\/wp\/v2\/users\/1"}],"replies":[{"embeddable":true,"href":"https:\/\/online.tvk-gaj.pl\/index.php?rest_route=%2Fwp%2Fv2%2Fcomments&post=13226"}],"version-history":[{"count":8,"href":"https:\/\/online.tvk-gaj.pl\/index.php?rest_route=\/wp\/v2\/posts\/13226\/revisions"}],"predecessor-version":[{"id":13338,"href":"https:\/\/online.tvk-gaj.pl\/index.php?rest_route=\/wp\/v2\/posts\/13226\/revisions\/13338"}],"wp:featuredmedia":[{"embeddable":true,"href":"https:\/\/online.tvk-gaj.pl\/index.php?rest_route=\/wp\/v2\/media\/13227"}],"wp:attachment":[{"href":"https:\/\/online.tvk-gaj.pl\/index.php?rest_route=%2Fwp%2Fv2%2Fmedia&parent=13226"}],"wp:term":[{"taxonomy":"category","embeddable":true,"href":"https:\/\/online.tvk-gaj.pl\/index.php?rest_route=%2Fwp%2Fv2%2Fcategories&post=13226"},{"taxonomy":"post_tag","embeddable":true,"href":"https:\/\/online.tvk-gaj.pl\/index.php?rest_route=%2Fwp%2Fv2%2Ftags&post=13226"}],"curies":[{"name":"wp","href":"https:\/\/api.w.org\/{rel}","templated":true}]}}