{"id":1329,"date":"2013-06-28T11:40:24","date_gmt":"2013-06-28T09:40:24","guid":{"rendered":"http:\/\/www.tvk-gaj.pl\/~gajonline\/?p=1329"},"modified":"2013-06-28T11:59:18","modified_gmt":"2013-06-28T09:59:18","slug":"pierwszy-dzien-wakacji","status":"publish","type":"post","link":"https:\/\/online.tvk-gaj.pl\/?p=1329","title":{"rendered":"Pierwszy dzie\u0144 wakacji!"},"content":{"rendered":"<p>Kiedy s\u0142o\u0144ce wychyla si\u0119 zza horyzontu troch\u0119 wy\u017cej jak ponad 8 pi\u0119tro blok\u00f3w przy ul. Krynickiej na Gaju zaczyna si\u0119 co\u015b dzia\u0107. Na ulicach wi\u0119cej dzieci i m\u0142odzie\u017cy, na boiskach fruwa pi\u0142ka, asfalt topnieje, s\u0142o\u0144ce pra\u017cy (chod\u017a w tym roku bardziej pasowa\u0142oby napisa\u0107 i\u017c asfalt moknie, a s\u0142o\u0144ce si\u0119 ukrywa), a szko\u0142a zamkni\u0119ta. Diagnoza mo\u017ce by\u0107 tylko jedna &#8211; mamy wakacje!\u00a0<!--more--><\/p>\n<p>W zwi\u0105zku z tym i\u017c wakacje 2013 oficjalnie uznajemy za rozpocz\u0119te Redakcja GajOnline oraz Rada Osiedla Gaj pragnie \u017cyczy\u0107 wszystkim dzieciom, nastolatkom, uczniom, studentom, kadrze pedagogicznej i wszystkim tym, kt\u00f3rzy rozkoszowa\u0107 si\u0119 mog\u0105 b\u0142oga lab\u0105 pe\u0142nych s\u0142o\u0144ca, wolno\u015bci, zabawy, wypoczynku i pogody ducha wakacji. Wypoczywajcie zdrowo i bezpiecznie, zar\u00f3wno na Osiedlu jak i hen, daleko od niego! Aha &#8211; i wracajcie do nas na wrze\u015bniu (b\u0105d\u017a pa\u017adzierniku Drodzy \u017bakowie).<\/p>\n<p>A tym kt\u00f3rzy jeszcze nie maj\u0105 sprecyzowanych plan\u00f3w chcemy powiedzie\u0107, \u017ce Gaj latem to fantastyczna turystyczna lokacja. To tutaj jak nigdzie indziej prze\u017cywa si\u0119 czas rado\u015bci, u\u015bmiechu, wolno\u015bci i &#8222;chwytania dnia&#8221;. Gaj latem to b\u0142ysk rado\u015bci w oku dziecka zje\u017cd\u017caj\u0105cego na zje\u017cd\u017calni, to u\u015bmiechy starszej pary trzymaj\u0105cej si\u0119 za d\u0142onie podczas wieczornego spaceru okraszonymi dyskretnym \u015bwiat\u0142em latarni alejek Parku S\u0142onecznego, to merdaj\u0105cy ogon Labradora biegaj\u0105cego beztrosko w\u015br\u00f3d drzew, to nie\u015bmia\u0142e spojrzenia zakochanych nastolatk\u00f3w, to zapach letniego wiatru, kwitn\u0105cych kwiat\u00f3w, refleksy \u015bwiat\u0142a odbitego w szybach wie\u017cowc\u00f3w, smak lod\u00f3w, oran\u017cady i nieuchwytny duch spokoju i sennego wypoczynku.<\/p>\n<p>Wakacje to magiczny czas refleksji i dystansu, kt\u00f3ry raz do roku pozwala nam pod\u0142adowac nasze wewn\u0119trzne akumulatory i nape\u0142nic je energia na zbli\u017caj\u0105ce si\u0119 ch\u0142odne miesi\u0105ce. Wierz\u0119, \u017ce ka\u017cdemu z nas &#8211; w wi\u0119kszym b\u0105d\u017a mniejszym stopniu &#8211; uda si\u0119 wykorzystac te wakacje i odkryc choc odrobin\u0119 magi lata na Gaju;)<\/p>\n<p>&nbsp;<\/p>\n<p><img loading=\"lazy\" decoding=\"async\" class=\"wp-image-1334 alignleft\" alt=\"DSC00453\" src=\"http:\/\/www.tvk-gaj.pl\/~gajonline\/wp-content\/uploads\/2013\/06\/DSC00453.jpg\" width=\"737\" height=\"553\" srcset=\"https:\/\/online.tvk-gaj.pl\/wp-content\/uploads\/2013\/06\/DSC00453.jpg 1024w, https:\/\/online.tvk-gaj.pl\/wp-content\/uploads\/2013\/06\/DSC00453-300x225.jpg 300w\" sizes=\"auto, (max-width: 737px) 100vw, 737px\" \/><\/p>\n<p>&nbsp;<\/p>\n<p>&nbsp;<\/p>\n<p>Z serdecznymi pozdrowieniami<\/p>\n<p>Piotr Nawrotek<br \/>\nRedaktor Naczelny GajOnline<br \/>\noraz<br \/>\nAdam Wojtaszewski,<br \/>\nPrzewodnicz\u0105cy Rady Osiedla GAJ.<\/p>\n<p>&nbsp;<\/p>\n","protected":false},"excerpt":{"rendered":"<p>Kiedy s\u0142o\u0144ce wychyla si\u0119 zza horyzontu troch\u0119 wy\u017cej jak ponad 8 pi\u0119tro blok\u00f3w przy ul. Krynickiej na Gaju zaczyna si\u0119 co\u015b dzia\u0107. Na ulicach wi\u0119cej dzieci i m\u0142odzie\u017cy, na boiskach fruwa pi\u0142ka, asfalt topnieje, s\u0142o\u0144ce pra\u017cy (chod\u017a w tym roku bardziej pasowa\u0142oby napisa\u0107 i\u017c asfalt moknie, a s\u0142o\u0144ce si\u0119 ukrywa), a szko\u0142a zamkni\u0119ta. Diagnoza mo\u017ce [&hellip;]<\/p>\n","protected":false},"author":1,"featured_media":1330,"comment_status":"open","ping_status":"open","sticky":false,"template":"","format":"standard","meta":{"footnotes":""},"categories":[14],"tags":[85],"class_list":["post-1329","post","type-post","status-publish","format-standard","has-post-thumbnail","hentry","category-aktualnosci","tag-pierwszy-dzien-wakacji"],"_links":{"self":[{"href":"https:\/\/online.tvk-gaj.pl\/index.php?rest_route=\/wp\/v2\/posts\/1329","targetHints":{"allow":["GET"]}}],"collection":[{"href":"https:\/\/online.tvk-gaj.pl\/index.php?rest_route=\/wp\/v2\/posts"}],"about":[{"href":"https:\/\/online.tvk-gaj.pl\/index.php?rest_route=\/wp\/v2\/types\/post"}],"author":[{"embeddable":true,"href":"https:\/\/online.tvk-gaj.pl\/index.php?rest_route=\/wp\/v2\/users\/1"}],"replies":[{"embeddable":true,"href":"https:\/\/online.tvk-gaj.pl\/index.php?rest_route=%2Fwp%2Fv2%2Fcomments&post=1329"}],"version-history":[{"count":4,"href":"https:\/\/online.tvk-gaj.pl\/index.php?rest_route=\/wp\/v2\/posts\/1329\/revisions"}],"predecessor-version":[{"id":1333,"href":"https:\/\/online.tvk-gaj.pl\/index.php?rest_route=\/wp\/v2\/posts\/1329\/revisions\/1333"}],"wp:featuredmedia":[{"embeddable":true,"href":"https:\/\/online.tvk-gaj.pl\/index.php?rest_route=\/wp\/v2\/media\/1330"}],"wp:attachment":[{"href":"https:\/\/online.tvk-gaj.pl\/index.php?rest_route=%2Fwp%2Fv2%2Fmedia&parent=1329"}],"wp:term":[{"taxonomy":"category","embeddable":true,"href":"https:\/\/online.tvk-gaj.pl\/index.php?rest_route=%2Fwp%2Fv2%2Fcategories&post=1329"},{"taxonomy":"post_tag","embeddable":true,"href":"https:\/\/online.tvk-gaj.pl\/index.php?rest_route=%2Fwp%2Fv2%2Ftags&post=1329"}],"curies":[{"name":"wp","href":"https:\/\/api.w.org\/{rel}","templated":true}]}}