{"id":13327,"date":"2021-10-18T18:12:16","date_gmt":"2021-10-18T16:12:16","guid":{"rendered":"http:\/\/www.tvk-gaj.pl\/~gajonline\/?p=13327"},"modified":"2021-10-18T18:13:44","modified_gmt":"2021-10-18T16:13:44","slug":"wyniki-wyborow-do-rady-osiedla-gaj-2021","status":"publish","type":"post","link":"https:\/\/online.tvk-gaj.pl\/?p=13327","title":{"rendered":"Wyniki wybor\u00f3w do Rady Osiedla Gaj &#8211; 2021"},"content":{"rendered":"\n<p>17 pa\u017adziernika 2021r. o godzinie 20:00 zako\u0144czy\u0142y si\u0119 wybory do rad osiedli we Wroc\u0142awiu. Dzie\u0144 p\u00f3\u017aniej, bo 18 pa\u017adziernika otrzymali\u015bmy oficjalne wyniki wybor\u00f3w, w tym nowy sk\u0142ad Rady Osiedla Gaj w kadencji 2021-2026.<\/p>\n\n\n\n<!--more-->\n\n\n\n<p><\/p>\n\n\n\n<p><\/p>\n\n\n\n<p>Na Gaju wybory odbywa\u0142y si\u0119 w trzech okr\u0119gach, podzielonych ze wzgl\u0119du na ulice. Mieszka\u0144cy oddawali swoje g\u0142osy w Zespole Szkolno-Przedszkolnym nr 21 przy ul. K\u0142odzkiej (okr\u0119g nr 1) oraz Szkole Podstawowej Nr 90 przy ul. Orzechowej (okr\u0119g 2 i 3).<\/p>\n\n\n\n<p><\/p>\n\n\n\n<p><\/p>\n\n\n\n<figure class=\"wp-block-image size-large\"><img loading=\"lazy\" decoding=\"async\" width=\"1024\" height=\"577\" src=\"http:\/\/www.tvk-gaj.pl\/~gajonline\/wp-content\/uploads\/2021\/10\/IMG_9497-1024x577.jpg\" alt=\"\" class=\"wp-image-13328\" srcset=\"https:\/\/online.tvk-gaj.pl\/wp-content\/uploads\/2021\/10\/IMG_9497-1024x577.jpg 1024w, https:\/\/online.tvk-gaj.pl\/wp-content\/uploads\/2021\/10\/IMG_9497-300x169.jpg 300w, https:\/\/online.tvk-gaj.pl\/wp-content\/uploads\/2021\/10\/IMG_9497-768x433.jpg 768w, https:\/\/online.tvk-gaj.pl\/wp-content\/uploads\/2021\/10\/IMG_9497-1536x865.jpg 1536w, https:\/\/online.tvk-gaj.pl\/wp-content\/uploads\/2021\/10\/IMG_9497.jpg 1640w\" sizes=\"auto, (max-width: 1024px) 100vw, 1024px\" \/><\/figure>\n\n\n\n<p><\/p>\n\n\n\n<p><\/p>\n\n\n\n<p><\/p>\n\n\n\n<p><\/p>\n\n\n\n<p><strong>WYNIKI WYBOR\u00d3W DO RADY OSIEDLA GAJ 2021:<\/strong><\/p>\n\n\n\n<p><\/p>\n\n\n\n<p><\/p>\n\n\n\n<blockquote class=\"wp-block-quote is-layout-flow wp-block-quote-is-layout-flow\"><p><strong>Miejska Komisja Wyborcza opublikowa\u0142a ju\u017c oficjalne wyniki. Radnymi osiedla Gaj w kadencji 2021-2026 zostali:<\/strong><\/p><p><\/p><p>Borzycka Weronika<\/p><p>Buli\u0144ski Dawid<\/p><p>Bystry Tadeusz<\/p><p>Chodaczy\u0144ski Adam<\/p><p>Dziekan Barbata<\/p><p>Hajducki Piotr<\/p><p>Juszczak Jerzy<\/p><p>Kurzyjamski Wojciech<\/p><p>M\u00f3l Marcin<\/p><p>Nawrotek Piotr<\/p><p>Ryfa Ma\u0142gorzata<\/p><p>Sawicki Micha\u0142<\/p><p>Walczyk-Makowska Halina<\/p><p>Wojtaszewski Adam<\/p><p>Zydorowicz Stefan<\/p><\/blockquote>\n\n\n\n<p><\/p>\n\n\n\n<p><\/p>\n\n\n\n<p><strong>Protoko\u0142y wyborcze:<\/strong> <\/p>\n\n\n\n<p><\/p>\n\n\n\n<p><\/p>\n\n\n\n<p><\/p>\n\n\n\n<figure class=\"wp-block-image size-large is-resized\"><img decoding=\"async\" src=\"http:\/\/www.tvk-gaj.pl\/~gajonline\/wp-content\/uploads\/2021\/10\/IMG_9741-806x1024.jpg\" alt=\"\" class=\"wp-image-13330\" width=\"828\" srcset=\"https:\/\/online.tvk-gaj.pl\/wp-content\/uploads\/2021\/10\/IMG_9741-806x1024.jpg 806w, https:\/\/online.tvk-gaj.pl\/wp-content\/uploads\/2021\/10\/IMG_9741-236x300.jpg 236w, https:\/\/online.tvk-gaj.pl\/wp-content\/uploads\/2021\/10\/IMG_9741-768x976.jpg 768w, https:\/\/online.tvk-gaj.pl\/wp-content\/uploads\/2021\/10\/IMG_9741.jpg 828w\" sizes=\"(max-width: 806px) 100vw, 806px\" \/><\/figure>\n\n\n\n<figure class=\"wp-block-image size-large is-resized\"><img decoding=\"async\" src=\"http:\/\/www.tvk-gaj.pl\/~gajonline\/wp-content\/uploads\/2021\/10\/IMG_9742-811x1024.jpg\" alt=\"\" class=\"wp-image-13331\" width=\"828\" srcset=\"https:\/\/online.tvk-gaj.pl\/wp-content\/uploads\/2021\/10\/IMG_9742-811x1024.jpg 811w, https:\/\/online.tvk-gaj.pl\/wp-content\/uploads\/2021\/10\/IMG_9742-237x300.jpg 237w, https:\/\/online.tvk-gaj.pl\/wp-content\/uploads\/2021\/10\/IMG_9742-768x970.jpg 768w, https:\/\/online.tvk-gaj.pl\/wp-content\/uploads\/2021\/10\/IMG_9742.jpg 828w\" sizes=\"(max-width: 811px) 100vw, 811px\" \/><\/figure>\n\n\n\n<figure class=\"wp-block-image size-large is-resized\"><img decoding=\"async\" src=\"http:\/\/www.tvk-gaj.pl\/~gajonline\/wp-content\/uploads\/2021\/10\/IMG_9743-797x1024.jpg\" alt=\"\" class=\"wp-image-13332\" width=\"828\" srcset=\"https:\/\/online.tvk-gaj.pl\/wp-content\/uploads\/2021\/10\/IMG_9743-797x1024.jpg 797w, https:\/\/online.tvk-gaj.pl\/wp-content\/uploads\/2021\/10\/IMG_9743-233x300.jpg 233w, https:\/\/online.tvk-gaj.pl\/wp-content\/uploads\/2021\/10\/IMG_9743-768x987.jpg 768w, https:\/\/online.tvk-gaj.pl\/wp-content\/uploads\/2021\/10\/IMG_9743.jpg 828w\" sizes=\"(max-width: 797px) 100vw, 797px\" \/><\/figure>\n\n\n\n<figure class=\"wp-block-image size-full\"><img loading=\"lazy\" decoding=\"async\" width=\"828\" height=\"985\" src=\"http:\/\/www.tvk-gaj.pl\/~gajonline\/wp-content\/uploads\/2021\/10\/IMG_9744.jpg\" alt=\"\" class=\"wp-image-13333\" srcset=\"https:\/\/online.tvk-gaj.pl\/wp-content\/uploads\/2021\/10\/IMG_9744.jpg 828w, https:\/\/online.tvk-gaj.pl\/wp-content\/uploads\/2021\/10\/IMG_9744-252x300.jpg 252w, https:\/\/online.tvk-gaj.pl\/wp-content\/uploads\/2021\/10\/IMG_9744-768x914.jpg 768w\" sizes=\"auto, (max-width: 828px) 100vw, 828px\" \/><\/figure>\n\n\n\n<p><\/p>\n\n\n\n<p><\/p>\n\n\n\n<p><\/p>\n\n\n\n<p><\/p>\n\n\n\n<p><\/p>\n\n\n\n<p><\/p>\n\n\n\n<p><strong>Troch\u0119 statystyki:\u00a0<\/strong><\/p>\n\n\n\n<p>Frekwencja w tegorocznych wyborach do Rady Osiedla Gaj wynios\u0142a 2,9% (448 mieszka\u0144c\u00f3w osiedla odda\u0142o sw\u00f3j g\u0142os). Frekwencja dla ca\u0142ego Wroc\u0142awia wynios\u0142a 6,28%. Wybory przeprowadzono w 44 z 48 osiedli (w 4 radach ilo\u015b\u0107 kandydat\u00f3w r\u00f3wna\u0142a si\u0119 liczbie mandat\u00f3w, wi\u0119c wybor\u00f3w nie przeprowadzano) w kt\u00f3rych wybrano \u0142\u0105cznie 791 radnych. <\/p>\n\n\n\n<p><\/p>\n\n\n\n<p><\/p>\n\n\n\n<p><strong>Jak wygl\u0105da dalsza procedura?<\/strong><\/p>\n\n\n\n<p>Kadencja rad osiedli twa 5 lat. Pierwsze sesje nowych rad osiedli zwo\u0142a przewodnicz\u0105cy Rady Miejskiej Wroc\u0142awia, gdy Miejska Komisja Wyborcza stwierdzi wa\u017cno\u015b\u0107 wybor\u00f3w. Obecnie Miejska Komisja Wyborcza czeka na ewentualne odwo\u0142ania i skargi. Termin ich sk\u0142adania to 14 dni od momentu og\u0142oszenia wynik\u00f3w. Po tym czasie Prezydent Miasta ma 7 dni na zorganizowanie \u015blubowania Radnych.<\/p>\n\n\n\n<p><\/p>\n\n\n\n<p><\/p>\n\n\n\n<p><\/p>\n\n\n\n<p><\/p>\n\n\n\n<p><\/p>\n\n\n\n<p><strong>Radnym gratulujemy wyborczego sukcesu, natomiast mieszka\u0144com dzi\u0119kujemy za udzia\u0142 w wyborach! <\/strong><\/p>\n\n\n\n<p><\/p>\n\n\n\n<p><\/p>\n\n\n\n<p><\/p>\n\n\n\n<p><\/p>\n\n\n\n<p><em>Wi\u0119cej informacji o wyborach dost\u0119pnych jest na stronie miasta pod adresem <a href=\"https:\/\/bip.um.wroc.pl\/artykuly\/1005\/wyniki-wyborow\">https:\/\/bip.um.wroc.pl\/artykuly\/1005\/wyniki-wyborow<\/a><\/em><\/p>\n\n\n\n<p><\/p>\n\n\n\n<p><\/p>\n\n\n\n<p><\/p>\n\n\n\n<p><\/p>\n\n\n\n<p><\/p>\n\n\n\n<p><\/p>\n\n\n\n<p><\/p>\n","protected":false},"excerpt":{"rendered":"<p>17 pa\u017adziernika 2021r. o godzinie 20:00 zako\u0144czy\u0142y si\u0119 wybory do rad osiedli we Wroc\u0142awiu. Dzie\u0144 p\u00f3\u017aniej, bo 18 pa\u017adziernika otrzymali\u015bmy oficjalne wyniki wybor\u00f3w, w tym nowy sk\u0142ad Rady Osiedla Gaj w kadencji 2021-2026.<\/p>\n","protected":false},"author":1,"featured_media":13208,"comment_status":"open","ping_status":"open","sticky":false,"template":"","format":"standard","meta":{"footnotes":""},"categories":[14,56],"tags":[135,1548,371,75,1537,360,1547],"class_list":["post-13327","post","type-post","status-publish","format-standard","has-post-thumbnail","hentry","category-aktualnosci","category-rada-osiedla","tag-rada-osiedla-gaj","tag-rada-osiedla-gaj-kadencja-2021-2026","tag-wybory","tag-wybory-rada-osiedla-gaj","tag-wybory-rada-osiedla-gaj-2021","tag-wyniki","tag-wyniki-wyborow-do-rady-osiedla-gaj-2021"],"_links":{"self":[{"href":"https:\/\/online.tvk-gaj.pl\/index.php?rest_route=\/wp\/v2\/posts\/13327","targetHints":{"allow":["GET"]}}],"collection":[{"href":"https:\/\/online.tvk-gaj.pl\/index.php?rest_route=\/wp\/v2\/posts"}],"about":[{"href":"https:\/\/online.tvk-gaj.pl\/index.php?rest_route=\/wp\/v2\/types\/post"}],"author":[{"embeddable":true,"href":"https:\/\/online.tvk-gaj.pl\/index.php?rest_route=\/wp\/v2\/users\/1"}],"replies":[{"embeddable":true,"href":"https:\/\/online.tvk-gaj.pl\/index.php?rest_route=%2Fwp%2Fv2%2Fcomments&post=13327"}],"version-history":[{"count":3,"href":"https:\/\/online.tvk-gaj.pl\/index.php?rest_route=\/wp\/v2\/posts\/13327\/revisions"}],"predecessor-version":[{"id":13337,"href":"https:\/\/online.tvk-gaj.pl\/index.php?rest_route=\/wp\/v2\/posts\/13327\/revisions\/13337"}],"wp:featuredmedia":[{"embeddable":true,"href":"https:\/\/online.tvk-gaj.pl\/index.php?rest_route=\/wp\/v2\/media\/13208"}],"wp:attachment":[{"href":"https:\/\/online.tvk-gaj.pl\/index.php?rest_route=%2Fwp%2Fv2%2Fmedia&parent=13327"}],"wp:term":[{"taxonomy":"category","embeddable":true,"href":"https:\/\/online.tvk-gaj.pl\/index.php?rest_route=%2Fwp%2Fv2%2Fcategories&post=13327"},{"taxonomy":"post_tag","embeddable":true,"href":"https:\/\/online.tvk-gaj.pl\/index.php?rest_route=%2Fwp%2Fv2%2Ftags&post=13327"}],"curies":[{"name":"wp","href":"https:\/\/api.w.org\/{rel}","templated":true}]}}