{"id":13342,"date":"2021-10-26T22:20:45","date_gmt":"2021-10-26T20:20:45","guid":{"rendered":"http:\/\/www.tvk-gaj.pl\/~gajonline\/?p=13342"},"modified":"2022-01-12T20:59:54","modified_gmt":"2022-01-12T19:59:54","slug":"wszystkich-swietych-zmiany-w-komunikacji-na-gaju","status":"publish","type":"post","link":"https:\/\/online.tvk-gaj.pl\/?p=13342","title":{"rendered":"Wszystkich \u015awi\u0119tych &#8211; zmiany w komunikacji na Gaju"},"content":{"rendered":"\n<p><meta charset=\"utf-8\">Przedstawiamy szczeg\u00f3\u0142y zmian w organizacji ruchu i komunikacji miejskiej zwi\u0105zanych z obchodami \u015awi\u0119ta Zmar\u0142ych. Prezentujemy informacje istotne dla mieszka\u0144c\u00f3w Gaju oraz os\u00f3b odwiedzaj\u0105cych cmentarze przy ul. Bardzkiej i Dzia\u0142kowej.\u00a0<\/p>\n\n\n\n<!--more-->\n\n\n\n<p><\/p>\n\n\n\n<p>Na terenie osiedla znajduj\u0105 si\u0119 dwa cmentarze parafialne \u2013 \u015aw. Ducha na ul. Bardziej oraz \u015aw. Maurycego na ul. Dzia\u0142kowej (pod kt\u00f3ry podlega te\u017c Parafia \u015aw. Franciszka z Asy\u017cu z ul Borowskiej).<\/p>\n\n\n\n<p><\/p>\n\n\n\n<p><\/p>\n\n\n\n<h2 class=\"wp-block-heading\"><strong>Cmentarz Parafialny Ducha \u015awi\u0119tego przy ul. Bardzkiej<\/strong><\/h2>\n\n\n\n<p><\/p>\n\n\n\n<p><\/p>\n\n\n\n<div class=\"wp-block-image\"><figure class=\"aligncenter\"><a href=\"http:\/\/www.tvk-gaj.pl\/~gajonline\/wp-content\/uploads\/2015\/10\/cmentarz-przy-bardzkiej.jpg\"><img loading=\"lazy\" decoding=\"async\" width=\"626\" height=\"417\" src=\"http:\/\/www.tvk-gaj.pl\/~gajonline\/wp-content\/uploads\/2015\/10\/cmentarz-przy-bardzkiej.jpg\" alt=\"cmentarz-przy-bardzkiej\" class=\"wp-image-5148\" srcset=\"https:\/\/online.tvk-gaj.pl\/wp-content\/uploads\/2015\/10\/cmentarz-przy-bardzkiej.jpg 626w, https:\/\/online.tvk-gaj.pl\/wp-content\/uploads\/2015\/10\/cmentarz-przy-bardzkiej-300x200.jpg 300w, https:\/\/online.tvk-gaj.pl\/wp-content\/uploads\/2015\/10\/cmentarz-przy-bardzkiej-321x214.jpg 321w, https:\/\/online.tvk-gaj.pl\/wp-content\/uploads\/2015\/10\/cmentarz-przy-bardzkiej-140x94.jpg 140w\" sizes=\"auto, (max-width: 626px) 100vw, 626px\" \/><\/a><\/figure><\/div>\n\n\n\n<p><\/p>\n\n\n\n<p><em>Nekropolia nale\u017c\u0105ca obecnie do Parafii Ducha \u015awi\u0119tego z ul. Bardzkiej powsta\u0142 w 1918 roku jako Cmentarz \u015bw. Henryka. Cmentarz zajmuje powierzchni\u0119 ponad 8ha. Nekropolia posiada unikatow\u0105 architektur\u0119 zaprojektowan\u0105 przez wroc\u0142awskiego architekta Theo Effenberger &#8211; znajduj\u0105 si\u0119 tutaj m.in. pomniki wojenne. Na cmentarzu swoje groby ma wielu znanych wroc\u0142awian &#8211; m.in.&nbsp;prof. Stanis\u0142aw To\u0142pa &#8211; botanik, Aleksandra Natalli-\u015awiat &#8211; pos\u0142anka na sejm RP, prof. Karol Jo\u0144ca \u2013 prawnik i historyk, ks. Piotr Nitecki \u2013 profesor Papieskiego Wydzia\u0142u Teologicznego we Wroc\u0142awiu.&nbsp;<\/em><\/p>\n\n\n\n<p>W obr\u0119bie tej nekropolii zmiany w organizacji ruchu zostan\u0105 wprowadzone wy\u0142\u0105cznie 1 listopada.&nbsp;<\/p>\n\n\n\n<p><\/p>\n\n\n\n<p><\/p>\n\n\n\n<p>Organizacja ruchu od 31 pa\u017adziernika i 1 listopada 2021r. <\/p>\n\n\n\n<p><\/p>\n\n\n\n<p><\/p>\n\n\n\n<figure class=\"wp-block-image size-full\"><img loading=\"lazy\" decoding=\"async\" width=\"800\" height=\"565\" src=\"http:\/\/www.tvk-gaj.pl\/~gajonline\/wp-content\/uploads\/2021\/10\/wszystkich-swietych-2021-cmentarz-bardzka.png\" alt=\"\" class=\"wp-image-13343\" srcset=\"https:\/\/online.tvk-gaj.pl\/wp-content\/uploads\/2021\/10\/wszystkich-swietych-2021-cmentarz-bardzka.png 800w, https:\/\/online.tvk-gaj.pl\/wp-content\/uploads\/2021\/10\/wszystkich-swietych-2021-cmentarz-bardzka-300x212.png 300w, https:\/\/online.tvk-gaj.pl\/wp-content\/uploads\/2021\/10\/wszystkich-swietych-2021-cmentarz-bardzka-768x542.png 768w\" sizes=\"auto, (max-width: 800px) 100vw, 800px\" \/><\/figure>\n\n\n\n<p><\/p>\n\n\n\n<p><\/p>\n\n\n\n<p><strong>Wa\u017cne informacje:<\/strong><\/p>\n\n\n\n<p><\/p>\n\n\n\n<ul class=\"wp-block-list\"><li>na ulicy Morwowej zostanie wprowadzony jeden kierunek ruchu od ulicy Bardzkiej do ulicy Zi\u0119bickiej,<\/li><li>cz\u0119\u015b\u0107 jezdni ulicy Morwowej przeznaczona zostanie do parkowania pojazd\u00f3w,<\/li><li>dla samochod\u00f3w b\u0119dzie dzia\u0142a parking p\u0142atny na terenie przy ulicy Buforowej 2.<\/li><\/ul>\n\n\n\n<p><\/p>\n\n\n\n<p><\/p>\n\n\n\n<p><strong>KOMUNIKACJA MIEJSKA<\/strong><\/p>\n\n\n\n<p><br>Na cmentarz dojecha\u0107 mo\u017cna autobusami linii 125, 133, 134, 136, 145, 146 oraz specjalnymi liniami tramwajowymi i autobusowymi: E8  i E9 (Gaj\/Tarnogaj-Osobowice) oraz 334 (Buforowa&nbsp;\u2013 Rac\u0142awicka).<\/p>\n\n\n\n<p><\/p>\n\n\n\n<p><\/p>\n\n\n\n<p><\/p>\n\n\n\n<h2 class=\"wp-block-heading\"><strong>Cmentarz na Skowroniej G\u00f3rze przy ul. Dzia\u0142kowej<\/strong><\/h2>\n\n\n\n<p><\/p>\n\n\n\n<p><\/p>\n\n\n\n<div class=\"wp-block-image\"><figure class=\"aligncenter\"><img loading=\"lazy\" decoding=\"async\" width=\"1024\" height=\"768\" src=\"http:\/\/www.tvk-gaj.pl\/~gajonline\/wp-content\/uploads\/2015\/10\/14-1024x768.jpg\" alt=\"OLYMPUS DIGITAL CAMERA\" class=\"wp-image-5150\" srcset=\"https:\/\/online.tvk-gaj.pl\/wp-content\/uploads\/2015\/10\/14-1024x768.jpg 1024w, https:\/\/online.tvk-gaj.pl\/wp-content\/uploads\/2015\/10\/14-300x225.jpg 300w, https:\/\/online.tvk-gaj.pl\/wp-content\/uploads\/2015\/10\/14.jpg 2048w\" sizes=\"auto, (max-width: 1024px) 100vw, 1024px\" \/><\/figure><\/div>\n\n\n\n<div class=\"wp-block-image\"><figure class=\"aligncenter\"><a href=\"http:\/\/www.tvk-gaj.pl\/~gajonline\/wp-content\/uploads\/2013\/10\/2013-10-31-13.25.46.jpg\"><img loading=\"lazy\" decoding=\"async\" width=\"1024\" height=\"576\" src=\"http:\/\/www.tvk-gaj.pl\/~gajonline\/wp-content\/uploads\/2013\/10\/2013-10-31-13.25.46-1024x576.jpg\" alt=\"2013-10-31 13.25.46\" class=\"wp-image-1724\" srcset=\"https:\/\/online.tvk-gaj.pl\/wp-content\/uploads\/2013\/10\/2013-10-31-13.25.46-1024x576.jpg 1024w, https:\/\/online.tvk-gaj.pl\/wp-content\/uploads\/2013\/10\/2013-10-31-13.25.46-300x168.jpg 300w, https:\/\/online.tvk-gaj.pl\/wp-content\/uploads\/2013\/10\/2013-10-31-13.25.46.jpg 1536w\" sizes=\"auto, (max-width: 1024px) 100vw, 1024px\" \/><\/a><\/figure><\/div>\n\n\n\n<p><\/p>\n\n\n\n<p><em>Cmentarz nazywany potocznie &#8222;Cmentarzem na Skowroniej G\u00f3rze&#8221;&nbsp; znajduje si\u0119 pod zarz\u0105dem parafii rzymskokatolickiej pw. \u015bw. Maurycego we Wroc\u0142awiu. Jest jednak u\u017cytkowany przez Parafi\u0119 \u015awi\u0119tego Franciszka z ul. Borowskiej. Od 1945r. cmentarz wykorzystywany by\u0142 jako miejsce poch\u00f3wku \u017co\u0142nierzy radzieckich. Obecnie cz\u0119\u015b\u0107 nekropolii ma charakter muzeum.&nbsp; Od 1994r. zachodnia cz\u0119\u015b\u0107 cmentarz nadal pe\u0142ni funkcj\u0119 cmentarza parafialnego ko\u015bcio\u0142a \u015bw. Maurycego.<\/em><\/p>\n\n\n\n<p><\/p>\n\n\n\n<p><strong><meta charset=\"utf-8\"><strong>Wa\u017cne informacje:<\/strong><\/strong><\/p>\n\n\n\n<p><br>Przy cmentarzu od 23 pa\u017adziernika Policja wprowadzi\u0142a zakaz zatrzymywania si\u0119 pojazd\u00f3w.<\/p>\n\n\n\n<p>Nie b\u0119dzie zamian w organizacji ruchu dla cmentarza \u201eSkowronia G\u00f3ra\u201d przy ul. Dzia\u0142kowej.<\/p>\n\n\n\n<p><\/p>\n\n\n\n<p><strong>KOMUNIKACJA MIEJSKA<\/strong><br>Do cmentarza mo\u017cna dojecha\u0107 autobusami linii 136, 145, 146, K, 112, 113, 612 oraz tramwajami linii 31, 32.<\/p>\n\n\n\n<p><\/p>\n\n\n\n<p><\/p>\n\n\n\n<p><\/p>\n\n\n\n<h2 class=\"wp-block-heading\"><strong>Zmiany w komunikacji miejskiej <\/strong><\/h2>\n\n\n\n<p><\/p>\n\n\n\n<p><\/p>\n\n\n\n<figure class=\"wp-block-image size-large\"><img loading=\"lazy\" decoding=\"async\" width=\"1024\" height=\"617\" src=\"http:\/\/www.tvk-gaj.pl\/~gajonline\/wp-content\/uploads\/2021\/10\/wszystkich-swietych-2021-wroclaw-autobusy-specjalne-1024x617.png\" alt=\"\" class=\"wp-image-13344\" srcset=\"https:\/\/online.tvk-gaj.pl\/wp-content\/uploads\/2021\/10\/wszystkich-swietych-2021-wroclaw-autobusy-specjalne-1024x617.png 1024w, https:\/\/online.tvk-gaj.pl\/wp-content\/uploads\/2021\/10\/wszystkich-swietych-2021-wroclaw-autobusy-specjalne-300x181.png 300w, https:\/\/online.tvk-gaj.pl\/wp-content\/uploads\/2021\/10\/wszystkich-swietych-2021-wroclaw-autobusy-specjalne-768x463.png 768w, https:\/\/online.tvk-gaj.pl\/wp-content\/uploads\/2021\/10\/wszystkich-swietych-2021-wroclaw-autobusy-specjalne.png 1200w\" sizes=\"auto, (max-width: 1024px) 100vw, 1024px\" \/><\/figure>\n\n\n\n<p><\/p>\n\n\n\n<figure class=\"wp-block-image size-large\"><img loading=\"lazy\" decoding=\"async\" width=\"1024\" height=\"772\" src=\"http:\/\/www.tvk-gaj.pl\/~gajonline\/wp-content\/uploads\/2021\/10\/wszystkich-swietych-2021-wroclaw-tramwaje-specjalne-1024x772.png\" alt=\"\" class=\"wp-image-13345\" srcset=\"https:\/\/online.tvk-gaj.pl\/wp-content\/uploads\/2021\/10\/wszystkich-swietych-2021-wroclaw-tramwaje-specjalne-1024x772.png 1024w, https:\/\/online.tvk-gaj.pl\/wp-content\/uploads\/2021\/10\/wszystkich-swietych-2021-wroclaw-tramwaje-specjalne-300x226.png 300w, https:\/\/online.tvk-gaj.pl\/wp-content\/uploads\/2021\/10\/wszystkich-swietych-2021-wroclaw-tramwaje-specjalne-768x579.png 768w, https:\/\/online.tvk-gaj.pl\/wp-content\/uploads\/2021\/10\/wszystkich-swietych-2021-wroclaw-tramwaje-specjalne.png 1061w\" sizes=\"auto, (max-width: 1024px) 100vw, 1024px\" \/><\/figure>\n\n\n\n<p><\/p>\n\n\n\n<p><\/p>\n\n\n\n<p><\/p>\n\n\n\n<p><\/p>\n\n\n\n<p><\/p>\n\n\n\n<p><meta charset=\"utf-8\">Wszystkie informacje na temat kursowania komunikacji miejskiej w okresie 23 pa\u017adziernika &#8211; 2 listopada znajdziecie na stronie UM Wroc\u0142awia <a rel=\"noreferrer noopener\" href=\"https:\/\/www.wroclaw.pl\/komunikacja-zbiorowa-wszystkich-swietych\" target=\"_blank\">pod tym linkiem<\/a>. <\/p>\n\n\n\n<p><\/p>\n\n\n\n<p><\/p>\n\n\n\n<p><\/p>\n","protected":false},"excerpt":{"rendered":"<p>Przedstawiamy szczeg\u00f3\u0142y zmian w organizacji ruchu i komunikacji miejskiej zwi\u0105zanych z obchodami \u015awi\u0119ta Zmar\u0142ych. Prezentujemy informacje istotne dla mieszka\u0144c\u00f3w Gaju oraz os\u00f3b odwiedzaj\u0105cych cmentarze przy ul. Bardzkiej i Dzia\u0142kowej.\u00a0<\/p>\n","protected":false},"author":1,"featured_media":12484,"comment_status":"open","ping_status":"open","sticky":false,"template":"","format":"standard","meta":{"footnotes":""},"categories":[14],"tags":[197,1552,1553,546,122,1550,156,1551,121,1549,1555,1554],"class_list":["post-13342","post","type-post","status-publish","format-standard","has-post-thumbnail","hentry","category-aktualnosci","tag-bardzka","tag-cmentarz-bardzka-gaj","tag-cmentarz-dzialkowa-gaj","tag-cmentarz-skowronia-gora","tag-komunikacja","tag-komunikacja-gaj-wszystkich-swietych","tag-mpk","tag-swieto-zmarlych-na-gaju","tag-wszystkich-swietych","tag-zaduszki","tag-zmiany-w-komunikacji-gaj-wszystkich-swietych","tag-zmiany-w-komunikacji-miejskiej-na-gaju-swieto-zmarlych"],"_links":{"self":[{"href":"https:\/\/online.tvk-gaj.pl\/index.php?rest_route=\/wp\/v2\/posts\/13342","targetHints":{"allow":["GET"]}}],"collection":[{"href":"https:\/\/online.tvk-gaj.pl\/index.php?rest_route=\/wp\/v2\/posts"}],"about":[{"href":"https:\/\/online.tvk-gaj.pl\/index.php?rest_route=\/wp\/v2\/types\/post"}],"author":[{"embeddable":true,"href":"https:\/\/online.tvk-gaj.pl\/index.php?rest_route=\/wp\/v2\/users\/1"}],"replies":[{"embeddable":true,"href":"https:\/\/online.tvk-gaj.pl\/index.php?rest_route=%2Fwp%2Fv2%2Fcomments&post=13342"}],"version-history":[{"count":2,"href":"https:\/\/online.tvk-gaj.pl\/index.php?rest_route=\/wp\/v2\/posts\/13342\/revisions"}],"predecessor-version":[{"id":13347,"href":"https:\/\/online.tvk-gaj.pl\/index.php?rest_route=\/wp\/v2\/posts\/13342\/revisions\/13347"}],"wp:featuredmedia":[{"embeddable":true,"href":"https:\/\/online.tvk-gaj.pl\/index.php?rest_route=\/wp\/v2\/media\/12484"}],"wp:attachment":[{"href":"https:\/\/online.tvk-gaj.pl\/index.php?rest_route=%2Fwp%2Fv2%2Fmedia&parent=13342"}],"wp:term":[{"taxonomy":"category","embeddable":true,"href":"https:\/\/online.tvk-gaj.pl\/index.php?rest_route=%2Fwp%2Fv2%2Fcategories&post=13342"},{"taxonomy":"post_tag","embeddable":true,"href":"https:\/\/online.tvk-gaj.pl\/index.php?rest_route=%2Fwp%2Fv2%2Ftags&post=13342"}],"curies":[{"name":"wp","href":"https:\/\/api.w.org\/{rel}","templated":true}]}}