{"id":13377,"date":"2021-11-03T18:20:09","date_gmt":"2021-11-03T17:20:09","guid":{"rendered":"http:\/\/www.tvk-gaj.pl\/~gajonline\/?p=13377"},"modified":"2021-11-03T18:21:28","modified_gmt":"2021-11-03T17:21:28","slug":"pierwsza-uroczysta-sesja-nowej-rady-osiedla-kadencji-2021-2026","status":"publish","type":"post","link":"https:\/\/online.tvk-gaj.pl\/?p=13377","title":{"rendered":"Pierwsza (uroczysta) sesja nowej Rady Osiedla Gaj kadencji 2021-2026"},"content":{"rendered":"\n<p>3 listopada 2021r. w miejskim ratuszu odby\u0142a si\u0119 pierwsza i uroczysta sesja nowo wybranej Rady Osiedla Gaj w kadencji 2021-2026. Przedstawiamy nowych radnych z Gaju oraz zapraszamy do fotorelacji ze \u015blubowania!<\/p>\n\n\n\n<!--more-->\n\n\n\n<p><\/p>\n\n\n\n<p>Pierwsza sesja Rady Osiedla Gaj &#8211; po\u0142\u0105czona ze \u015blubowaniem radnych &#8211; odby\u0142a si\u0119 3 listopada 2021r. Przypomnijmy &#8211; wybory do wroc\u0142awskich rad osiedli odby\u0142y si\u0119  w tym roku 17 pa\u017adziernika. Wyj\u0105tkowe przesuni\u0119cie wybor\u00f3w oraz wyd\u0142u\u017cenie minionej kadencji rad osiedli spowodowane by\u0142o pandemi\u0105 koronawirusa. <\/p>\n\n\n\n<p><\/p>\n\n\n\n<p><\/p>\n\n\n\n<figure class=\"wp-block-image size-large\"><img loading=\"lazy\" decoding=\"async\" width=\"768\" height=\"1024\" src=\"http:\/\/www.tvk-gaj.pl\/~gajonline\/wp-content\/uploads\/2021\/11\/IMG_0128-768x1024.jpg\" alt=\"\" class=\"wp-image-13379\" srcset=\"https:\/\/online.tvk-gaj.pl\/wp-content\/uploads\/2021\/11\/IMG_0128-768x1024.jpg 768w, https:\/\/online.tvk-gaj.pl\/wp-content\/uploads\/2021\/11\/IMG_0128-225x300.jpg 225w, https:\/\/online.tvk-gaj.pl\/wp-content\/uploads\/2021\/11\/IMG_0128-1152x1536.jpg 1152w, https:\/\/online.tvk-gaj.pl\/wp-content\/uploads\/2021\/11\/IMG_0128.jpg 1512w\" sizes=\"auto, (max-width: 768px) 100vw, 768px\" \/><\/figure>\n\n\n\n<p><\/p>\n\n\n\n<p><\/p>\n\n\n\n<p>Uroczysto\u015b\u0107 zorganizowan\u0105 w salach wroc\u0142awskiego Ratusza poprowadzi\u0142 radny Rady Miejskiej Wroc\u0142awia &#8211; Pan Dominik K\u0142osowski.<\/p>\n\n\n\n<p><\/p>\n\n\n\n<p><\/p>\n\n\n\n<figure class=\"wp-block-image size-large\"><img loading=\"lazy\" decoding=\"async\" width=\"768\" height=\"1024\" src=\"http:\/\/www.tvk-gaj.pl\/~gajonline\/wp-content\/uploads\/2021\/11\/IMG_0130-768x1024.jpg\" alt=\"\" class=\"wp-image-13380\" srcset=\"https:\/\/online.tvk-gaj.pl\/wp-content\/uploads\/2021\/11\/IMG_0130-768x1024.jpg 768w, https:\/\/online.tvk-gaj.pl\/wp-content\/uploads\/2021\/11\/IMG_0130-225x300.jpg 225w, https:\/\/online.tvk-gaj.pl\/wp-content\/uploads\/2021\/11\/IMG_0130-1152x1536.jpg 1152w, https:\/\/online.tvk-gaj.pl\/wp-content\/uploads\/2021\/11\/IMG_0130.jpg 1512w\" sizes=\"auto, (max-width: 768px) 100vw, 768px\" \/><\/figure>\n\n\n\n<p><\/p>\n\n\n\n<p><\/p>\n\n\n\n<p>Obecna kadencja rad osiedli we Wroc\u0142awiu potrwa 5 lat i obejmie lata 2021-2026. Jest to wyj\u0105tkowe wyd\u0142u\u017cenie kadencji, kt\u00f3re do tej pory trwa\u0142y 4 lata.<\/p>\n\n\n\n<p><\/p>\n\n\n\n<figure class=\"wp-block-image size-large\"><img loading=\"lazy\" decoding=\"async\" width=\"1024\" height=\"768\" src=\"http:\/\/www.tvk-gaj.pl\/~gajonline\/wp-content\/uploads\/2021\/11\/IMG_0134-1024x768.jpg\" alt=\"\" class=\"wp-image-13381\" srcset=\"https:\/\/online.tvk-gaj.pl\/wp-content\/uploads\/2021\/11\/IMG_0134-1024x768.jpg 1024w, https:\/\/online.tvk-gaj.pl\/wp-content\/uploads\/2021\/11\/IMG_0134-300x225.jpg 300w, https:\/\/online.tvk-gaj.pl\/wp-content\/uploads\/2021\/11\/IMG_0134-768x576.jpg 768w, https:\/\/online.tvk-gaj.pl\/wp-content\/uploads\/2021\/11\/IMG_0134-1536x1152.jpg 1536w, https:\/\/online.tvk-gaj.pl\/wp-content\/uploads\/2021\/11\/IMG_0134.jpg 2016w\" sizes=\"auto, (max-width: 1024px) 100vw, 1024px\" \/><\/figure>\n\n\n\n<p><\/p>\n\n\n\n<p><\/p>\n\n\n\n<blockquote class=\"wp-block-quote is-layout-flow wp-block-quote-is-layout-flow\"><p><strong>Radnymi Osiedla Gaj w kadencji 2021-2026 oficjalnie zostali:<\/strong><\/p><cite>Borzycka Weronika<br>Buli\u0144ski Dawid<br>Bystry Tadeusz<br>Chodaczy\u0144ski Adam<br>Dziekan Barbata<br>Hajducki Piotr<br>Juszczak Jerzy<br>Kurzyjamski Wojciech<br>M\u00f3l Marcin<br>Nawrotek Piotr<br>Ryfa Ma\u0142gorzata<br>Sawicki Micha\u0142<br>Walczyk-Makowska Halina<br>Wojtaszewski Adam<br>Zydorowicz Stefan<\/cite><\/blockquote>\n\n\n\n<p><\/p>\n\n\n\n<p><\/p>\n\n\n\n<p><\/p>\n\n\n\n<p><\/p>\n\n\n\n<figure class=\"wp-block-image size-large\"><img loading=\"lazy\" decoding=\"async\" width=\"768\" height=\"1024\" src=\"http:\/\/www.tvk-gaj.pl\/~gajonline\/wp-content\/uploads\/2021\/11\/IMG_0168-768x1024.jpg\" alt=\"\" class=\"wp-image-13383\" srcset=\"https:\/\/online.tvk-gaj.pl\/wp-content\/uploads\/2021\/11\/IMG_0168-768x1024.jpg 768w, https:\/\/online.tvk-gaj.pl\/wp-content\/uploads\/2021\/11\/IMG_0168-225x300.jpg 225w, https:\/\/online.tvk-gaj.pl\/wp-content\/uploads\/2021\/11\/IMG_0168-1152x1536.jpg 1152w, https:\/\/online.tvk-gaj.pl\/wp-content\/uploads\/2021\/11\/IMG_0168.jpg 1512w\" sizes=\"auto, (max-width: 768px) 100vw, 768px\" \/><\/figure>\n\n\n\n<p><\/p>\n\n\n\n<p><\/p>\n\n\n\n<p><\/p>\n\n\n\n<p>\u015awie\u017co zaprzysi\u0119\u017cona Rada dokona\u0142a wyboru przewodnicz\u0105cego Rady Osiedla Gaj &#8211; zosta\u0142 nim Adam Wojtaszewski. Wiceprzewodnicz\u0105c\u0105 wybrano\u00a0Pani\u0105 Ma\u0142gorzat\u0119 Ryf\u0119.\u00a0<\/p>\n\n\n\n<p><\/p>\n\n\n\n<p><\/p>\n\n\n\n<p><\/p>\n\n\n\n<figure class=\"wp-block-image size-large\"><img loading=\"lazy\" decoding=\"async\" width=\"1024\" height=\"768\" src=\"http:\/\/www.tvk-gaj.pl\/~gajonline\/wp-content\/uploads\/2021\/11\/IMG_0173-1024x768.jpg\" alt=\"\" class=\"wp-image-13382\" srcset=\"https:\/\/online.tvk-gaj.pl\/wp-content\/uploads\/2021\/11\/IMG_0173-1024x768.jpg 1024w, https:\/\/online.tvk-gaj.pl\/wp-content\/uploads\/2021\/11\/IMG_0173-300x225.jpg 300w, https:\/\/online.tvk-gaj.pl\/wp-content\/uploads\/2021\/11\/IMG_0173-768x576.jpg 768w, https:\/\/online.tvk-gaj.pl\/wp-content\/uploads\/2021\/11\/IMG_0173-1536x1152.jpg 1536w, https:\/\/online.tvk-gaj.pl\/wp-content\/uploads\/2021\/11\/IMG_0173.jpg 2016w\" sizes=\"auto, (max-width: 1024px) 100vw, 1024px\" \/><\/figure>\n\n\n\n<p><\/p>\n\n\n\n<p><\/p>\n\n\n\n<p>Nowo wybrani radni z\u0142o\u017cyli uroczyste \u015blubowanie.<\/p>\n\n\n\n<p><\/p>\n\n\n\n<p><\/p>\n\n\n\n<blockquote class=\"wp-block-quote is-layout-flow wp-block-quote-is-layout-flow\"><p>Rota \u015alubowania radnych osiedlowych<\/p><cite>\u201eWierny Konstytucji i\u00a0prawu Rzeczypospolitej Polskiej, \u015blubuj\u0119 uroczy\u015bcie obowi\u0105zki radnego sprawowa\u0107 godnie, rzetelnie i\u00a0uczciwie, maj\u0105c na\u00a0wzgl\u0119dzie dobro Miasta i\u00a0Osiedla oraz\u00a0jego mieszka\u0144c\u00f3w\u201d<\/cite><\/blockquote>\n\n\n\n<p><\/p>\n\n\n\n<p><\/p>\n\n\n\n<p><\/p>\n\n\n\n<p><\/p>\n\n\n\n<p><\/p>\n\n\n\n<p><\/p>\n\n\n\n<p><strong>FOTORELACJA ZE \u015aLUBOWANIA RADNYCH OSIEDLOWYCH:<\/strong><\/p>\n\n\n\n[ngg src=&#8221;galleries&#8221; ids=&#8221;123&#8243; display=&#8221;basic_thumbnail&#8221; thumbnail_crop=&#8221;0&#8243;]\n\n\n\n<p><\/p>\n\n\n\n<p><\/p>\n\n\n\n<p><\/p>\n\n\n\n<p><strong>Wszystkim radnym gratulujemy mandat\u00f3w oraz \u017cyczymy samych sukces\u00f3w w nowej kadencji!<\/strong><\/p>\n\n\n\n<p><\/p>\n\n\n\n<p><\/p>\n\n\n\n<p><\/p>\n\n\n\n<p><\/p>\n\n\n\n<p><\/p>\n\n\n\n<p><\/p>\n\n\n\n<p><\/p>\n\n\n\n<p><\/p>\n","protected":false},"excerpt":{"rendered":"<p>3 listopada 2021r. w miejskim ratuszu odby\u0142a si\u0119 pierwsza i uroczysta sesja nowo wybranej Rady Osiedla Gaj w kadencji 2021-2026. Przedstawiamy nowych radnych z Gaju oraz zapraszamy do fotorelacji ze \u015blubowania!<\/p>\n","protected":false},"author":1,"featured_media":13378,"comment_status":"open","ping_status":"open","sticky":false,"template":"","format":"standard","meta":{"footnotes":""},"categories":[14,12],"tags":[1556,135,1557,403,1558,1561,1559,1560,1562,1547],"class_list":["post-13377","post","type-post","status-publish","format-standard","has-post-thumbnail","hentry","category-aktualnosci","category-artykuly","tag-kadencja-2021-2026","tag-rada-osiedla-gaj","tag-radni-osiedla-gaj","tag-radni-osiedlowi","tag-radni-osiedlowi-na-gaju","tag-sklad-rady-osiedla-gaj-2021","tag-slubowanie-radnych","tag-slubowanie-rady-osiedla-gaj-2021","tag-uroczyste","tag-wyniki-wyborow-do-rady-osiedla-gaj-2021"],"_links":{"self":[{"href":"https:\/\/online.tvk-gaj.pl\/index.php?rest_route=\/wp\/v2\/posts\/13377","targetHints":{"allow":["GET"]}}],"collection":[{"href":"https:\/\/online.tvk-gaj.pl\/index.php?rest_route=\/wp\/v2\/posts"}],"about":[{"href":"https:\/\/online.tvk-gaj.pl\/index.php?rest_route=\/wp\/v2\/types\/post"}],"author":[{"embeddable":true,"href":"https:\/\/online.tvk-gaj.pl\/index.php?rest_route=\/wp\/v2\/users\/1"}],"replies":[{"embeddable":true,"href":"https:\/\/online.tvk-gaj.pl\/index.php?rest_route=%2Fwp%2Fv2%2Fcomments&post=13377"}],"version-history":[{"count":2,"href":"https:\/\/online.tvk-gaj.pl\/index.php?rest_route=\/wp\/v2\/posts\/13377\/revisions"}],"predecessor-version":[{"id":13386,"href":"https:\/\/online.tvk-gaj.pl\/index.php?rest_route=\/wp\/v2\/posts\/13377\/revisions\/13386"}],"wp:featuredmedia":[{"embeddable":true,"href":"https:\/\/online.tvk-gaj.pl\/index.php?rest_route=\/wp\/v2\/media\/13378"}],"wp:attachment":[{"href":"https:\/\/online.tvk-gaj.pl\/index.php?rest_route=%2Fwp%2Fv2%2Fmedia&parent=13377"}],"wp:term":[{"taxonomy":"category","embeddable":true,"href":"https:\/\/online.tvk-gaj.pl\/index.php?rest_route=%2Fwp%2Fv2%2Fcategories&post=13377"},{"taxonomy":"post_tag","embeddable":true,"href":"https:\/\/online.tvk-gaj.pl\/index.php?rest_route=%2Fwp%2Fv2%2Ftags&post=13377"}],"curies":[{"name":"wp","href":"https:\/\/api.w.org\/{rel}","templated":true}]}}