{"id":13402,"date":"2021-11-28T21:51:59","date_gmt":"2021-11-28T20:51:59","guid":{"rendered":"http:\/\/www.tvk-gaj.pl\/~gajonline\/?p=13402"},"modified":"2021-11-28T21:56:50","modified_gmt":"2021-11-28T20:56:50","slug":"nowe-biuro-obslugi-pasazera-mpk-na-gaju","status":"publish","type":"post","link":"https:\/\/online.tvk-gaj.pl\/?p=13402","title":{"rendered":"Nowe Biuro Obs\u0142ugi Pasa\u017cera MPK na Gaju"},"content":{"rendered":"\n<p>W miniony poniedzia\u0142ek, 22 listopada, Miejskie Przedsi\u0119biorstwo Komunikacyjne we Wroc\u0142awiu otworzy\u0142o dwa nowe punkty obs\u0142ugi pasa\u017cera. Jeden z punkt\u00f3w znajduje si\u0119 na Gaju &#8211; tu\u017c przy p\u0119tli tramwajowej na ul. \u015awieradowskiej 22. <\/p>\n\n\n\n<!--more-->\n\n\n\n<p><\/p>\n\n\n\n<p><\/p>\n\n\n\n<figure class=\"wp-block-image size-full\"><img loading=\"lazy\" decoding=\"async\" width=\"852\" height=\"568\" src=\"http:\/\/www.tvk-gaj.pl\/~gajonline\/wp-content\/uploads\/2021\/11\/mpk-biuro1.jpeg\" alt=\"\" class=\"wp-image-13403\" srcset=\"https:\/\/online.tvk-gaj.pl\/wp-content\/uploads\/2021\/11\/mpk-biuro1.jpeg 852w, https:\/\/online.tvk-gaj.pl\/wp-content\/uploads\/2021\/11\/mpk-biuro1-300x200.jpeg 300w, https:\/\/online.tvk-gaj.pl\/wp-content\/uploads\/2021\/11\/mpk-biuro1-768x512.jpeg 768w, https:\/\/online.tvk-gaj.pl\/wp-content\/uploads\/2021\/11\/mpk-biuro1-321x214.jpeg 321w, https:\/\/online.tvk-gaj.pl\/wp-content\/uploads\/2021\/11\/mpk-biuro1-140x94.jpeg 140w\" sizes=\"auto, (max-width: 852px) 100vw, 852px\" \/><\/figure>\n\n\n\n<p><\/p>\n\n\n\n<p><\/p>\n\n\n\n<p><strong>Biuro Obs\u0142ugi Pasa\u017cera na Gaju<\/strong><\/p>\n\n\n\n<p><\/p>\n\n\n\n<p>Biuro Obs\u0142ugi Pasa\u017cera zlokalizowane jest w  budynku przy ul. \u015awieradowskiej 22 &#8211; tu\u017c przy tramwajowej kra\u0144c\u00f3wce &#8222;Gaj&#8221;. Sam budynek, cho\u0107 niewielki, dostosowany jest do potrzeb os\u00f3b niepe\u0142nosprawnych. <\/p>\n\n\n\n<p>Biuro czynne jest od poniedzia\u0142ku do pi\u0105tku w godzinach od 8 do 19. <\/p>\n\n\n\n<p><\/p>\n\n\n\n<p>Dotychczasowe biuro przy ul. Prusa zosta\u0142o zamkni\u0119te. <\/p>\n\n\n\n<p><\/p>\n\n\n\n<p><\/p>\n\n\n\n<p><\/p>\n\n\n\n<figure class=\"wp-block-embed is-type-video is-provider-youtube wp-block-embed-youtube wp-embed-aspect-16-9 wp-has-aspect-ratio\"><div class=\"wp-block-embed__wrapper\">\n<iframe loading=\"lazy\" title=\"MPK otwiera nowe punkty obs\u0142ugi i sklep firmowy | Wroc\u0142aw TV\" width=\"838\" height=\"471\" src=\"https:\/\/www.youtube.com\/embed\/3v8pZBNJ7bg?feature=oembed\" frameborder=\"0\" allow=\"accelerometer; autoplay; clipboard-write; encrypted-media; gyroscope; picture-in-picture; web-share\" referrerpolicy=\"strict-origin-when-cross-origin\" allowfullscreen><\/iframe>\n<\/div><\/figure>\n\n\n\n<p><\/p>\n\n\n\n<p><\/p>\n\n\n\n<p><\/p>\n\n\n\n<p><strong>Biuro rzeczy znalezionych w autobusach i tramwajach<\/strong><\/p>\n\n\n\n<p><\/p>\n\n\n\n<p>W nowych punktach obs\u0142ugi pasa\u017cera, po wcze\u015bniejszym zg\u0142oszeniu zagubienia przedmiot\u00f3w i potwierdzeniu ich odnalezienia w pojazdach MPK,  pasa\u017cer b\u0119dzie mog\u0142 wybra\u0107, w kt\u00f3rym biurze obs\u0142ugi b\u0119dzie m\u00f3g\u0142 je na drugi dzie\u0144 wygodnie odebra\u0107.<\/p>\n\n\n\n<p><\/p>\n\n\n\n<p><\/p>\n\n\n\n<figure class=\"wp-block-image size-full\"><img loading=\"lazy\" decoding=\"async\" width=\"852\" height=\"568\" src=\"http:\/\/www.tvk-gaj.pl\/~gajonline\/wp-content\/uploads\/2021\/11\/mpk-biuro2.jpeg\" alt=\"\" class=\"wp-image-13404\" srcset=\"https:\/\/online.tvk-gaj.pl\/wp-content\/uploads\/2021\/11\/mpk-biuro2.jpeg 852w, https:\/\/online.tvk-gaj.pl\/wp-content\/uploads\/2021\/11\/mpk-biuro2-300x200.jpeg 300w, https:\/\/online.tvk-gaj.pl\/wp-content\/uploads\/2021\/11\/mpk-biuro2-768x512.jpeg 768w, https:\/\/online.tvk-gaj.pl\/wp-content\/uploads\/2021\/11\/mpk-biuro2-321x214.jpeg 321w, https:\/\/online.tvk-gaj.pl\/wp-content\/uploads\/2021\/11\/mpk-biuro2-140x94.jpeg 140w\" sizes=\"auto, (max-width: 852px) 100vw, 852px\" \/><\/figure>\n\n\n\n<p><\/p>\n\n\n\n<p><\/p>\n\n\n\n<p><\/p>\n\n\n\n<p><strong>Jakie sprawy mo\u017cna za\u0142atwi\u0107 w punkcie przy ul. \u015awieradowskiej?<\/strong><\/p>\n\n\n\n<p><\/p>\n\n\n\n<p>W biurze mo\u017cna m.in. wyrobi\u0107 i do\u0142adowa\u0107 karty UrbanCard, zg\u0142osi\u0107 zagini\u0119cie rzeczy w autobusie lub tramwaju, zg\u0142asza\u0107 uwagi oraz za\u0142atwia\u0107 sprawy zwi\u0105zane z bie\u017c\u0105cym funkcjonowaniem MPK. <\/p>\n\n\n\n<p><\/p>\n\n\n\n<p><\/p>\n\n\n\n<p><\/p>\n\n\n\n<p><\/p>\n\n\n\n<figure class=\"wp-block-image size-full\"><img loading=\"lazy\" decoding=\"async\" width=\"852\" height=\"714\" src=\"http:\/\/www.tvk-gaj.pl\/~gajonline\/wp-content\/uploads\/2021\/11\/mpk-biuro-3.jpeg\" alt=\"\" class=\"wp-image-13405\" srcset=\"https:\/\/online.tvk-gaj.pl\/wp-content\/uploads\/2021\/11\/mpk-biuro-3.jpeg 852w, https:\/\/online.tvk-gaj.pl\/wp-content\/uploads\/2021\/11\/mpk-biuro-3-300x251.jpeg 300w, https:\/\/online.tvk-gaj.pl\/wp-content\/uploads\/2021\/11\/mpk-biuro-3-768x644.jpeg 768w\" sizes=\"auto, (max-width: 852px) 100vw, 852px\" \/><\/figure>\n\n\n\n<p><\/p>\n\n\n\n<p><\/p>\n\n\n\n<p><\/p>\n\n\n\n<p><strong>Dojazd i lokalizacja:<\/strong><\/p>\n\n\n\n<p><\/p>\n\n\n\n<p><\/p>\n\n\n\n<blockquote class=\"wp-block-quote is-layout-flow wp-block-quote-is-layout-flow\"><p>Prezes MPK Krzysztof Balawejder:<\/p><cite>&#8222;Chcemy by\u0107 jeszcze bli\u017cej pasa\u017cer\u00f3w, dlatego podj\u0119li\u015bmy decyzj\u0119 o otwarciu dw\u00f3ch biur obs\u0142ugi pasa\u017cera w nowych lokalizacjach. Plac\u00f3wki znajduj\u0105 si\u0119 w dw\u00f3ch r\u00f3\u017cnych cz\u0119\u015bciach miasta, w pobli\u017cu du\u017cych w\u0119z\u0142\u00f3w przesiadkowych. U\u0142atwi to zainteresowanym dotarcie do tych miejsc&#8221;.<\/cite><\/blockquote>\n\n\n\n<p><\/p>\n\n\n\n<p><\/p>\n\n\n\n<p>Dojazd od punktu przy ul. \u015awieradowskiej 22: \u00a0tramwaje  linii: 31 i 32 oraz autobusy relacji  136, 143, 145 i K.<\/p>\n\n\n\n<p><\/p>\n\n\n\n<p><\/p>\n\n\n\n<p><\/p>\n\n\n\n<p><\/p>\n\n\n\n<p><\/p>\n\n\n\n<p><\/p>\n\n\n\n<p><em>Zdj\u0119cia w artykule pochodz\u0105 z materia\u0142\u00f3w promocyjnych MPK Wroc\u0142aw.<\/em><\/p>\n\n\n\n<p><\/p>\n\n\n\n<p><\/p>\n\n\n\n<p><\/p>\n\n\n\n<p><\/p>\n","protected":false},"excerpt":{"rendered":"<p>W miniony poniedzia\u0142ek, 22 listopada, Miejskie Przedsi\u0119biorstwo Komunikacyjne we Wroc\u0142awiu otworzy\u0142o dwa nowe punkty obs\u0142ugi pasa\u017cera. Jeden z punkt\u00f3w znajduje si\u0119 na Gaju &#8211; tu\u017c przy p\u0119tli tramwajowej na ul. \u015awieradowskiej 22.<\/p>\n","protected":false},"author":1,"featured_media":13403,"comment_status":"open","ping_status":"open","sticky":false,"template":"","format":"standard","meta":{"footnotes":""},"categories":[14,12],"tags":[1566,156,1563,413,1567,1565,1564],"class_list":["post-13402","post","type-post","status-publish","format-standard","has-post-thumbnail","hentry","category-aktualnosci","category-artykuly","tag-biuro-obslugi-pasazera-mpk-swieradowska","tag-mpk","tag-mpk-biuro-obslugi-pasazera","tag-mpk-wroclaw","tag-petla-swieradowska-mpk","tag-swieradowska-mpk","tag-tramwaje-gaj"],"_links":{"self":[{"href":"https:\/\/online.tvk-gaj.pl\/index.php?rest_route=\/wp\/v2\/posts\/13402","targetHints":{"allow":["GET"]}}],"collection":[{"href":"https:\/\/online.tvk-gaj.pl\/index.php?rest_route=\/wp\/v2\/posts"}],"about":[{"href":"https:\/\/online.tvk-gaj.pl\/index.php?rest_route=\/wp\/v2\/types\/post"}],"author":[{"embeddable":true,"href":"https:\/\/online.tvk-gaj.pl\/index.php?rest_route=\/wp\/v2\/users\/1"}],"replies":[{"embeddable":true,"href":"https:\/\/online.tvk-gaj.pl\/index.php?rest_route=%2Fwp%2Fv2%2Fcomments&post=13402"}],"version-history":[{"count":2,"href":"https:\/\/online.tvk-gaj.pl\/index.php?rest_route=\/wp\/v2\/posts\/13402\/revisions"}],"predecessor-version":[{"id":13408,"href":"https:\/\/online.tvk-gaj.pl\/index.php?rest_route=\/wp\/v2\/posts\/13402\/revisions\/13408"}],"wp:featuredmedia":[{"embeddable":true,"href":"https:\/\/online.tvk-gaj.pl\/index.php?rest_route=\/wp\/v2\/media\/13403"}],"wp:attachment":[{"href":"https:\/\/online.tvk-gaj.pl\/index.php?rest_route=%2Fwp%2Fv2%2Fmedia&parent=13402"}],"wp:term":[{"taxonomy":"category","embeddable":true,"href":"https:\/\/online.tvk-gaj.pl\/index.php?rest_route=%2Fwp%2Fv2%2Fcategories&post=13402"},{"taxonomy":"post_tag","embeddable":true,"href":"https:\/\/online.tvk-gaj.pl\/index.php?rest_route=%2Fwp%2Fv2%2Ftags&post=13402"}],"curies":[{"name":"wp","href":"https:\/\/api.w.org\/{rel}","templated":true}]}}