{"id":13409,"date":"2021-12-01T18:43:25","date_gmt":"2021-12-01T17:43:25","guid":{"rendered":"http:\/\/www.tvk-gaj.pl\/~gajonline\/?p=13409"},"modified":"2021-12-01T18:43:27","modified_gmt":"2021-12-01T17:43:27","slug":"charytatywny-kiermasz-swiateczny","status":"publish","type":"post","link":"https:\/\/online.tvk-gaj.pl\/?p=13409","title":{"rendered":"Charytatywny Kiermasz \u015awi\u0105teczny"},"content":{"rendered":"\n<p>Serdecznie zapraszamy do wzi\u0119cia udzia\u0142u w charytatywnym Kiermaszu \u015awi\u0105tecznym w Centrum Handlowym Ferio Gaj.<\/p>\n\n\n\n<!--more-->\n\n\n\n<p><\/p>\n\n\n\n<p><\/p>\n\n\n\n<figure class=\"wp-block-image size-large\"><img loading=\"lazy\" decoding=\"async\" width=\"719\" height=\"1024\" src=\"http:\/\/www.tvk-gaj.pl\/~gajonline\/wp-content\/uploads\/2021\/12\/kiermaszferiogrudzien2021-719x1024.jpeg\" alt=\"\" class=\"wp-image-13410\" srcset=\"https:\/\/online.tvk-gaj.pl\/wp-content\/uploads\/2021\/12\/kiermaszferiogrudzien2021-719x1024.jpeg 719w, https:\/\/online.tvk-gaj.pl\/wp-content\/uploads\/2021\/12\/kiermaszferiogrudzien2021-211x300.jpeg 211w, https:\/\/online.tvk-gaj.pl\/wp-content\/uploads\/2021\/12\/kiermaszferiogrudzien2021-768x1094.jpeg 768w, https:\/\/online.tvk-gaj.pl\/wp-content\/uploads\/2021\/12\/kiermaszferiogrudzien2021.jpeg 1002w\" sizes=\"auto, (max-width: 719px) 100vw, 719px\" \/><\/figure>\n\n\n\n<p><\/p>\n\n\n\n<p><\/p>\n\n\n\n<p>Kiermasz odb\u0119dzie si\u0119 w dniach 2-4 grudnia w godzinach 12-16 (2-3 grudnia) oraz 11-15 (4 grudnia) w CH Ferio Gaj przy ul. \u015awieradowskiej na Gaju. <\/p>\n\n\n\n<p><\/p>\n\n\n\n<p>W ramach kiermaszu sprzedawane b\u0119d\u0105 \u015bwi\u0105teczne dekoracje wykonane przez przedszkolak\u00f3w i uczni\u00f3w z plac\u00f3wek na Gaju oraz senior\u00f3w z Klubu Seniora na Gaju. <\/p>\n\n\n\n<p><\/p>\n\n\n\n<p>Doch\u00f3d uzyskany ze sprzedanych dekoracji przeznaczony zostanie na doposa\u017cenie oddzia\u0142u dzieci\u0119cej Uniwersyteckiego Szpitala Klinicznego przy ul. Borowskiej. <\/p>\n\n\n\n<p><\/p>\n\n\n\n<p><strong>Serdecznie polecamy i zach\u0119camy do wzi\u0119cia udzia\u0142u w tej pi\u0119knej akcji!<\/strong><\/p>\n\n\n\n<p><\/p>\n\n\n\n<p><\/p>\n\n\n\n<p><\/p>\n\n\n\n<p><\/p>\n\n\n\n<p><\/p>\n\n\n\n<p><\/p>\n","protected":false},"excerpt":{"rendered":"<p>Serdecznie zapraszamy do wzi\u0119cia udzia\u0142u w charytatywnym Kiermaszu \u015awi\u0105tecznym w Centrum Handlowym Ferio Gaj.<\/p>\n","protected":false},"author":1,"featured_media":13410,"comment_status":"open","ping_status":"open","sticky":false,"template":"","format":"standard","meta":{"footnotes":""},"categories":[14],"tags":[1087,1568,1080,1572,421,1570,1569,1573,1571],"class_list":["post-13409","post","type-post","status-publish","format-standard","has-post-thumbnail","hentry","category-aktualnosci","tag-kiermasz-charytatywny","tag-kiermasz-gaj-rada-osiedla","tag-kiermasz-swiateczny","tag-kiermasz-swiateczny-ferio-gaj","tag-klub-seniora-na-gaju","tag-przedszkola-gaj","tag-seniorzy-gaj","tag-swieta-kiermasz-gaj","tag-szkoly-gaj"],"_links":{"self":[{"href":"https:\/\/online.tvk-gaj.pl\/index.php?rest_route=\/wp\/v2\/posts\/13409","targetHints":{"allow":["GET"]}}],"collection":[{"href":"https:\/\/online.tvk-gaj.pl\/index.php?rest_route=\/wp\/v2\/posts"}],"about":[{"href":"https:\/\/online.tvk-gaj.pl\/index.php?rest_route=\/wp\/v2\/types\/post"}],"author":[{"embeddable":true,"href":"https:\/\/online.tvk-gaj.pl\/index.php?rest_route=\/wp\/v2\/users\/1"}],"replies":[{"embeddable":true,"href":"https:\/\/online.tvk-gaj.pl\/index.php?rest_route=%2Fwp%2Fv2%2Fcomments&post=13409"}],"version-history":[{"count":1,"href":"https:\/\/online.tvk-gaj.pl\/index.php?rest_route=\/wp\/v2\/posts\/13409\/revisions"}],"predecessor-version":[{"id":13411,"href":"https:\/\/online.tvk-gaj.pl\/index.php?rest_route=\/wp\/v2\/posts\/13409\/revisions\/13411"}],"wp:featuredmedia":[{"embeddable":true,"href":"https:\/\/online.tvk-gaj.pl\/index.php?rest_route=\/wp\/v2\/media\/13410"}],"wp:attachment":[{"href":"https:\/\/online.tvk-gaj.pl\/index.php?rest_route=%2Fwp%2Fv2%2Fmedia&parent=13409"}],"wp:term":[{"taxonomy":"category","embeddable":true,"href":"https:\/\/online.tvk-gaj.pl\/index.php?rest_route=%2Fwp%2Fv2%2Fcategories&post=13409"},{"taxonomy":"post_tag","embeddable":true,"href":"https:\/\/online.tvk-gaj.pl\/index.php?rest_route=%2Fwp%2Fv2%2Ftags&post=13409"}],"curies":[{"name":"wp","href":"https:\/\/api.w.org\/{rel}","templated":true}]}}