{"id":13413,"date":"2021-12-15T20:12:42","date_gmt":"2021-12-15T19:12:42","guid":{"rendered":"http:\/\/www.tvk-gaj.pl\/~gajonline\/?p=13413"},"modified":"2021-12-15T20:13:30","modified_gmt":"2021-12-15T19:13:30","slug":"swiateczna-przerwa-w-bibliotece-osiedlowej","status":"publish","type":"post","link":"https:\/\/online.tvk-gaj.pl\/?p=13413","title":{"rendered":"\u015awi\u0105teczna przerwa w Bibliotece Osiedlowej"},"content":{"rendered":"\n<p>W zwi\u0105zku z nadchodz\u0105cym okresem \u015bwi\u0105teczno-noworocznym Biblioteka Osiedlowa przy Radzie Osiedla Gaj w dniach 22 grudnia &#8211; 12 stycznia b\u0119dzie mia\u0142a przerw\u0119 w dzia\u0142alno\u015bci.<\/p>\n\n\n\n<p><\/p>\n\n\n\n<p><\/p>\n\n\n\n<p><\/p>\n\n\n\n<p><\/p>\n\n\n\n<figure class=\"wp-block-image size-large\"><img loading=\"lazy\" decoding=\"async\" width=\"1024\" height=\"722\" src=\"http:\/\/www.tvk-gaj.pl\/~gajonline\/wp-content\/uploads\/2021\/12\/Biblio-PrzerwaSwieta-211214-JPG-1024x722.jpg\" alt=\"\" class=\"wp-image-13414\" srcset=\"https:\/\/online.tvk-gaj.pl\/wp-content\/uploads\/2021\/12\/Biblio-PrzerwaSwieta-211214-JPG-1024x722.jpg 1024w, https:\/\/online.tvk-gaj.pl\/wp-content\/uploads\/2021\/12\/Biblio-PrzerwaSwieta-211214-JPG-300x211.jpg 300w, https:\/\/online.tvk-gaj.pl\/wp-content\/uploads\/2021\/12\/Biblio-PrzerwaSwieta-211214-JPG-768x541.jpg 768w, https:\/\/online.tvk-gaj.pl\/wp-content\/uploads\/2021\/12\/Biblio-PrzerwaSwieta-211214-JPG.jpg 1288w\" sizes=\"auto, (max-width: 1024px) 100vw, 1024px\" \/><\/figure>\n\n\n\n<p><\/p>\n\n\n\n<p><\/p>\n\n\n\n<p><\/p>\n\n\n\n<p>W zwi\u0105zku z nadchodz\u0105cym okresem \u015bwi\u0105teczno-noworocznym Biblioteka Osiedlowa przy Radzie Osiedla Gaj w dniach 22 grudnia &#8211; 12 stycznia b\u0119dzie mia\u0142a przerw\u0119 w dzia\u0142alno\u015bci. <\/p>\n\n\n\n<p><\/p>\n\n\n\n<p>Korzystaj\u0105c z okazji zach\u0119camy do zaopatrzenia si\u0119 w ksi\u0105\u017cki na zimowe, d\u0142ugie wieczory:) <\/p>\n\n\n\n<p><\/p>\n\n\n\n<p>Przypominamy, \u017ce biblioteka mie\u015bci si\u0119 w Klubie Seniora na Gaju w budynku przychodni zdrowia przy ul. Krynickiej 51 (wej\u015bcie od apteki). Czynna jest w ka\u017cd\u0105 \u015brod\u0119, w godzinach 18-20.<\/p>\n\n\n\n<p><\/p>\n\n\n\n<p><\/p>\n\n\n\n<p><\/p>\n\n\n\n<p><strong>Polecamy i zapraszamy!<\/strong><\/p>\n\n\n\n<p><\/p>\n\n\n\n<p><\/p>\n\n\n\n<p><\/p>\n","protected":false},"excerpt":{"rendered":"<p>W zwi\u0105zku z nadchodz\u0105cym okresem \u015bwi\u0105teczno-noworocznym Biblioteka Osiedlowa przy Radzie Osiedla Gaj w dniach 22 grudnia &#8211; 12 stycznia b\u0119dzie mia\u0142a przerw\u0119 w dzia\u0142alno\u015bci. W zwi\u0105zku z nadchodz\u0105cym okresem \u015bwi\u0105teczno-noworocznym Biblioteka Osiedlowa przy Radzie Osiedla Gaj w dniach 22 grudnia &#8211; 12 stycznia b\u0119dzie mia\u0142a przerw\u0119 w dzia\u0142alno\u015bci. Korzystaj\u0105c z okazji zach\u0119camy do zaopatrzenia si\u0119 [&hellip;]<\/p>\n","protected":false},"author":1,"featured_media":11927,"comment_status":"open","ping_status":"open","sticky":false,"template":"","format":"standard","meta":{"footnotes":""},"categories":[14],"tags":[684,1262,1317,112,1574,135],"class_list":["post-13413","post","type-post","status-publish","format-standard","has-post-thumbnail","hentry","category-aktualnosci","tag-biblioteka","tag-biblioteka-osiedlowa","tag-biblioteka-osiedlowa-na-gaju","tag-gaj","tag-przerwa-swiateczna-biblioteka-osiedlowa-na-gaju","tag-rada-osiedla-gaj"],"_links":{"self":[{"href":"https:\/\/online.tvk-gaj.pl\/index.php?rest_route=\/wp\/v2\/posts\/13413","targetHints":{"allow":["GET"]}}],"collection":[{"href":"https:\/\/online.tvk-gaj.pl\/index.php?rest_route=\/wp\/v2\/posts"}],"about":[{"href":"https:\/\/online.tvk-gaj.pl\/index.php?rest_route=\/wp\/v2\/types\/post"}],"author":[{"embeddable":true,"href":"https:\/\/online.tvk-gaj.pl\/index.php?rest_route=\/wp\/v2\/users\/1"}],"replies":[{"embeddable":true,"href":"https:\/\/online.tvk-gaj.pl\/index.php?rest_route=%2Fwp%2Fv2%2Fcomments&post=13413"}],"version-history":[{"count":3,"href":"https:\/\/online.tvk-gaj.pl\/index.php?rest_route=\/wp\/v2\/posts\/13413\/revisions"}],"predecessor-version":[{"id":13417,"href":"https:\/\/online.tvk-gaj.pl\/index.php?rest_route=\/wp\/v2\/posts\/13413\/revisions\/13417"}],"wp:featuredmedia":[{"embeddable":true,"href":"https:\/\/online.tvk-gaj.pl\/index.php?rest_route=\/wp\/v2\/media\/11927"}],"wp:attachment":[{"href":"https:\/\/online.tvk-gaj.pl\/index.php?rest_route=%2Fwp%2Fv2%2Fmedia&parent=13413"}],"wp:term":[{"taxonomy":"category","embeddable":true,"href":"https:\/\/online.tvk-gaj.pl\/index.php?rest_route=%2Fwp%2Fv2%2Fcategories&post=13413"},{"taxonomy":"post_tag","embeddable":true,"href":"https:\/\/online.tvk-gaj.pl\/index.php?rest_route=%2Fwp%2Fv2%2Ftags&post=13413"}],"curies":[{"name":"wp","href":"https:\/\/api.w.org\/{rel}","templated":true}]}}