{"id":13419,"date":"2021-12-22T21:09:44","date_gmt":"2021-12-22T20:09:44","guid":{"rendered":"http:\/\/www.tvk-gaj.pl\/~gajonline\/?p=13419"},"modified":"2021-12-22T21:10:50","modified_gmt":"2021-12-22T20:10:50","slug":"swiateczna-pomoc-rady-osiedla-gaj","status":"publish","type":"post","link":"https:\/\/online.tvk-gaj.pl\/?p=13419","title":{"rendered":"\u015awi\u0105teczna pomoc Rady Osiedla Gaj"},"content":{"rendered":"\n<p>Na kilka dni przed \u015awi\u0119tami Bo\u017cego Narodzenia osiedlowi radni wr\u0119czyli \u015bwi\u0105teczne paczki dla najbardziej potrzebuj\u0105cych mieszka\u0144c\u00f3w osiedla. R\u00f3wnie\u017c w grudniu radni z Gaju przekazali pomoce dydaktyczne dla dzia\u0142aj\u0105cych na terenie Gaju przedszkoli oraz zaanga\u017cowali si\u0119 w charytatywny kiermasz \u015bwi\u0105teczny.  <\/p>\n\n\n\n<!--more-->\n\n\n\n<p><meta charset=\"utf-8\"><\/p>\n\n\n\n<p><\/p>\n\n\n\n<p>W grudniu Rada Osiedla Gaj wspar\u0142a i zaanga\u017cowa\u0142a si\u0119 w  kilka charytatywnych akcji i inicjatyw:<\/p>\n\n\n\n<p><\/p>\n\n\n\n<p><\/p>\n\n\n\n<p><strong>\u015awi\u0105teczne paczki dla najbardziej potrzebuj\u0105cych mieszka\u0144c\u00f3w osiedla<\/strong><\/p>\n\n\n\n<p><\/p>\n\n\n\n<p><\/p>\n\n\n\n<figure class=\"wp-block-image size-large\"><img loading=\"lazy\" decoding=\"async\" width=\"1024\" height=\"768\" src=\"http:\/\/www.tvk-gaj.pl\/~gajonline\/wp-content\/uploads\/2021\/12\/IMG_1463-1024x768.jpg\" alt=\"\" class=\"wp-image-13420\" srcset=\"https:\/\/online.tvk-gaj.pl\/wp-content\/uploads\/2021\/12\/IMG_1463-1024x768.jpg 1024w, https:\/\/online.tvk-gaj.pl\/wp-content\/uploads\/2021\/12\/IMG_1463-300x225.jpg 300w, https:\/\/online.tvk-gaj.pl\/wp-content\/uploads\/2021\/12\/IMG_1463-768x576.jpg 768w, https:\/\/online.tvk-gaj.pl\/wp-content\/uploads\/2021\/12\/IMG_1463-1536x1152.jpg 1536w, https:\/\/online.tvk-gaj.pl\/wp-content\/uploads\/2021\/12\/IMG_1463-2048x1536.jpg 2048w\" sizes=\"auto, (max-width: 1024px) 100vw, 1024px\" \/><\/figure>\n\n\n\n<p><\/p>\n\n\n\n<p><\/p>\n\n\n\n<p>Tu\u017c przed \u015awietami Bo\u017cego Narodzenia Rada Osiedla Gaj we wsp\u00f3\u0142pracy z Miejskim O\u015brodkiem Pomocy Spo\u0142ecznej we Wroc\u0142awiu przekaza\u0142a \u015bwi\u0105teczne paczki dla os\u00f3b starszych, schorowanych b\u0105d\u017a b\u0119d\u0105cych w ro\u017cnego rodzaju kryzysach, kt\u00f3re mieszkaj\u0105 na Gaju. Paczki sfinansowane zosta\u0142y przez Miasto Wroc\u0142aw.<\/p>\n\n\n\n<p><\/p>\n\n\n\n<p><\/p>\n\n\n\n<p><strong>Wsparcie dla przedszkoli<\/strong><\/p>\n\n\n\n<p><\/p>\n\n\n\n<p><\/p>\n\n\n\n<figure class=\"wp-block-image size-large\"><img loading=\"lazy\" decoding=\"async\" width=\"1024\" height=\"768\" src=\"http:\/\/www.tvk-gaj.pl\/~gajonline\/wp-content\/uploads\/2017\/12\/c072335-1024x768-1024x768.jpg\" alt=\"\" class=\"wp-image-9744\" srcset=\"https:\/\/online.tvk-gaj.pl\/wp-content\/uploads\/2017\/12\/c072335-1024x768.jpg 1024w, https:\/\/online.tvk-gaj.pl\/wp-content\/uploads\/2017\/12\/c072335-1024x768-300x225.jpg 300w, https:\/\/online.tvk-gaj.pl\/wp-content\/uploads\/2017\/12\/c072335-1024x768-768x576.jpg 768w\" sizes=\"auto, (max-width: 1024px) 100vw, 1024px\" \/><\/figure>\n\n\n\n<p><\/p>\n\n\n\n<p><\/p>\n\n\n\n<p><meta charset=\"utf-8\">Rada Osiedla Gaj przekaza\u0142a \u015brodki finansowe na zakupu gier i materia\u0142\u00f3w edukacyjnych dla dzieci z przedszkoli zlokalizowanych na osiedlu. Dofinansowanie obj\u0119\u0142o Przedszkola Nr 49 z ul. Borowskiej, Przedszkole Nr 92 z ul. Bardzkiej oraz Przedszkole Nr 32 z ul. K\u0142odzkiej.<\/p>\n\n\n\n<p><\/p>\n\n\n\n<p><\/p>\n\n\n\n<p><\/p>\n\n\n\n<p><strong>Charytatywny kiermasz dla dzieci ze szpitala przy ul. Borowskiej<\/strong><\/p>\n\n\n\n<p><\/p>\n\n\n\n<p><\/p>\n\n\n\n<figure class=\"wp-block-image size-full\"><img loading=\"lazy\" decoding=\"async\" width=\"720\" height=\"960\" src=\"http:\/\/www.tvk-gaj.pl\/~gajonline\/wp-content\/uploads\/2019\/12\/79804226_2095411957228787_3766962536528740352_o.jpg\" alt=\"\" class=\"wp-image-11797\" srcset=\"https:\/\/online.tvk-gaj.pl\/wp-content\/uploads\/2019\/12\/79804226_2095411957228787_3766962536528740352_o.jpg 720w, https:\/\/online.tvk-gaj.pl\/wp-content\/uploads\/2019\/12\/79804226_2095411957228787_3766962536528740352_o-225x300.jpg 225w\" sizes=\"auto, (max-width: 720px) 100vw, 720px\" \/><figcaption><em>(zdj\u0119cie archiwalne)<\/em><\/figcaption><\/figure>\n\n\n\n<p><\/p>\n\n\n\n<p><\/p>\n\n\n\n<p>W dniach 2-4 grudnia odby\u0142 si\u0119 Charytatywny Kiermasz \u015awi\u0105teczny w Centrum Handlowym Ferio Gaj. W ramach kiermaszu sprzedawane by\u0142\u012b \u015bwi\u0105teczne dekoracje wykonane przez przedszkolak\u00f3w i uczni\u00f3w z plac\u00f3wek na Gaju oraz senior\u00f3w z Klubu Seniora na Gaju. Doch\u00f3d uzyskany ze sprzedanych dekoracji przeznaczony zosta\u0142 na doposa\u017cenie oddzia\u0142u dzieci\u0119cej Uniwersyteckiego Szpitala Klinicznego przy ul. Borowskiej.<\/p>\n\n\n\n<p><\/p>\n\n\n\n<p><\/p>\n\n\n\n<p><\/p>\n\n\n\n<p><\/p>\n\n\n\n<figure class=\"wp-block-image size-large\"><img loading=\"lazy\" decoding=\"async\" width=\"768\" height=\"1024\" src=\"http:\/\/www.tvk-gaj.pl\/~gajonline\/wp-content\/uploads\/2021\/12\/IMG_1466-768x1024.jpg\" alt=\"\" class=\"wp-image-13421\" srcset=\"https:\/\/online.tvk-gaj.pl\/wp-content\/uploads\/2021\/12\/IMG_1466-768x1024.jpg 768w, https:\/\/online.tvk-gaj.pl\/wp-content\/uploads\/2021\/12\/IMG_1466-225x300.jpg 225w, https:\/\/online.tvk-gaj.pl\/wp-content\/uploads\/2021\/12\/IMG_1466-1152x1536.jpg 1152w, https:\/\/online.tvk-gaj.pl\/wp-content\/uploads\/2021\/12\/IMG_1466-1536x2048.jpg 1536w, https:\/\/online.tvk-gaj.pl\/wp-content\/uploads\/2021\/12\/IMG_1466-scaled.jpg 1920w\" sizes=\"auto, (max-width: 768px) 100vw, 768px\" \/><\/figure>\n\n\n\n<p><\/p>\n\n\n\n<p><\/p>\n\n\n\n<p><\/p>\n\n\n\n<p><\/p>\n\n\n\n<p><strong>To dla nas ogromna rado\u015b\u0107 i prawdziwe \u017ar\u00f3d\u0142o motywacji m\u00f3c pomaga\u0107 naszym mieszka\u0144com. <\/strong><\/p>\n\n\n\n<p><strong>Dzi\u0119kujemy\u00a0wszystkim\u00a0osobom,\u00a0kt\u00f3re\u00a0swoim\u00a0zaanga\u017cowaniem\u00a0i\u00a0wsparciem\u00a0przyczyni\u0142y\u00a0si\u0119\u00a0do\u00a0realizacji\u00a0wy\u017cej wymienionych przedsi\u0119wzi\u0119\u0107!<\/strong><\/p>\n\n\n\n<p><\/p>\n\n\n\n<p><\/p>\n\n\n\n<p><\/p>\n\n\n\n<p><\/p>\n\n\n\n<p><\/p>\n","protected":false},"excerpt":{"rendered":"<p>Na kilka dni przed \u015awi\u0119tami Bo\u017cego Narodzenia osiedlowi radni wr\u0119czyli \u015bwi\u0105teczne paczki dla najbardziej potrzebuj\u0105cych mieszka\u0144c\u00f3w osiedla. R\u00f3wnie\u017c w grudniu radni z Gaju przekazali pomoce dydaktyczne dla dzia\u0142aj\u0105cych na terenie Gaju przedszkoli oraz zaanga\u017cowali si\u0119 w charytatywny kiermasz \u015bwi\u0105teczny.<\/p>\n","protected":false},"author":1,"featured_media":13420,"comment_status":"open","ping_status":"open","sticky":false,"template":"","format":"standard","meta":{"footnotes":""},"categories":[14,12],"tags":[1578,1575,1576,661,1175,135,1577],"class_list":["post-13419","post","type-post","status-publish","format-standard","has-post-thumbnail","hentry","category-aktualnosci","category-artykuly","tag-mikolajki-w-przedszkolach-na-gaju-rada-osiedla-gaj","tag-paczki-dla-potrzebujacych","tag-paczki-rada-osiedla-gaj","tag-pomoc","tag-przedszkola-na-gaju","tag-rada-osiedla-gaj","tag-wsparcie-przedszkoli-na-gaju"],"_links":{"self":[{"href":"https:\/\/online.tvk-gaj.pl\/index.php?rest_route=\/wp\/v2\/posts\/13419","targetHints":{"allow":["GET"]}}],"collection":[{"href":"https:\/\/online.tvk-gaj.pl\/index.php?rest_route=\/wp\/v2\/posts"}],"about":[{"href":"https:\/\/online.tvk-gaj.pl\/index.php?rest_route=\/wp\/v2\/types\/post"}],"author":[{"embeddable":true,"href":"https:\/\/online.tvk-gaj.pl\/index.php?rest_route=\/wp\/v2\/users\/1"}],"replies":[{"embeddable":true,"href":"https:\/\/online.tvk-gaj.pl\/index.php?rest_route=%2Fwp%2Fv2%2Fcomments&post=13419"}],"version-history":[{"count":2,"href":"https:\/\/online.tvk-gaj.pl\/index.php?rest_route=\/wp\/v2\/posts\/13419\/revisions"}],"predecessor-version":[{"id":13424,"href":"https:\/\/online.tvk-gaj.pl\/index.php?rest_route=\/wp\/v2\/posts\/13419\/revisions\/13424"}],"wp:featuredmedia":[{"embeddable":true,"href":"https:\/\/online.tvk-gaj.pl\/index.php?rest_route=\/wp\/v2\/media\/13420"}],"wp:attachment":[{"href":"https:\/\/online.tvk-gaj.pl\/index.php?rest_route=%2Fwp%2Fv2%2Fmedia&parent=13419"}],"wp:term":[{"taxonomy":"category","embeddable":true,"href":"https:\/\/online.tvk-gaj.pl\/index.php?rest_route=%2Fwp%2Fv2%2Fcategories&post=13419"},{"taxonomy":"post_tag","embeddable":true,"href":"https:\/\/online.tvk-gaj.pl\/index.php?rest_route=%2Fwp%2Fv2%2Ftags&post=13419"}],"curies":[{"name":"wp","href":"https:\/\/api.w.org\/{rel}","templated":true}]}}