{"id":13425,"date":"2021-12-23T21:11:00","date_gmt":"2021-12-23T20:11:00","guid":{"rendered":"http:\/\/www.tvk-gaj.pl\/~gajonline\/?p=13425"},"modified":"2021-12-22T21:15:36","modified_gmt":"2021-12-22T20:15:36","slug":"zdrowych-swiat-bozego-narodzenia-oraz-szczesliwego-nowego-roku","status":"publish","type":"post","link":"https:\/\/online.tvk-gaj.pl\/?p=13425","title":{"rendered":"Zdrowych \u015awi\u0105t Bo\u017cego Narodzenia oraz szcz\u0119\u015bliwego Nowego Roku!"},"content":{"rendered":"\n<p>\u017byczenia zdrowych, pe\u0142nych mi\u0142o\u015bci, spokoju i rodzinnego ciep\u0142a \u015awi\u0105t Bo\u017cego Narodzenia oraz pomy\u015blno\u015bci i samych sukces\u00f3w w nadchodz\u0105cym Nowym Roku \u2013 \u017cycz\u0105 Radni Osiedla Gaj oraz redakcja GajOnline!<\/p>\n\n\n\n<!--more-->\n\n\n\n<p><\/p>\n\n\n\n<p><\/p>\n\n\n\n<figure class=\"wp-block-image size-large\"><img loading=\"lazy\" decoding=\"async\" width=\"768\" height=\"1024\" src=\"http:\/\/www.tvk-gaj.pl\/~gajonline\/wp-content\/uploads\/2021\/12\/IMG_1466-768x1024.jpg\" alt=\"\" class=\"wp-image-13421\" srcset=\"https:\/\/online.tvk-gaj.pl\/wp-content\/uploads\/2021\/12\/IMG_1466-768x1024.jpg 768w, https:\/\/online.tvk-gaj.pl\/wp-content\/uploads\/2021\/12\/IMG_1466-225x300.jpg 225w, https:\/\/online.tvk-gaj.pl\/wp-content\/uploads\/2021\/12\/IMG_1466-1152x1536.jpg 1152w, https:\/\/online.tvk-gaj.pl\/wp-content\/uploads\/2021\/12\/IMG_1466-1536x2048.jpg 1536w, https:\/\/online.tvk-gaj.pl\/wp-content\/uploads\/2021\/12\/IMG_1466-scaled.jpg 1920w\" sizes=\"auto, (max-width: 768px) 100vw, 768px\" \/><\/figure>\n\n\n\n<p><\/p>\n\n\n\n<p><\/p>\n\n\n\n<p>Z okazji nadchodz\u0105cych \u015awi\u0105t Narodzenia Pa\u0144skiego\u00a0oraz zbli\u017caj\u0105cego si\u0119 wielkimi krokami Nowego Roku, chcieliby\u015bmy w imieniu GajOnline oraz Rady Osiedla GAJ z\u0142o\u017cy\u0107 wszystkim naszym Czytelnikom, Sympatykom oraz\u00a0Mieszka\u0144com Osiedla Gaj najszczersze \u017cyczenia zdrowych, pogodnych i radosnych \u015awi\u0105t Bo\u017cego Narodzenia oraz pe\u0142nego pomy\u015blno\u015bci Nowego Roku!<\/p>\n\n\n\n<p><\/p>\n\n\n\n<p><em>Przypominamy r\u00f3wnie\u017c o tegorocznych obostrzeniach sanitarnych zwi\u0105zanych z obchodami \u015awi\u0105t i Sylwestra.<\/em><\/p>\n\n\n\n<p><\/p>\n\n\n\n<p><\/p>\n\n\n\n<p><strong>Przewodnicz\u0105cy Rady Osiedla Gaj \u2013 Adam Wojtaszewski<\/strong><\/p>\n\n\n\n<p><\/p>\n\n\n\n<p><\/p>\n\n\n\n<p><\/p>\n\n\n\n<p><\/p>\n","protected":false},"excerpt":{"rendered":"<p>\u017byczenia zdrowych, pe\u0142nych mi\u0142o\u015bci, spokoju i rodzinnego ciep\u0142a \u015awi\u0105t Bo\u017cego Narodzenia oraz pomy\u015blno\u015bci i samych sukces\u00f3w w nadchodz\u0105cym Nowym Roku \u2013 \u017cycz\u0105 Radni Osiedla Gaj oraz redakcja GajOnline!<\/p>\n","protected":false},"author":1,"featured_media":10804,"comment_status":"open","ping_status":"open","sticky":false,"template":"","format":"standard","meta":{"footnotes":""},"categories":[14],"tags":[582,135,1397],"class_list":["post-13425","post","type-post","status-publish","format-standard","has-post-thumbnail","hentry","category-aktualnosci","tag-boze-narodzenie","tag-rada-osiedla-gaj","tag-swiateczne-zyczenia-rady-osiedla-gaj"],"_links":{"self":[{"href":"https:\/\/online.tvk-gaj.pl\/index.php?rest_route=\/wp\/v2\/posts\/13425","targetHints":{"allow":["GET"]}}],"collection":[{"href":"https:\/\/online.tvk-gaj.pl\/index.php?rest_route=\/wp\/v2\/posts"}],"about":[{"href":"https:\/\/online.tvk-gaj.pl\/index.php?rest_route=\/wp\/v2\/types\/post"}],"author":[{"embeddable":true,"href":"https:\/\/online.tvk-gaj.pl\/index.php?rest_route=\/wp\/v2\/users\/1"}],"replies":[{"embeddable":true,"href":"https:\/\/online.tvk-gaj.pl\/index.php?rest_route=%2Fwp%2Fv2%2Fcomments&post=13425"}],"version-history":[{"count":1,"href":"https:\/\/online.tvk-gaj.pl\/index.php?rest_route=\/wp\/v2\/posts\/13425\/revisions"}],"predecessor-version":[{"id":13426,"href":"https:\/\/online.tvk-gaj.pl\/index.php?rest_route=\/wp\/v2\/posts\/13425\/revisions\/13426"}],"wp:featuredmedia":[{"embeddable":true,"href":"https:\/\/online.tvk-gaj.pl\/index.php?rest_route=\/wp\/v2\/media\/10804"}],"wp:attachment":[{"href":"https:\/\/online.tvk-gaj.pl\/index.php?rest_route=%2Fwp%2Fv2%2Fmedia&parent=13425"}],"wp:term":[{"taxonomy":"category","embeddable":true,"href":"https:\/\/online.tvk-gaj.pl\/index.php?rest_route=%2Fwp%2Fv2%2Fcategories&post=13425"},{"taxonomy":"post_tag","embeddable":true,"href":"https:\/\/online.tvk-gaj.pl\/index.php?rest_route=%2Fwp%2Fv2%2Ftags&post=13425"}],"curies":[{"name":"wp","href":"https:\/\/api.w.org\/{rel}","templated":true}]}}