{"id":13427,"date":"2021-12-27T18:29:15","date_gmt":"2021-12-27T17:29:15","guid":{"rendered":"http:\/\/www.tvk-gaj.pl\/~gajonline\/?p=13427"},"modified":"2021-12-27T18:35:54","modified_gmt":"2021-12-27T17:35:54","slug":"koleda-na-gaju-2021-2022","status":"publish","type":"post","link":"https:\/\/online.tvk-gaj.pl\/?p=13427","title":{"rendered":"Kol\u0119da na Gaju 2021\/2022"},"content":{"rendered":"\n<p>Przedstawiamy plan wizyt duszpasterskich &#8211; popularnie nazywanych kol\u0119d\u0105 &#8211; na Gaju.<\/p>\n\n\n\n<!--more-->\n\n\n\n<p><\/p>\n\n\n\n<p><\/p>\n\n\n\n<p><\/p>\n\n\n\n<figure class=\"wp-block-image size-large\"><img loading=\"lazy\" decoding=\"async\" width=\"1024\" height=\"759\" src=\"http:\/\/www.tvk-gaj.pl\/~gajonline\/wp-content\/uploads\/2021\/01\/Zrzut-ekranu-2021-01-9-o-13.07.45-1024x759.png\" alt=\"\" class=\"wp-image-12706\" srcset=\"https:\/\/online.tvk-gaj.pl\/wp-content\/uploads\/2021\/01\/Zrzut-ekranu-2021-01-9-o-13.07.45-1024x759.png 1024w, https:\/\/online.tvk-gaj.pl\/wp-content\/uploads\/2021\/01\/Zrzut-ekranu-2021-01-9-o-13.07.45-300x222.png 300w, https:\/\/online.tvk-gaj.pl\/wp-content\/uploads\/2021\/01\/Zrzut-ekranu-2021-01-9-o-13.07.45-768x570.png 768w, https:\/\/online.tvk-gaj.pl\/wp-content\/uploads\/2021\/01\/Zrzut-ekranu-2021-01-9-o-13.07.45.png 1254w\" sizes=\"auto, (max-width: 1024px) 100vw, 1024px\" \/><\/figure>\n\n\n\n<p><\/p>\n\n\n\n<p><\/p>\n\n\n\n<p><\/p>\n\n\n\n<p>Na terenie Gaju dzia\u0142aj\u0105 dwie rzymskokatolickie parafie &#8211; \u015awi\u0119tego Ducha z ulicy Bardzkiej oraz \u015awi\u0119tego Franciszka z ul. Borowskiej.<\/p>\n\n\n\n<p><\/p>\n\n\n\n<p><\/p>\n\n\n\n<p><\/p>\n\n\n\n<p><strong>Parafia \u015awi\u0119tego Franciszka z Asy\u017cu z ulicy Borowskiej<a href=\"http:\/\/www.tvk-gaj.pl\/~gajonline\/wp-content\/uploads\/2014\/12\/koleda-2014.jpg\"><\/a><\/strong><\/p>\n\n\n\n<div class=\"wp-block-image\"><figure class=\"aligncenter\"><a href=\"http:\/\/www.tvk-gaj.pl\/~gajonline\/wp-content\/uploads\/2017\/12\/swfranciszek.png\"><img loading=\"lazy\" decoding=\"async\" width=\"819\" height=\"280\" src=\"http:\/\/www.tvk-gaj.pl\/~gajonline\/wp-content\/uploads\/2017\/12\/swfranciszek.png\" alt=\"\" class=\"wp-image-9836\" srcset=\"https:\/\/online.tvk-gaj.pl\/wp-content\/uploads\/2017\/12\/swfranciszek.png 819w, https:\/\/online.tvk-gaj.pl\/wp-content\/uploads\/2017\/12\/swfranciszek-300x103.png 300w, https:\/\/online.tvk-gaj.pl\/wp-content\/uploads\/2017\/12\/swfranciszek-768x263.png 768w\" sizes=\"auto, (max-width: 819px) 100vw, 819px\" \/><\/a><\/figure><\/div>\n\n\n\n<p>Ze wzgl\u0119du na pandemi\u0119 koronawirusa i aktualne obostrzenia sanitarne wizyty duszpasterskie w parafii pw. \u015aw. Franciszka z Asy\u017cu odbywaj\u0105\u00a0si\u0119\u00a0z zachowaniem zasad re\u017cimu sanitarnego. <\/p>\n\n\n\n<p>Szczeg\u00f3\u0142owy plan kol\u0119dy dost\u0119pny jest na stronie internetowej parafii <a href=\"http:\/\/www.franciszek.archidiecezja.wroc.pl\/index.php\/aktualnosci\/ogloszenia-duszpasterskie\/\" data-type=\"URL\" data-id=\"http:\/\/www.franciszek.archidiecezja.wroc.pl\/index.php\/aktualnosci\/ogloszenia-duszpasterskie\/\" target=\"_blank\" rel=\"noreferrer noopener\">pod tym adresem<\/a>. <\/p>\n\n\n\n<p><\/p>\n\n\n\n<p><\/p>\n\n\n\n<p><\/p>\n\n\n\n<p><\/p>\n\n\n\n<p><strong>Parafia \u015awi\u0119tego Ducha z ulicy Bardzkiej&nbsp;<\/strong><\/p>\n\n\n\n<p><\/p>\n\n\n\n<div class=\"wp-block-image\"><figure class=\"aligncenter\"><a href=\"http:\/\/www.tvk-gaj.pl\/~gajonline\/wp-content\/uploads\/2017\/12\/swduchpanorama.png\"><img loading=\"lazy\" decoding=\"async\" width=\"660\" height=\"265\" src=\"http:\/\/www.tvk-gaj.pl\/~gajonline\/wp-content\/uploads\/2017\/12\/swduchpanorama.png\" alt=\"\" class=\"wp-image-9840\" srcset=\"https:\/\/online.tvk-gaj.pl\/wp-content\/uploads\/2017\/12\/swduchpanorama.png 660w, https:\/\/online.tvk-gaj.pl\/wp-content\/uploads\/2017\/12\/swduchpanorama-300x120.png 300w\" sizes=\"auto, (max-width: 660px) 100vw, 660px\" \/><\/a><\/figure><\/div>\n\n\n\n<p><\/p>\n\n\n\n<p><\/p>\n\n\n\n<p>Natomiast w parafii pw. Ducha \u015awi\u0119tego, podobnie jak w ubieg\u0142ym roku, nie odb\u0119dzie si\u0119 tradycyjna \u201ekol\u0119da\u201d &#8211; czyli odwiedziny duszpasterskie. Od poniedzia\u0142ku, 3 stycznia, odbywa\u0107\u00a0si\u0119 b\u0119d\u0105 specjalne msze \u015bwi\u0119tego dla poszczeg\u00f3lnych ulic. Msze \u015awi\u0119te \u201ekol\u0119dowe\u201d zaplanowano na godz. 17.00 <\/p>\n\n\n\n<p><\/p>\n\n\n\n<p><\/p>\n\n\n\n<p><\/p>\n\n\n\n<p><\/p>\n\n\n\n<div class=\"wp-block-image\"><figure class=\"aligncenter size-full\"><img loading=\"lazy\" decoding=\"async\" width=\"711\" height=\"992\" src=\"http:\/\/www.tvk-gaj.pl\/~gajonline\/wp-content\/uploads\/2021\/12\/Zrzut-ekranu-2021-12-27-o-17.39.36.png\" alt=\"\" class=\"wp-image-13428\" srcset=\"https:\/\/online.tvk-gaj.pl\/wp-content\/uploads\/2021\/12\/Zrzut-ekranu-2021-12-27-o-17.39.36.png 711w, https:\/\/online.tvk-gaj.pl\/wp-content\/uploads\/2021\/12\/Zrzut-ekranu-2021-12-27-o-17.39.36-215x300.png 215w\" sizes=\"auto, (max-width: 711px) 100vw, 711px\" \/><\/figure><\/div>\n\n\n\n<p><\/p>\n\n\n\n<p><\/p>\n\n\n\n<p><\/p>\n\n\n\n<p><\/p>\n\n\n\n<p><\/p>\n\n\n\n<p>Wi\u0119cej informacji na temat wizyt duszpasterskich i funkcjonowania parafii dost\u0119pne jest na stronach internetowych parafii:<\/p>\n\n\n\n<p><strong><a href=\"http:\/\/duchsw.archidiecezja.wroc.pl\/\" target=\"_blank\" rel=\"noreferrer noopener\">\u015awi\u0119tego Ducha<\/a><\/strong><\/p>\n\n\n\n<p><strong><a rel=\"noreferrer noopener\" href=\"http:\/\/www.franciszek.archidiecezja.wroc.pl\/\" target=\"_blank\">Franciszka z Asy\u017cu<\/a><\/strong><\/p>\n\n\n\n<p><\/p>\n\n\n\n<p><\/p>\n\n\n\n<p><\/p>\n","protected":false},"excerpt":{"rendered":"<p>Przedstawiamy plan wizyt duszpasterskich &#8211; popularnie nazywanych kol\u0119d\u0105 &#8211; na Gaju.<\/p>\n","protected":false},"author":1,"featured_media":13429,"comment_status":"open","ping_status":"open","sticky":false,"template":"","format":"standard","meta":{"footnotes":""},"categories":[14],"tags":[1408,1579,1583,1580,1581,544,290,1582,1585,1584],"class_list":["post-13427","post","type-post","status-publish","format-standard","has-post-thumbnail","hentry","category-aktualnosci","tag-koleda-2021","tag-koleda-2022","tag-koscioly-gaj","tag-parafia-gaj-wrocaw","tag-parafia-gaj-wroclaw","tag-parafia-sw-ducha","tag-parafia-sw-franciszka","tag-parafie-na-gaju","tag-plan-koledy-na-gaju","tag-wizyty-duszpasterskie-na-gaju-2021-2022"],"_links":{"self":[{"href":"https:\/\/online.tvk-gaj.pl\/index.php?rest_route=\/wp\/v2\/posts\/13427","targetHints":{"allow":["GET"]}}],"collection":[{"href":"https:\/\/online.tvk-gaj.pl\/index.php?rest_route=\/wp\/v2\/posts"}],"about":[{"href":"https:\/\/online.tvk-gaj.pl\/index.php?rest_route=\/wp\/v2\/types\/post"}],"author":[{"embeddable":true,"href":"https:\/\/online.tvk-gaj.pl\/index.php?rest_route=\/wp\/v2\/users\/1"}],"replies":[{"embeddable":true,"href":"https:\/\/online.tvk-gaj.pl\/index.php?rest_route=%2Fwp%2Fv2%2Fcomments&post=13427"}],"version-history":[{"count":5,"href":"https:\/\/online.tvk-gaj.pl\/index.php?rest_route=\/wp\/v2\/posts\/13427\/revisions"}],"predecessor-version":[{"id":13435,"href":"https:\/\/online.tvk-gaj.pl\/index.php?rest_route=\/wp\/v2\/posts\/13427\/revisions\/13435"}],"wp:featuredmedia":[{"embeddable":true,"href":"https:\/\/online.tvk-gaj.pl\/index.php?rest_route=\/wp\/v2\/media\/13429"}],"wp:attachment":[{"href":"https:\/\/online.tvk-gaj.pl\/index.php?rest_route=%2Fwp%2Fv2%2Fmedia&parent=13427"}],"wp:term":[{"taxonomy":"category","embeddable":true,"href":"https:\/\/online.tvk-gaj.pl\/index.php?rest_route=%2Fwp%2Fv2%2Fcategories&post=13427"},{"taxonomy":"post_tag","embeddable":true,"href":"https:\/\/online.tvk-gaj.pl\/index.php?rest_route=%2Fwp%2Fv2%2Ftags&post=13427"}],"curies":[{"name":"wp","href":"https:\/\/api.w.org\/{rel}","templated":true}]}}