{"id":13447,"date":"2022-01-17T21:19:38","date_gmt":"2022-01-17T20:19:38","guid":{"rendered":"http:\/\/www.tvk-gaj.pl\/~gajonline\/?p=13447"},"modified":"2022-01-17T21:24:36","modified_gmt":"2022-01-17T20:24:36","slug":"wroclawski-budzet-obywatelski-2022-ruszyl-nabor-projektow","status":"publish","type":"post","link":"https:\/\/online.tvk-gaj.pl\/?p=13447","title":{"rendered":"Wroc\u0142awski Bud\u017cet Obywatelski 2022: ruszy\u0142 nab\u00f3r projekt\u00f3w!"},"content":{"rendered":"\n<p>W poniedzia\u0142ek, 17 stycznia, wystartowa\u0142a 10. edycja Wroc\u0142awskiego Bud\u017cetu Obywatelskiego. Od 17 stycznia do 14 lutego trwa nab\u00f3r projekt\u00f3w do tegorocznej edycji bud\u017cetu. <meta charset=\"utf-8\">Wi\u0119cej szczeg\u00f3\u0142\u00f3w na temat zg\u0142aszania projekt\u00f3w oraz zmian w bud\u017cecie w dalszej cz\u0119\u015bci artyku\u0142u. <\/p>\n\n\n\n<!--more-->\n\n\n\n<p><\/p>\n\n\n\n<p><\/p>\n\n\n\n<p><\/p>\n\n\n\n<p><strong>O WBO<\/strong><\/p>\n\n\n\n<p><meta charset=\"utf-8\">Bud\u017cet obywatelski (inaczej: bud\u017cet partycypacyjny) &#8211; to proces, kt\u00f3ry umo\u017cliwia mieszka\u0144com dyskusj\u0119 i bezpo\u015bredni wp\u0142yw na decyzje o przeznaczeniu cz\u0119\u015bci bud\u017cetu publicznego na przedsi\u0119wzi\u0119cia zg\u0142oszone bezpo\u015brednio przez obywateli. Wroc\u0142aw r\u00f3wnie\u017c posiada taki bud\u017cet &#8211; nosi on nazw\u0119 Wroc\u0142awski Bud\u017cet Obywatelski (WBO).<\/p>\n\n\n\n<p><\/p>\n\n\n\n<p><\/p>\n\n\n\n<p><\/p>\n\n\n\n<figure class=\"wp-block-image size-large\"><img loading=\"lazy\" decoding=\"async\" width=\"1024\" height=\"536\" src=\"http:\/\/www.tvk-gaj.pl\/~gajonline\/wp-content\/uploads\/2022\/01\/wbo-2022-nabor-1024x536.png\" alt=\"\" class=\"wp-image-13448\" srcset=\"https:\/\/online.tvk-gaj.pl\/wp-content\/uploads\/2022\/01\/wbo-2022-nabor-1024x536.png 1024w, https:\/\/online.tvk-gaj.pl\/wp-content\/uploads\/2022\/01\/wbo-2022-nabor-300x157.png 300w, https:\/\/online.tvk-gaj.pl\/wp-content\/uploads\/2022\/01\/wbo-2022-nabor-768x402.png 768w, https:\/\/online.tvk-gaj.pl\/wp-content\/uploads\/2022\/01\/wbo-2022-nabor.png 1200w\" sizes=\"auto, (max-width: 1024px) 100vw, 1024px\" \/><\/figure>\n\n\n\n<p><\/p>\n\n\n\n<p><\/p>\n\n\n\n<p><strong>Jubileusz i zmiany <\/strong><\/p>\n\n\n\n<p><\/p>\n\n\n\n<p>Po raz pierwszy wroc\u0142awianie mogli skorzysta\u0107 z bud\u017cetu obywatelskiego w 2013r. Na przestrzeni 10 lat WBO zmienia\u0142 si\u0119, ewoluowa\u0142 oraz wzrasta\u0142 na popularno\u015bci. We wszystkich minionych edycjach wybrano \u0142\u0105cznie 432 projekty, a na ich realizacj\u0119 przeznaczono blisko 200 mln z\u0142otych. <\/p>\n\n\n\n<p>Jubileuszowa, 10. edycja WBO r\u00f3wnie\u017c przynosi szereg zmian.<\/p>\n\n\n\n<p>Po pierwsze zwi\u0119kszy\u0142 si\u0119 bud\u017cet projektu &#8211; w tym roku wynosi on 30 milion\u00f3w z\u0142otych. To 5 mln wi\u0119cej ni\u017c w roku ubieg\u0142ym. 21 mln z\u0142otych przeznaczonych zostanie na realizacj\u0119 projekt\u00f3w ponadosiedlowych, natomiast pozosta\u0142e 9 mln z\u0142otych \u2013 na realizacj\u0119 projekt\u00f3w osiedlowych.<\/p>\n\n\n\n<p><\/p>\n\n\n\n<p><\/p>\n\n\n\n<figure class=\"wp-block-image size-large\"><img loading=\"lazy\" decoding=\"async\" width=\"1024\" height=\"1024\" src=\"http:\/\/www.tvk-gaj.pl\/~gajonline\/wp-content\/uploads\/2022\/01\/271971383_4199205296848298_8633852695511206695_n-1024x1024.png\" alt=\"\" class=\"wp-image-13450\" srcset=\"https:\/\/online.tvk-gaj.pl\/wp-content\/uploads\/2022\/01\/271971383_4199205296848298_8633852695511206695_n-1024x1024.png 1024w, https:\/\/online.tvk-gaj.pl\/wp-content\/uploads\/2022\/01\/271971383_4199205296848298_8633852695511206695_n-300x300.png 300w, https:\/\/online.tvk-gaj.pl\/wp-content\/uploads\/2022\/01\/271971383_4199205296848298_8633852695511206695_n-150x150.png 150w, https:\/\/online.tvk-gaj.pl\/wp-content\/uploads\/2022\/01\/271971383_4199205296848298_8633852695511206695_n-768x768.png 768w, https:\/\/online.tvk-gaj.pl\/wp-content\/uploads\/2022\/01\/271971383_4199205296848298_8633852695511206695_n-160x160.png 160w, https:\/\/online.tvk-gaj.pl\/wp-content\/uploads\/2022\/01\/271971383_4199205296848298_8633852695511206695_n-240x240.png 240w, https:\/\/online.tvk-gaj.pl\/wp-content\/uploads\/2022\/01\/271971383_4199205296848298_8633852695511206695_n-60x60.png 60w, https:\/\/online.tvk-gaj.pl\/wp-content\/uploads\/2022\/01\/271971383_4199205296848298_8633852695511206695_n-184x184.png 184w, https:\/\/online.tvk-gaj.pl\/wp-content\/uploads\/2022\/01\/271971383_4199205296848298_8633852695511206695_n.png 1200w\" sizes=\"auto, (max-width: 1024px) 100vw, 1024px\" \/><\/figure>\n\n\n\n<p><\/p>\n\n\n\n<p><\/p>\n\n\n\n<p><strong>Projekty osiedlowe oraz ponadosiedlowe <\/strong><\/p>\n\n\n\n<p><\/p>\n\n\n\n<p>Zmieniaj\u0105 si\u0119 r\u00f3wnie\u017c progi kwotowe dla poszczeg\u00f3lnych typ\u00f3w projekt\u00f3w. W tym roku maksymalna warto\u015b\u0107 projektu ponadosiedlowego to 3 mln z\u0142otych (wi\u0119cej o 1 mln z\u0142otych ni\u017c w roku ubieg\u0142ym). Projekty osiedlowe mog\u0105 za\u015b mie\u0107 warto\u015b\u0107 do 1 mln z\u0142otych (wzrost o 250tys. z\u0142 rok do roku).<\/p>\n\n\n\n<p><\/p>\n\n\n\n<p>Kolejn\u0105 wa\u017cn\u0105 zmiana jest brak ograniczenia projekt\u00f3w ponadosiedlowych wy\u0142\u0105cznie do temat\u00f3w zielonych, sportowych i zr\u00f3wnowa\u017conej mobilno\u015bci. W tegorocznej edycji projekty ponadosiedlowe mog\u0105 dotyczy\u0107 ka\u017cdego rodzaju inwestycji i nie podlegaj\u0105 wcze\u015bniejszym obostrzeniom. <\/p>\n\n\n\n<p><\/p>\n\n\n\n<p><\/p>\n\n\n\n<p>R\u00f3wnie\u017c od tego roku ka\u017cdy projekt WBO musi by\u0107 dostosowany do potrzeb os\u00f3b z niepe\u0142nosprawno\u015bciami. <\/p>\n\n\n\n<p><\/p>\n\n\n\n<p><\/p>\n\n\n\n<figure class=\"wp-block-image size-large\"><img loading=\"lazy\" decoding=\"async\" width=\"1024\" height=\"1024\" src=\"http:\/\/www.tvk-gaj.pl\/~gajonline\/wp-content\/uploads\/2022\/01\/271985915_4199205280181633_6820495540496398457_n-1024x1024.png\" alt=\"\" class=\"wp-image-13451\" srcset=\"https:\/\/online.tvk-gaj.pl\/wp-content\/uploads\/2022\/01\/271985915_4199205280181633_6820495540496398457_n-1024x1024.png 1024w, https:\/\/online.tvk-gaj.pl\/wp-content\/uploads\/2022\/01\/271985915_4199205280181633_6820495540496398457_n-300x300.png 300w, https:\/\/online.tvk-gaj.pl\/wp-content\/uploads\/2022\/01\/271985915_4199205280181633_6820495540496398457_n-150x150.png 150w, https:\/\/online.tvk-gaj.pl\/wp-content\/uploads\/2022\/01\/271985915_4199205280181633_6820495540496398457_n-768x768.png 768w, https:\/\/online.tvk-gaj.pl\/wp-content\/uploads\/2022\/01\/271985915_4199205280181633_6820495540496398457_n-160x160.png 160w, https:\/\/online.tvk-gaj.pl\/wp-content\/uploads\/2022\/01\/271985915_4199205280181633_6820495540496398457_n-240x240.png 240w, https:\/\/online.tvk-gaj.pl\/wp-content\/uploads\/2022\/01\/271985915_4199205280181633_6820495540496398457_n-60x60.png 60w, https:\/\/online.tvk-gaj.pl\/wp-content\/uploads\/2022\/01\/271985915_4199205280181633_6820495540496398457_n-184x184.png 184w, https:\/\/online.tvk-gaj.pl\/wp-content\/uploads\/2022\/01\/271985915_4199205280181633_6820495540496398457_n.png 1200w\" sizes=\"auto, (max-width: 1024px) 100vw, 1024px\" \/><\/figure>\n\n\n\n<p><\/p>\n\n\n\n<p><\/p>\n\n\n\n<p><\/p>\n\n\n\n<p><strong>Nab\u00f3r 2022<\/strong>  <\/p>\n\n\n\n<p><\/p>\n\n\n\n<p>Kto i jak mo\u017ce zg\u0142osi\u0107 sw\u00f3j projekt do bud\u017cetu?<\/p>\n\n\n\n<p>Projekt mo\u017ce zg\u0142osi\u0107\u00a0osoba zamieszkuj\u0105ca we Wroc\u0142awiu &#8211;  nie jest potrzebne zameldowanie we Wroc\u0142awiu.<\/p>\n\n\n\n<p>Ka\u017cdy osoba mieszkaj\u0105ca we Wroc\u0142awiu mo\u017ce zg\u0142osi\u0107 dowoln\u0105 liczb\u0119 projekt\u00f3w. <\/p>\n\n\n\n<p>Mieszkaniec Wroc\u0142awia, kt\u00f3ry z\u0142o\u017cy\u0142 projekt do WBO zostaje jego Liderem. To lider okre\u015bla warto\u015b\u0107 projektu oraz decyduje czy jest to projekt osiedlowy lub ponadosiedlowy.<\/p>\n\n\n\n<p>Projekty zg\u0142asza si\u0119 na oficjalnym formularzu dost\u0119pnym na <a rel=\"noreferrer noopener\" href=\"https:\/\/www.wroclaw.pl\/wbo\" data-type=\"URL\" data-id=\"https:\/\/www.wroclaw.pl\/wbo\" target=\"_blank\">stronie internetowej Wroc\u0142awia <\/a> w wersji papierowej lub elektronicznej. <\/p>\n\n\n\n<p>Co wa\u017cne, do projektu musi by\u0107 do\u0142\u0105czona lista podpis\u00f3w przynajmniej 2 os\u00f3b (mieszka\u0144c\u00f3w Wroc\u0142awia) popieraj\u0105cych projekt. W\u015br\u00f3d nich mo\u017ce by\u0107 r\u00f3wnie\u017c podpis Lidera. <\/p>\n\n\n\n<p><\/p>\n\n\n\n<div class=\"wp-block-image\"><figure class=\"aligncenter\"><a href=\"https:\/\/www.wroclaw.pl\/budzet-obywatelski-wroclaw\/formularz-2022\" target=\"_blank\" rel=\"noreferrer noopener\"><img decoding=\"async\" src=\"https:\/\/www.wroclaw.pl\/rozmawia\/files\/news\/70161\/wbo22-zglos_projekt-630x120-1.png\" alt=\"WBO 2022 zg\u0142o\u015b projekt\"\/><\/a><\/figure><\/div>\n\n\n\n<p><\/p>\n\n\n\n<p><\/p>\n\n\n\n<p><\/p>\n\n\n\n<figure class=\"wp-block-image size-large\"><img loading=\"lazy\" decoding=\"async\" width=\"1024\" height=\"1024\" src=\"http:\/\/www.tvk-gaj.pl\/~gajonline\/wp-content\/uploads\/2022\/01\/271957831_4199205496848278_4895770002814186832_n-1024x1024.png\" alt=\"\" class=\"wp-image-13449\" srcset=\"https:\/\/online.tvk-gaj.pl\/wp-content\/uploads\/2022\/01\/271957831_4199205496848278_4895770002814186832_n-1024x1024.png 1024w, https:\/\/online.tvk-gaj.pl\/wp-content\/uploads\/2022\/01\/271957831_4199205496848278_4895770002814186832_n-300x300.png 300w, https:\/\/online.tvk-gaj.pl\/wp-content\/uploads\/2022\/01\/271957831_4199205496848278_4895770002814186832_n-150x150.png 150w, https:\/\/online.tvk-gaj.pl\/wp-content\/uploads\/2022\/01\/271957831_4199205496848278_4895770002814186832_n-768x768.png 768w, https:\/\/online.tvk-gaj.pl\/wp-content\/uploads\/2022\/01\/271957831_4199205496848278_4895770002814186832_n-160x160.png 160w, https:\/\/online.tvk-gaj.pl\/wp-content\/uploads\/2022\/01\/271957831_4199205496848278_4895770002814186832_n-240x240.png 240w, https:\/\/online.tvk-gaj.pl\/wp-content\/uploads\/2022\/01\/271957831_4199205496848278_4895770002814186832_n-60x60.png 60w, https:\/\/online.tvk-gaj.pl\/wp-content\/uploads\/2022\/01\/271957831_4199205496848278_4895770002814186832_n-184x184.png 184w, https:\/\/online.tvk-gaj.pl\/wp-content\/uploads\/2022\/01\/271957831_4199205496848278_4895770002814186832_n.png 1200w\" sizes=\"auto, (max-width: 1024px) 100vw, 1024px\" \/><\/figure>\n\n\n\n<p><\/p>\n\n\n\n<p><\/p>\n\n\n\n<p><\/p>\n\n\n\n<p>Wszystkich lider\u00f3w projekt\u00f3w z Gaju zapraszamy do Rady Osiedla Gaj! Porozmawia\u0107 o projektach mo\u017cna podczas dy\u017cur\u00f3w radnych &#8211; w ka\u017cdy czwartek w godzinach 18-20 w siedzibie RO przy ul. Krynickiej 80.<\/p>\n\n\n\n<p><\/p>\n\n\n\n<p><\/p>\n\n\n\n<p><\/p>\n\n\n\n<p><strong>Kalendarz Wroc\u0142awskiego Bud\u017cetu Obywatelskiego 2022:<\/strong><\/p>\n\n\n\n<p><\/p>\n\n\n\n<p><\/p>\n\n\n\n<figure class=\"wp-block-image size-large\"><img loading=\"lazy\" decoding=\"async\" width=\"1024\" height=\"438\" src=\"http:\/\/www.tvk-gaj.pl\/~gajonline\/wp-content\/uploads\/2022\/01\/kalendarz-1-1024x438.png\" alt=\"\" class=\"wp-image-13453\" srcset=\"https:\/\/online.tvk-gaj.pl\/wp-content\/uploads\/2022\/01\/kalendarz-1-1024x438.png 1024w, https:\/\/online.tvk-gaj.pl\/wp-content\/uploads\/2022\/01\/kalendarz-1-300x128.png 300w, https:\/\/online.tvk-gaj.pl\/wp-content\/uploads\/2022\/01\/kalendarz-1-768x328.png 768w, https:\/\/online.tvk-gaj.pl\/wp-content\/uploads\/2022\/01\/kalendarz-1.png 1200w\" sizes=\"auto, (max-width: 1024px) 100vw, 1024px\" \/><\/figure>\n\n\n\n<p><\/p>\n\n\n\n<p><\/p>\n\n\n\n<ul class=\"wp-block-list\"><li><strong>sk\u0142adanie projekt\u00f3w: 17.01 &#8211; 14.02.2022;<\/strong><\/li><li>pierwszy etap oceny projekt\u00f3w: 17.01 &#8211; 31.05.2022;<\/li><li>publikacja wynik\u00f3w pierwszej oceny projekt\u00f3w: 01.06.2022;<\/li><li>konsultacje projekt\u00f3w: 01.06 &#8211; 04.07.2022;<\/li><li>drugi etap oceny projekt\u00f3w: 05.07 &#8211; 22.08.2022;<\/li><li>publikacja wynik\u00f3w drugiej oceny projekt\u00f3w: 23.08.2022;<\/li><li>mo\u017cliwo\u015b\u0107 sk\u0142adania odwo\u0142a\u0144: 23.08 \u2013 30.08.2022;<\/li><li>publikacja listy projekt\u00f3w ocenionych pozytywnie po odwo\u0142aniach: niezw\u0142ocznie po rozpatrzeniu wszystkich ewentualnych odwo\u0142a\u0144;<\/li><li>publikacja ostatecznej listy projekt\u00f3w pod g\u0142osowanie: po up\u0142ywie czwartego dnia od publikacji listy projekt\u00f3w ocenionych pozytywnie po odwo\u0142aniach;<\/li><li><strong>g\u0142osowanie na projekty WBO 2022: 23.09 &#8211; 10.10.2022.<\/strong><\/li><\/ul>\n\n\n\n<p><\/p>\n\n\n\n<p><\/p>\n\n\n\n<p><\/p>\n\n\n\n<p><\/p>\n\n\n\n<p><meta charset=\"utf-8\">Wi\u0119cej informacji w Wroc\u0142awskim Bud\u017cecie Obywatelskim znajdziecie na <a href=\"https:\/\/www.wroclaw.pl\/rozmawia\/wbo-2022-nabor\" data-type=\"URL\" data-id=\"https:\/\/www.wroclaw.pl\/rozmawia\/wbo-2022-nabor\" target=\"_blank\" rel=\"noreferrer noopener\">stronie internetowej miasta. <\/a><\/p>\n\n\n\n<p><\/p>\n\n\n\n<p><\/p>\n","protected":false},"excerpt":{"rendered":"<p>W poniedzia\u0142ek, 17 stycznia, wystartowa\u0142a 10. edycja Wroc\u0142awskiego Bud\u017cetu Obywatelskiego. Od 17 stycznia do 14 lutego trwa nab\u00f3r projekt\u00f3w do tegorocznej edycji bud\u017cetu. Wi\u0119cej szczeg\u00f3\u0142\u00f3w na temat zg\u0142aszania projekt\u00f3w oraz zmian w bud\u017cecie w dalszej cz\u0119\u015bci artyku\u0142u.<\/p>\n","protected":false},"author":1,"featured_media":13448,"comment_status":"open","ping_status":"open","sticky":false,"template":"","format":"standard","meta":{"footnotes":""},"categories":[14,12],"tags":[112,1591],"class_list":["post-13447","post","type-post","status-publish","format-standard","has-post-thumbnail","hentry","category-aktualnosci","category-artykuly","tag-gaj","tag-wbo-gaj-2022"],"_links":{"self":[{"href":"https:\/\/online.tvk-gaj.pl\/index.php?rest_route=\/wp\/v2\/posts\/13447","targetHints":{"allow":["GET"]}}],"collection":[{"href":"https:\/\/online.tvk-gaj.pl\/index.php?rest_route=\/wp\/v2\/posts"}],"about":[{"href":"https:\/\/online.tvk-gaj.pl\/index.php?rest_route=\/wp\/v2\/types\/post"}],"author":[{"embeddable":true,"href":"https:\/\/online.tvk-gaj.pl\/index.php?rest_route=\/wp\/v2\/users\/1"}],"replies":[{"embeddable":true,"href":"https:\/\/online.tvk-gaj.pl\/index.php?rest_route=%2Fwp%2Fv2%2Fcomments&post=13447"}],"version-history":[{"count":6,"href":"https:\/\/online.tvk-gaj.pl\/index.php?rest_route=\/wp\/v2\/posts\/13447\/revisions"}],"predecessor-version":[{"id":13461,"href":"https:\/\/online.tvk-gaj.pl\/index.php?rest_route=\/wp\/v2\/posts\/13447\/revisions\/13461"}],"wp:featuredmedia":[{"embeddable":true,"href":"https:\/\/online.tvk-gaj.pl\/index.php?rest_route=\/wp\/v2\/media\/13448"}],"wp:attachment":[{"href":"https:\/\/online.tvk-gaj.pl\/index.php?rest_route=%2Fwp%2Fv2%2Fmedia&parent=13447"}],"wp:term":[{"taxonomy":"category","embeddable":true,"href":"https:\/\/online.tvk-gaj.pl\/index.php?rest_route=%2Fwp%2Fv2%2Fcategories&post=13447"},{"taxonomy":"post_tag","embeddable":true,"href":"https:\/\/online.tvk-gaj.pl\/index.php?rest_route=%2Fwp%2Fv2%2Ftags&post=13447"}],"curies":[{"name":"wp","href":"https:\/\/api.w.org\/{rel}","templated":true}]}}