{"id":13463,"date":"2022-01-26T18:56:45","date_gmt":"2022-01-26T17:56:45","guid":{"rendered":"http:\/\/www.tvk-gaj.pl\/~gajonline\/?p=13463"},"modified":"2022-01-26T18:57:46","modified_gmt":"2022-01-26T17:57:46","slug":"spotkanie-radnych-ze-straza-miejska","status":"publish","type":"post","link":"https:\/\/online.tvk-gaj.pl\/?p=13463","title":{"rendered":"Spotkanie radnych Gaju ze Stra\u017c\u0105 Miejsk\u0105"},"content":{"rendered":"\n<p>W poniedzia\u0142ek, 24 stycznia, w siedzibie Rady Osiedla Gaj odby\u0142o si\u0119 pierwsze w tej kadencji spotkanie zarz\u0105du RO Gaj wraz z Komisj\u0105 Bezpiecze\u0144stwa i Infrastruktury rady osiedla z przedstawicielami Stra\u017cy Miejskiej, w tym Stra\u017cnikiem Osiedlowym.<\/p>\n\n\n\n<!--more-->\n\n\n\n<p><\/p>\n\n\n\n<figure class=\"wp-block-image size-large\"><img loading=\"lazy\" decoding=\"async\" width=\"1024\" height=\"768\" src=\"http:\/\/www.tvk-gaj.pl\/~gajonline\/wp-content\/uploads\/2022\/01\/batch_IMG_2504-1024x768.jpg\" alt=\"\" class=\"wp-image-13464\" srcset=\"https:\/\/online.tvk-gaj.pl\/wp-content\/uploads\/2022\/01\/batch_IMG_2504-1024x768.jpg 1024w, https:\/\/online.tvk-gaj.pl\/wp-content\/uploads\/2022\/01\/batch_IMG_2504-300x225.jpg 300w, https:\/\/online.tvk-gaj.pl\/wp-content\/uploads\/2022\/01\/batch_IMG_2504-768x576.jpg 768w, https:\/\/online.tvk-gaj.pl\/wp-content\/uploads\/2022\/01\/batch_IMG_2504-1536x1152.jpg 1536w, https:\/\/online.tvk-gaj.pl\/wp-content\/uploads\/2022\/01\/batch_IMG_2504.jpg 2016w\" sizes=\"auto, (max-width: 1024px) 100vw, 1024px\" \/><\/figure>\n\n\n\n<p><\/p>\n\n\n\n<p><\/p>\n\n\n\n<p>Na roboczym spotkaniu w Radzie Osiedla pojawili si\u0119 przedstawiciele Stra\u017cy Miejskiej we Wroc\u0142awiu, reprezentowanej m.in. przez kierownik Katarzyn\u0119 Kaczor oraz stra\u017cnika Gaju &#8211; m\u0142odszego stra\u017cnika Adama J\u0119drczak. <\/p>\n\n\n\n<p><\/p>\n\n\n\n<p>Z ramienia Rady Osiedla pojawili si\u0119 m.in. przewodnicz\u0105cy Komisji Bezpiecze\u0144stwa i Infrastruktury, Pan Jerzy Juszczak oraz przewodnicz\u0105cy Rady Osiedla, pan Adam Wojtaszewski. <\/p>\n\n\n\n<p><\/p>\n\n\n\n<p>Spotkanie po\u015bwi\u0119cone by\u0142o wsp\u00f3\u0142pracy obu podmiot\u00f3w na rzecz bezpiecze\u0144stwa na osiedlu oraz konieczno\u015bci zwi\u0119kszenia dzia\u0142a\u0144 prewencyjnych na terenie Gaju.<\/p>\n\n\n\n<p>Om\u00f3wiono m.in. kwesti\u0119 dy\u017cur\u00f3w stra\u017cnika osiedlowego, problematyk\u0119 os\u00f3b bezdomnych,  pozostawionych wrak\u00f3w pojazd\u00f3w oraz rejon\u00f3w szczeg\u00f3lnie zagro\u017conych. <\/p>\n\n\n\n<p><\/p>\n\n\n\n<p><\/p>\n\n\n\n<figure class=\"wp-block-image size-large\"><img loading=\"lazy\" decoding=\"async\" width=\"1024\" height=\"768\" src=\"http:\/\/www.tvk-gaj.pl\/~gajonline\/wp-content\/uploads\/2022\/01\/batch_IMG_2505-1024x768.jpg\" alt=\"\" class=\"wp-image-13465\" srcset=\"https:\/\/online.tvk-gaj.pl\/wp-content\/uploads\/2022\/01\/batch_IMG_2505-1024x768.jpg 1024w, https:\/\/online.tvk-gaj.pl\/wp-content\/uploads\/2022\/01\/batch_IMG_2505-300x225.jpg 300w, https:\/\/online.tvk-gaj.pl\/wp-content\/uploads\/2022\/01\/batch_IMG_2505-768x576.jpg 768w, https:\/\/online.tvk-gaj.pl\/wp-content\/uploads\/2022\/01\/batch_IMG_2505-1536x1152.jpg 1536w, https:\/\/online.tvk-gaj.pl\/wp-content\/uploads\/2022\/01\/batch_IMG_2505.jpg 2016w\" sizes=\"auto, (max-width: 1024px) 100vw, 1024px\" \/><\/figure>\n\n\n\n<p><\/p>\n\n\n\n<p><\/p>\n\n\n\n<p>Przypominamy, \u017ce do dyspozycji mieszka\u0144c\u00f3w pozostaje telefon s\u0142u\u017cbowy stra\u017cnika osiedlowego, starszego stra\u017cnika Adama J\u0119drczaka &#8211; nr tel.:  600 908 507 (telefon czynny w godzinach s\u0142u\u017cbowych). <\/p>\n\n\n\n<p>Przez ca\u0142\u0105 dob\u0119 czynny jest natomiast telefon alarmowy SM we Wroc\u0142awiu &#8211; telefon 986. <\/p>\n\n\n\n<p>Interwencje mo\u017cna zg\u0142asza\u0107\u00a0r\u00f3wnie\u017c\u00a0drog\u0105 mailow\u0105 pod adresem interwencje@strazmiejska.wroclaw.pl . <\/p>\n\n\n\n<p><\/p>\n\n\n\n<p><\/p>\n\n\n\n<p><\/p>\n\n\n\n<figure class=\"wp-block-image size-large\"><img loading=\"lazy\" decoding=\"async\" width=\"1024\" height=\"536\" src=\"http:\/\/www.tvk-gaj.pl\/~gajonline\/wp-content\/uploads\/2022\/01\/straz-miejska-1024x536.png\" alt=\"\" class=\"wp-image-13466\" srcset=\"https:\/\/online.tvk-gaj.pl\/wp-content\/uploads\/2022\/01\/straz-miejska-1024x536.png 1024w, https:\/\/online.tvk-gaj.pl\/wp-content\/uploads\/2022\/01\/straz-miejska-300x157.png 300w, https:\/\/online.tvk-gaj.pl\/wp-content\/uploads\/2022\/01\/straz-miejska-768x402.png 768w, https:\/\/online.tvk-gaj.pl\/wp-content\/uploads\/2022\/01\/straz-miejska.png 1200w\" sizes=\"auto, (max-width: 1024px) 100vw, 1024px\" \/><\/figure>\n\n\n\n<p><\/p>\n\n\n\n<p><\/p>\n\n\n\n<p><\/p>\n\n\n\n<p>Terminy oraz miejsce dy\u017cur\u00f3w stra\u017cnika osiedlowego na Gaju podamy wkr\u00f3tce. <\/p>\n\n\n\n<p><\/p>\n\n\n\n<p><\/p>\n\n\n\n<p><\/p>\n\n\n\n<p><\/p>\n","protected":false},"excerpt":{"rendered":"<p>W poniedzia\u0142ek, 24 stycznia, w siedzibie Rady Osiedla Gaj odby\u0142o si\u0119 pierwsze w tej kadencji spotkanie zarz\u0105du RO Gaj wraz z Komisj\u0105 Bezpiecze\u0144stwa i Infrastruktury rady osiedla z przedstawicielami Stra\u017cy Miejskiej, w tym Stra\u017cnikiem Osiedlowym.<\/p>\n","protected":false},"author":1,"featured_media":13464,"comment_status":"open","ping_status":"open","sticky":false,"template":"","format":"standard","meta":{"footnotes":""},"categories":[14,12],"tags":[147,1594,135,163,1592,1593],"class_list":["post-13463","post","type-post","status-publish","format-standard","has-post-thumbnail","hentry","category-aktualnosci","category-artykuly","tag-bezpieczenstwo","tag-komisja-bezpieczenstwa-i-infrastruktury","tag-rada-osiedla-gaj","tag-straz-miejska","tag-straz-miejska-na-gaju","tag-straznik-osiedlowy-gaj"],"_links":{"self":[{"href":"https:\/\/online.tvk-gaj.pl\/index.php?rest_route=\/wp\/v2\/posts\/13463","targetHints":{"allow":["GET"]}}],"collection":[{"href":"https:\/\/online.tvk-gaj.pl\/index.php?rest_route=\/wp\/v2\/posts"}],"about":[{"href":"https:\/\/online.tvk-gaj.pl\/index.php?rest_route=\/wp\/v2\/types\/post"}],"author":[{"embeddable":true,"href":"https:\/\/online.tvk-gaj.pl\/index.php?rest_route=\/wp\/v2\/users\/1"}],"replies":[{"embeddable":true,"href":"https:\/\/online.tvk-gaj.pl\/index.php?rest_route=%2Fwp%2Fv2%2Fcomments&post=13463"}],"version-history":[{"count":3,"href":"https:\/\/online.tvk-gaj.pl\/index.php?rest_route=\/wp\/v2\/posts\/13463\/revisions"}],"predecessor-version":[{"id":13469,"href":"https:\/\/online.tvk-gaj.pl\/index.php?rest_route=\/wp\/v2\/posts\/13463\/revisions\/13469"}],"wp:featuredmedia":[{"embeddable":true,"href":"https:\/\/online.tvk-gaj.pl\/index.php?rest_route=\/wp\/v2\/media\/13464"}],"wp:attachment":[{"href":"https:\/\/online.tvk-gaj.pl\/index.php?rest_route=%2Fwp%2Fv2%2Fmedia&parent=13463"}],"wp:term":[{"taxonomy":"category","embeddable":true,"href":"https:\/\/online.tvk-gaj.pl\/index.php?rest_route=%2Fwp%2Fv2%2Fcategories&post=13463"},{"taxonomy":"post_tag","embeddable":true,"href":"https:\/\/online.tvk-gaj.pl\/index.php?rest_route=%2Fwp%2Fv2%2Ftags&post=13463"}],"curies":[{"name":"wp","href":"https:\/\/api.w.org\/{rel}","templated":true}]}}