{"id":13471,"date":"2022-02-10T22:49:12","date_gmt":"2022-02-10T21:49:12","guid":{"rendered":"http:\/\/www.tvk-gaj.pl\/~gajonline\/?p=13471"},"modified":"2022-02-10T22:49:14","modified_gmt":"2022-02-10T21:49:14","slug":"dyzur-straznika-osiedlowego","status":"publish","type":"post","link":"https:\/\/online.tvk-gaj.pl\/?p=13471","title":{"rendered":"Dy\u017cur stra\u017cnika osiedlowego"},"content":{"rendered":"\n<p>Zapraszamy na pierwszy w tym roku dy\u017cur stra\u017cnika osiedla Gaj!<\/p>\n\n\n\n<!--more-->\n\n\n\n<p><\/p>\n\n\n\n<p><\/p>\n\n\n\n<p>W najbli\u017cszy czwartek, 17 lutego, w godzinach 18-20 w siedzibie Rady Osiedla Gaj przy ul. Krynickiej 80 odb\u0119dzie si\u0119 pierwszy w tym roku dy\u017cur funkcjonariusza Stra\u017cy Miejskiej na Gaju!<\/p>\n\n\n\n<p><\/p>\n\n\n\n<figure class=\"wp-block-image size-large\"><img loading=\"lazy\" decoding=\"async\" width=\"1024\" height=\"768\" src=\"http:\/\/www.tvk-gaj.pl\/~gajonline\/wp-content\/uploads\/2022\/01\/batch_IMG_2504-1024x768.jpg\" alt=\"\" class=\"wp-image-13464\" srcset=\"https:\/\/online.tvk-gaj.pl\/wp-content\/uploads\/2022\/01\/batch_IMG_2504-1024x768.jpg 1024w, https:\/\/online.tvk-gaj.pl\/wp-content\/uploads\/2022\/01\/batch_IMG_2504-300x225.jpg 300w, https:\/\/online.tvk-gaj.pl\/wp-content\/uploads\/2022\/01\/batch_IMG_2504-768x576.jpg 768w, https:\/\/online.tvk-gaj.pl\/wp-content\/uploads\/2022\/01\/batch_IMG_2504-1536x1152.jpg 1536w, https:\/\/online.tvk-gaj.pl\/wp-content\/uploads\/2022\/01\/batch_IMG_2504.jpg 2016w\" sizes=\"auto, (max-width: 1024px) 100vw, 1024px\" \/><\/figure>\n\n\n\n<p><\/p>\n\n\n\n<p><\/p>\n\n\n\n<p><\/p>\n\n\n\n<p>Dy\u017cur odbywa si\u0119 w oparciu o miejskie porozumienie na rzecz wsp\u00f3\u0142pracy rad osiedli z wroc\u0142awsk\u0105 Stra\u017c\u0105 Miejsk\u0105. <\/p>\n\n\n\n<p><\/p>\n\n\n\n<p>Wszystkich ch\u0119tnych zapraszamy i zach\u0119camy do kontaktu ze stra\u017cnikiem osiedla, stra\u017cnikiem Adamem J\u0119drczakiem!<\/p>\n\n\n\n<p><\/p>\n\n\n\n<p><\/p>\n","protected":false},"excerpt":{"rendered":"<p>Zapraszamy na pierwszy w tym roku dy\u017cur stra\u017cnika osiedla Gaj!<\/p>\n","protected":false},"author":1,"featured_media":13466,"comment_status":"open","ping_status":"open","sticky":false,"template":"","format":"standard","meta":{"footnotes":""},"categories":[14],"tags":[1598,1597,1596,1394,1595],"class_list":["post-13471","post","type-post","status-publish","format-standard","has-post-thumbnail","hentry","category-aktualnosci","tag-rada-osiedla-gaj-bezpieczenstwo","tag-straz-miejska-gaj","tag-straz-miejska-wroclaw","tag-straznik-osiedla-gaj","tag-straznik-osiedlowy-na-gaju"],"_links":{"self":[{"href":"https:\/\/online.tvk-gaj.pl\/index.php?rest_route=\/wp\/v2\/posts\/13471","targetHints":{"allow":["GET"]}}],"collection":[{"href":"https:\/\/online.tvk-gaj.pl\/index.php?rest_route=\/wp\/v2\/posts"}],"about":[{"href":"https:\/\/online.tvk-gaj.pl\/index.php?rest_route=\/wp\/v2\/types\/post"}],"author":[{"embeddable":true,"href":"https:\/\/online.tvk-gaj.pl\/index.php?rest_route=\/wp\/v2\/users\/1"}],"replies":[{"embeddable":true,"href":"https:\/\/online.tvk-gaj.pl\/index.php?rest_route=%2Fwp%2Fv2%2Fcomments&post=13471"}],"version-history":[{"count":1,"href":"https:\/\/online.tvk-gaj.pl\/index.php?rest_route=\/wp\/v2\/posts\/13471\/revisions"}],"predecessor-version":[{"id":13472,"href":"https:\/\/online.tvk-gaj.pl\/index.php?rest_route=\/wp\/v2\/posts\/13471\/revisions\/13472"}],"wp:featuredmedia":[{"embeddable":true,"href":"https:\/\/online.tvk-gaj.pl\/index.php?rest_route=\/wp\/v2\/media\/13466"}],"wp:attachment":[{"href":"https:\/\/online.tvk-gaj.pl\/index.php?rest_route=%2Fwp%2Fv2%2Fmedia&parent=13471"}],"wp:term":[{"taxonomy":"category","embeddable":true,"href":"https:\/\/online.tvk-gaj.pl\/index.php?rest_route=%2Fwp%2Fv2%2Fcategories&post=13471"},{"taxonomy":"post_tag","embeddable":true,"href":"https:\/\/online.tvk-gaj.pl\/index.php?rest_route=%2Fwp%2Fv2%2Ftags&post=13471"}],"curies":[{"name":"wp","href":"https:\/\/api.w.org\/{rel}","templated":true}]}}