{"id":13473,"date":"2022-02-05T22:49:00","date_gmt":"2022-02-05T21:49:00","guid":{"rendered":"http:\/\/www.tvk-gaj.pl\/~gajonline\/?p=13473"},"modified":"2022-02-10T23:07:18","modified_gmt":"2022-02-10T22:07:18","slug":"elektryczne-autobusy-na-gaju","status":"publish","type":"post","link":"https:\/\/online.tvk-gaj.pl\/?p=13473","title":{"rendered":"Elektryczne autobusy na Gaju?"},"content":{"rendered":"\n<p>W ramach przetargu Miejskiego Przedsi\u0119biorstwa Komunikacyjnego wybrano dostawc\u00f3w w pe\u0142ni elektrycznych autobus\u00f3w, kt\u00f3re wkr\u00f3tce mog\u0105 pojawi\u0107 si\u0119 na Gaju.<\/p>\n\n\n\n<!--more-->\n\n\n\n<p><\/p>\n\n\n\n<p>MPK wybra\u0142o dostawc\u0119 11 nowych, w pe\u0142ni elektrycznych autobus\u00f3w, kt\u00f3re wed\u0142ug wst\u0119pnych plan\u00f3w miejskiej sp\u00f3\u0142ki, maja kursowa\u0107 w ramach linii K na trasie \u015awieradowska-Kamie\u0144skiego.<\/p>\n\n\n\n<p><\/p>\n\n\n\n<p><\/p>\n\n\n\n<p><\/p>\n\n\n\n<figure class=\"wp-block-image size-large\"><img loading=\"lazy\" decoding=\"async\" width=\"1024\" height=\"627\" src=\"http:\/\/www.tvk-gaj.pl\/~gajonline\/wp-content\/uploads\/2022\/02\/Zrzut-ekranu-2022-02-10-o-23.04.17-1024x627.png\" alt=\"\" class=\"wp-image-13474\" srcset=\"https:\/\/online.tvk-gaj.pl\/wp-content\/uploads\/2022\/02\/Zrzut-ekranu-2022-02-10-o-23.04.17-1024x627.png 1024w, https:\/\/online.tvk-gaj.pl\/wp-content\/uploads\/2022\/02\/Zrzut-ekranu-2022-02-10-o-23.04.17-300x184.png 300w, https:\/\/online.tvk-gaj.pl\/wp-content\/uploads\/2022\/02\/Zrzut-ekranu-2022-02-10-o-23.04.17-768x470.png 768w, https:\/\/online.tvk-gaj.pl\/wp-content\/uploads\/2022\/02\/Zrzut-ekranu-2022-02-10-o-23.04.17-1536x940.png 1536w, https:\/\/online.tvk-gaj.pl\/wp-content\/uploads\/2022\/02\/Zrzut-ekranu-2022-02-10-o-23.04.17.png 1688w\" sizes=\"auto, (max-width: 1024px) 100vw, 1024px\" \/><\/figure>\n\n\n\n<p><\/p>\n\n\n\n<p><\/p>\n\n\n\n<p>Pojazdy dostarczone przez zwyci\u0119sk\u0105 firm\u0119 EvoBus b\u0119d\u0105 zero-emisyjne oraz\u00a0przegubowe i niskopod\u0142ogowe. Termin realizacji us\u0142ugi ustalono na 16 miesi\u0119cy. <\/p>\n\n\n\n<p><\/p>\n\n\n\n<p>Opr\u00f3cz zakupu<strong>\u00a0<\/strong>autobus\u00f3w zwyci\u0119ska firma ma dostarczy\u0107 stacje\u00a0\u0142adowana, kt\u00f3re maj\u0105 zosta\u0107 zamontowane na terenie\u00a0zajezdni\u00a0przy ul.\u00a0Obornickiej.<\/p>\n\n\n\n<p><\/p>\n\n\n\n<p><\/p>\n\n\n\n<figure class=\"wp-block-image size-full\"><img loading=\"lazy\" decoding=\"async\" width=\"800\" height=\"460\" src=\"http:\/\/www.tvk-gaj.pl\/~gajonline\/wp-content\/uploads\/2022\/02\/elektryczne-autobusy-mpk-wroclaw-podpisanie-umowy-2.jpeg\" alt=\"\" class=\"wp-image-13475\" srcset=\"https:\/\/online.tvk-gaj.pl\/wp-content\/uploads\/2022\/02\/elektryczne-autobusy-mpk-wroclaw-podpisanie-umowy-2.jpeg 800w, https:\/\/online.tvk-gaj.pl\/wp-content\/uploads\/2022\/02\/elektryczne-autobusy-mpk-wroclaw-podpisanie-umowy-2-300x173.jpeg 300w, https:\/\/online.tvk-gaj.pl\/wp-content\/uploads\/2022\/02\/elektryczne-autobusy-mpk-wroclaw-podpisanie-umowy-2-768x442.jpeg 768w\" sizes=\"auto, (max-width: 800px) 100vw, 800px\" \/><\/figure>\n\n\n\n<p><\/p>\n\n\n\n<p><\/p>\n\n\n\n<p>Przetarg posiada dofinansowanie z Narodowego Funduszu Ochrony \u015arodowiska i Gospodarki Wodnej. Ca\u0142o\u015b\u0107 inwestycji wyceniono na 46mln z\u0142otych. <\/p>\n\n\n\n<p><\/p>\n\n\n\n<p><\/p>\n\n\n\n<p><\/p>\n\n\n\n<p><\/p>\n","protected":false},"excerpt":{"rendered":"<p>W ramach przetargu Miejskiego Przedsi\u0119biorstwa Komunikacyjnego wybrano dostawc\u00f3w w pe\u0142ni elektrycznych autobus\u00f3w, kt\u00f3re wkr\u00f3tce mog\u0105 pojawi\u0107 si\u0119 na Gaju.<\/p>\n","protected":false},"author":1,"featured_media":13474,"comment_status":"open","ping_status":"open","sticky":false,"template":"","format":"standard","meta":{"footnotes":""},"categories":[14],"tags":[1600,112,1599],"class_list":["post-13473","post","type-post","status-publish","format-standard","has-post-thumbnail","hentry","category-aktualnosci","tag-elektryczne-autobusy-na-gaju","tag-gaj","tag-mpk-na-gaju"],"_links":{"self":[{"href":"https:\/\/online.tvk-gaj.pl\/index.php?rest_route=\/wp\/v2\/posts\/13473","targetHints":{"allow":["GET"]}}],"collection":[{"href":"https:\/\/online.tvk-gaj.pl\/index.php?rest_route=\/wp\/v2\/posts"}],"about":[{"href":"https:\/\/online.tvk-gaj.pl\/index.php?rest_route=\/wp\/v2\/types\/post"}],"author":[{"embeddable":true,"href":"https:\/\/online.tvk-gaj.pl\/index.php?rest_route=\/wp\/v2\/users\/1"}],"replies":[{"embeddable":true,"href":"https:\/\/online.tvk-gaj.pl\/index.php?rest_route=%2Fwp%2Fv2%2Fcomments&post=13473"}],"version-history":[{"count":1,"href":"https:\/\/online.tvk-gaj.pl\/index.php?rest_route=\/wp\/v2\/posts\/13473\/revisions"}],"predecessor-version":[{"id":13476,"href":"https:\/\/online.tvk-gaj.pl\/index.php?rest_route=\/wp\/v2\/posts\/13473\/revisions\/13476"}],"wp:featuredmedia":[{"embeddable":true,"href":"https:\/\/online.tvk-gaj.pl\/index.php?rest_route=\/wp\/v2\/media\/13474"}],"wp:attachment":[{"href":"https:\/\/online.tvk-gaj.pl\/index.php?rest_route=%2Fwp%2Fv2%2Fmedia&parent=13473"}],"wp:term":[{"taxonomy":"category","embeddable":true,"href":"https:\/\/online.tvk-gaj.pl\/index.php?rest_route=%2Fwp%2Fv2%2Fcategories&post=13473"},{"taxonomy":"post_tag","embeddable":true,"href":"https:\/\/online.tvk-gaj.pl\/index.php?rest_route=%2Fwp%2Fv2%2Ftags&post=13473"}],"curies":[{"name":"wp","href":"https:\/\/api.w.org\/{rel}","templated":true}]}}