{"id":13479,"date":"2022-02-18T21:55:30","date_gmt":"2022-02-18T20:55:30","guid":{"rendered":"http:\/\/www.tvk-gaj.pl\/~gajonline\/?p=13479"},"modified":"2022-02-18T22:13:17","modified_gmt":"2022-02-18T21:13:17","slug":"na-bardzkiej-powstanie-laka-kwietna","status":"publish","type":"post","link":"https:\/\/online.tvk-gaj.pl\/?p=13479","title":{"rendered":"Na Bardzkiej powstanie \u0142\u0105ka kwietna!"},"content":{"rendered":"\n<p>Przy ulicy Bardzkiej wkr\u00f3tce powstanie du\u017ca \u0142\u0105ka kwietna!<\/p>\n\n\n\n<!--more-->\n\n\n\n<p><\/p>\n\n\n\n<p><\/p>\n\n\n\n<figure class=\"wp-block-image size-large\"><img loading=\"lazy\" decoding=\"async\" width=\"1024\" height=\"1024\" src=\"http:\/\/www.tvk-gaj.pl\/~gajonline\/wp-content\/uploads\/2022\/02\/FADD262E-2A56-478B-BA49-56958F2E0887-3-1024x1024.jpg\" alt=\"\" class=\"wp-image-13486\" srcset=\"https:\/\/online.tvk-gaj.pl\/wp-content\/uploads\/2022\/02\/FADD262E-2A56-478B-BA49-56958F2E0887-3-1024x1024.jpg 1024w, https:\/\/online.tvk-gaj.pl\/wp-content\/uploads\/2022\/02\/FADD262E-2A56-478B-BA49-56958F2E0887-3-300x300.jpg 300w, https:\/\/online.tvk-gaj.pl\/wp-content\/uploads\/2022\/02\/FADD262E-2A56-478B-BA49-56958F2E0887-3-150x150.jpg 150w, https:\/\/online.tvk-gaj.pl\/wp-content\/uploads\/2022\/02\/FADD262E-2A56-478B-BA49-56958F2E0887-3-768x768.jpg 768w, https:\/\/online.tvk-gaj.pl\/wp-content\/uploads\/2022\/02\/FADD262E-2A56-478B-BA49-56958F2E0887-3-1536x1536.jpg 1536w, https:\/\/online.tvk-gaj.pl\/wp-content\/uploads\/2022\/02\/FADD262E-2A56-478B-BA49-56958F2E0887-3-160x160.jpg 160w, https:\/\/online.tvk-gaj.pl\/wp-content\/uploads\/2022\/02\/FADD262E-2A56-478B-BA49-56958F2E0887-3-240x240.jpg 240w, https:\/\/online.tvk-gaj.pl\/wp-content\/uploads\/2022\/02\/FADD262E-2A56-478B-BA49-56958F2E0887-3-60x60.jpg 60w, https:\/\/online.tvk-gaj.pl\/wp-content\/uploads\/2022\/02\/FADD262E-2A56-478B-BA49-56958F2E0887-3-184x184.jpg 184w, https:\/\/online.tvk-gaj.pl\/wp-content\/uploads\/2022\/02\/FADD262E-2A56-478B-BA49-56958F2E0887-3.jpg 2048w\" sizes=\"auto, (max-width: 1024px) 100vw, 1024px\" \/><\/figure>\n\n\n\n<p><\/p>\n\n\n\n<p><\/p>\n\n\n\n<p>\u0141aka powstanie przy wzg\u00f3rzu Gajowym na odcinku Bardzkiej pomi\u0119dzy ulicami \u015awieradowsk\u0105 a Buforow\u0105.  Ma mie\u0107 powierzchni\u0119 ponad 600 metr\u00f3w kwadratowych.<\/p>\n\n\n\n<p>Nowy teren zielony zostanie stworzony dzi\u0119ki wsp\u00f3\u0142pracy magistratu z deweloperem \u201eDom Development\u201d.  Jest to kolejny pomys\u0142 Zarz\u0105du Zieleni Miejskiej na ukwiecanie Wroc\u0142awia, kt\u00f3ry s\u0142u\u017cy zwi\u0119kszaniu bior\u00f3\u017cnorodno\u015bci w mie\u015bcie.<\/p>\n\n\n\n<p><\/p>\n\n\n\n<blockquote class=\"wp-block-quote is-layout-flow wp-block-quote-is-layout-flow\"><p>Aleksandra Zienkiewicz z Zarz\u0105du Zieleni Miejskiej we Wroc\u0142awiu:<\/p><cite>Deweloper sfinansuje ca\u0142e przedsi\u0119wzi\u0119cie, a miasto zajmie si\u0119 wykonaniem wysiewu i piel\u0119gnacj\u0105 \u0142\u0105ki. Wysiew zrealizujemy na pocz\u0105tku wiosny. Na efekt trzeba b\u0119dzie jednak poczeka\u0107 kilka tygodni. Prawdopodobnie ju\u017c w okolicach maja ulica Bardzka pi\u0119knie rozkwitnie. Zawsze starannie selekcjonujemy ro\u015blinno\u015b\u0107. Zale\u017cy nam, by posadzi\u0107 jak najwi\u0119cej ro\u015blin kwitn\u0105cych, kt\u00f3re s\u0142u\u017c\u0105 owadom<\/cite><\/blockquote>\n\n\n\n<p><\/p>\n\n\n\n<p>Prace ziemne realizowane b\u0119d\u0105 na wiosn\u0119, ale na wysiew ro\u015blin poczeka\u0107 b\u0119dzie do prze\u0142omu maja i czerwca. <\/p>\n\n\n\n<p><\/p>\n\n\n\n<p>Szykuje si\u0119 wi\u0119c kolorowa wiosna na Bardzkiej oraz na Gaju i Tarnogaju:)<\/p>\n\n\n\n<p><\/p>\n\n\n\n<p><\/p>\n\n\n\n<p><\/p>\n\n\n\n<p><\/p>\n","protected":false},"excerpt":{"rendered":"<p>Przy ulicy Bardzkiej wkr\u00f3tce powstanie du\u017ca \u0142\u0105ka kwietna!<\/p>\n","protected":false},"author":1,"featured_media":13480,"comment_status":"open","ping_status":"open","sticky":false,"template":"","format":"standard","meta":{"footnotes":""},"categories":[14,12],"tags":[197,112,135,1605,1601,1604,1603],"class_list":["post-13479","post","type-post","status-publish","format-standard","has-post-thumbnail","hentry","category-aktualnosci","category-artykuly","tag-bardzka","tag-gaj","tag-rada-osiedla-gaj","tag-zielen-gaj","tag-laka-kwietna","tag-laka-kwietna-bardzka","tag-laka-kwietna-na-gaju"],"_links":{"self":[{"href":"https:\/\/online.tvk-gaj.pl\/index.php?rest_route=\/wp\/v2\/posts\/13479","targetHints":{"allow":["GET"]}}],"collection":[{"href":"https:\/\/online.tvk-gaj.pl\/index.php?rest_route=\/wp\/v2\/posts"}],"about":[{"href":"https:\/\/online.tvk-gaj.pl\/index.php?rest_route=\/wp\/v2\/types\/post"}],"author":[{"embeddable":true,"href":"https:\/\/online.tvk-gaj.pl\/index.php?rest_route=\/wp\/v2\/users\/1"}],"replies":[{"embeddable":true,"href":"https:\/\/online.tvk-gaj.pl\/index.php?rest_route=%2Fwp%2Fv2%2Fcomments&post=13479"}],"version-history":[{"count":2,"href":"https:\/\/online.tvk-gaj.pl\/index.php?rest_route=\/wp\/v2\/posts\/13479\/revisions"}],"predecessor-version":[{"id":13487,"href":"https:\/\/online.tvk-gaj.pl\/index.php?rest_route=\/wp\/v2\/posts\/13479\/revisions\/13487"}],"wp:featuredmedia":[{"embeddable":true,"href":"https:\/\/online.tvk-gaj.pl\/index.php?rest_route=\/wp\/v2\/media\/13480"}],"wp:attachment":[{"href":"https:\/\/online.tvk-gaj.pl\/index.php?rest_route=%2Fwp%2Fv2%2Fmedia&parent=13479"}],"wp:term":[{"taxonomy":"category","embeddable":true,"href":"https:\/\/online.tvk-gaj.pl\/index.php?rest_route=%2Fwp%2Fv2%2Fcategories&post=13479"},{"taxonomy":"post_tag","embeddable":true,"href":"https:\/\/online.tvk-gaj.pl\/index.php?rest_route=%2Fwp%2Fv2%2Ftags&post=13479"}],"curies":[{"name":"wp","href":"https:\/\/api.w.org\/{rel}","templated":true}]}}