{"id":13489,"date":"2022-06-21T21:30:00","date_gmt":"2022-06-21T19:30:00","guid":{"rendered":"http:\/\/www.tvk-gaj.pl\/~gajonline\/?p=13489"},"modified":"2022-06-21T21:47:40","modified_gmt":"2022-06-21T19:47:40","slug":"deklaracja-na-temat-wykorzystywanego-zrodla-ciepla","status":"publish","type":"post","link":"https:\/\/online.tvk-gaj.pl\/?p=13489","title":{"rendered":"Deklaracja na temat wykorzystywanego \u017ar\u00f3d\u0142a ciep\u0142a &#8211; ostatnie dni na zg\u0142oszenie!"},"content":{"rendered":"\n<p>Przypominamy o ustawowym obowi\u0105zku zg\u0142oszenia \u017ar\u00f3d\u0142a ogrzewania nieruchomosci dla w\u0142a\u015bcicieli dom\u00f3w jednorodzinnych, bli\u017aniak\u00f3w, szereg\u00f3w i altan. Termin zg\u0142oszenia \u017ar\u00f3d\u0142a ogrzewania domu, szeregu, bli\u017aniaka, altany mija 30 czerwca b.r.<\/p>\n\n\n\n<!--more-->\n\n\n\n<p><\/p>\n\n\n\n<p><\/p>\n\n\n\n<figure class=\"wp-block-image size-large\"><img loading=\"lazy\" decoding=\"async\" width=\"730\" height=\"1024\" src=\"http:\/\/www.tvk-gaj.pl\/~gajonline\/wp-content\/uploads\/2022\/02\/IMG_2889-730x1024.jpg\" alt=\"\" class=\"wp-image-13491\" srcset=\"https:\/\/online.tvk-gaj.pl\/wp-content\/uploads\/2022\/02\/IMG_2889-730x1024.jpg 730w, https:\/\/online.tvk-gaj.pl\/wp-content\/uploads\/2022\/02\/IMG_2889-214x300.jpg 214w, https:\/\/online.tvk-gaj.pl\/wp-content\/uploads\/2022\/02\/IMG_2889-768x1077.jpg 768w, https:\/\/online.tvk-gaj.pl\/wp-content\/uploads\/2022\/02\/IMG_2889-1095x1536.jpg 1095w, https:\/\/online.tvk-gaj.pl\/wp-content\/uploads\/2022\/02\/IMG_2889.jpg 1276w\" sizes=\"auto, (max-width: 730px) 100vw, 730px\" \/><\/figure>\n\n\n\n<p><\/p>\n\n\n\n<p><\/p>\n\n\n\n<p>Deklaracje mo\u017cna wype\u0142ni\u0107 elektronicznie w Centralnej Ewidencji Emisyjno\u015bci Budynk\u00f3w pod adresem <a rel=\"noreferrer noopener\" href=\"https:\/\/www.ceeb.gov.pl\/?fbclid=IwAR3zqkn4r_ZDoxIV-XEFE9J6WUC88TyHVPTkZ9W6qDjD3z3rVdzqbc0TrHw\" target=\"_blank\">www.ceeb.gov.pl.<\/a><\/p>\n\n\n\n<p><\/p>\n\n\n\n<p><\/p>\n\n\n\n<p>Wi\u0119cej informacji dost\u0119pne jest pod adresem: https:\/\/www.wroclaw.pl\/zielony-wroclaw\/deklaracja-o-zrodlach-ciepla-jak-i-gdzie-zlozyc-we-wroclawiu<\/p>\n\n\n\n<p><\/p>\n\n\n\n<p><\/p>\n\n\n\n<p><\/p>\n\n\n\n<p><strong>Termin z\u0142o\u017cenia deklaracji mija 30 czerwca 2022r.<\/strong><\/p>\n\n\n\n<p><\/p>\n\n\n\n<p><\/p>\n\n\n\n<p><\/p>\n\n\n\n<p><\/p>\n\n\n\n<p><\/p>\n\n\n\n<p><\/p>\n","protected":false},"excerpt":{"rendered":"<p>Przypominamy o ustawowym obowi\u0105zku zg\u0142oszenia \u017ar\u00f3d\u0142a ogrzewania nieruchomosci dla w\u0142a\u015bcicieli dom\u00f3w jednorodzinnych, bli\u017aniak\u00f3w, szereg\u00f3w i altan. Termin zg\u0142oszenia \u017ar\u00f3d\u0142a ogrzewania domu, szeregu, bli\u017aniaka, altany mija 30 czerwca b.r.<\/p>\n","protected":false},"author":1,"featured_media":13490,"comment_status":"open","ping_status":"open","sticky":false,"template":"","format":"standard","meta":{"footnotes":""},"categories":[14,12],"tags":[1501,1608,1607,741],"class_list":["post-13489","post","type-post","status-publish","format-standard","has-post-thumbnail","hentry","category-aktualnosci","category-artykuly","tag-centralna-ewidencja-emisyjnosci-budynkow","tag-deklaracja-zrodlo-ciepla","tag-obowiazek","tag-ustawa"],"_links":{"self":[{"href":"https:\/\/online.tvk-gaj.pl\/index.php?rest_route=\/wp\/v2\/posts\/13489","targetHints":{"allow":["GET"]}}],"collection":[{"href":"https:\/\/online.tvk-gaj.pl\/index.php?rest_route=\/wp\/v2\/posts"}],"about":[{"href":"https:\/\/online.tvk-gaj.pl\/index.php?rest_route=\/wp\/v2\/types\/post"}],"author":[{"embeddable":true,"href":"https:\/\/online.tvk-gaj.pl\/index.php?rest_route=\/wp\/v2\/users\/1"}],"replies":[{"embeddable":true,"href":"https:\/\/online.tvk-gaj.pl\/index.php?rest_route=%2Fwp%2Fv2%2Fcomments&post=13489"}],"version-history":[{"count":2,"href":"https:\/\/online.tvk-gaj.pl\/index.php?rest_route=\/wp\/v2\/posts\/13489\/revisions"}],"predecessor-version":[{"id":13645,"href":"https:\/\/online.tvk-gaj.pl\/index.php?rest_route=\/wp\/v2\/posts\/13489\/revisions\/13645"}],"wp:featuredmedia":[{"embeddable":true,"href":"https:\/\/online.tvk-gaj.pl\/index.php?rest_route=\/wp\/v2\/media\/13490"}],"wp:attachment":[{"href":"https:\/\/online.tvk-gaj.pl\/index.php?rest_route=%2Fwp%2Fv2%2Fmedia&parent=13489"}],"wp:term":[{"taxonomy":"category","embeddable":true,"href":"https:\/\/online.tvk-gaj.pl\/index.php?rest_route=%2Fwp%2Fv2%2Fcategories&post=13489"},{"taxonomy":"post_tag","embeddable":true,"href":"https:\/\/online.tvk-gaj.pl\/index.php?rest_route=%2Fwp%2Fv2%2Ftags&post=13489"}],"curies":[{"name":"wp","href":"https:\/\/api.w.org\/{rel}","templated":true}]}}