{"id":13493,"date":"2022-03-01T20:17:51","date_gmt":"2022-03-01T19:17:51","guid":{"rendered":"http:\/\/www.tvk-gaj.pl\/~gajonline\/?p=13493"},"modified":"2022-03-23T21:40:12","modified_gmt":"2022-03-23T20:40:12","slug":"rada-osiedla-gaj-dolacza-sie-do-akcji-pomocy-dla-ukrainy","status":"publish","type":"post","link":"https:\/\/online.tvk-gaj.pl\/?p=13493","title":{"rendered":"Rada Osiedla Gaj do\u0142\u0105cza si\u0119 do akcji pomocy dla Ukrainy!"},"content":{"rendered":"\n<p>W ramach solidarno\u015bci z do\u015bwiadczonymi kl\u0119sk\u0105 wojny obywatelami Ukrainy Rada Osiedla Gaj pragnie udzieli\u0107 wsparcia i pomocy materialnej! Na Gaju mieszka wiele os\u00f3b, kt\u00f3re pochodz\u0105 z Ukrainy b\u0105d\u017a w\u0142a\u015bnie przyjecha\u0142y z ogarni\u0119tego wojn\u0105 kraju na nasze osiedle. Niezale\u017cnie od dzia\u0142a\u0144 miasta Wroc\u0142awia chcemy do\u0142\u0105czy\u0107 si\u0119 do akcji pomocowych i jako Gaj pokaza\u0107 si\u0142\u0119 solidarno\u015bci i dobroci.<\/p>\n\n\n\n<!--more-->\n\n\n\n<p><\/p>\n\n\n\n<p><\/p>\n\n\n\n<p><\/p>\n\n\n\n<figure class=\"wp-block-image size-full\"><img loading=\"lazy\" decoding=\"async\" width=\"840\" height=\"442\" src=\"http:\/\/www.tvk-gaj.pl\/~gajonline\/wp-content\/uploads\/2022\/03\/wsparcie-dla-ukrainy.jpeg\" alt=\"\" class=\"wp-image-13495\" srcset=\"https:\/\/online.tvk-gaj.pl\/wp-content\/uploads\/2022\/03\/wsparcie-dla-ukrainy.jpeg 840w, https:\/\/online.tvk-gaj.pl\/wp-content\/uploads\/2022\/03\/wsparcie-dla-ukrainy-300x158.jpeg 300w, https:\/\/online.tvk-gaj.pl\/wp-content\/uploads\/2022\/03\/wsparcie-dla-ukrainy-768x404.jpeg 768w\" sizes=\"auto, (max-width: 840px) 100vw, 840px\" \/><\/figure>\n\n\n\n<p><\/p>\n\n\n\n<p><\/p>\n\n\n\n<p><strong>POMOC RADY OSIEDLA GAJ I UKS RESPECT WROC\u0141AW<\/strong><\/p>\n\n\n\n<p><\/p>\n\n\n\n<p>Rada Osiedla Gaj wsp\u00f3lnie z Klubem Pi\u0142karskim Respect Wroc\u0142aw przygotowuje paczki z niezb\u0119dnymi produktami \u017cycia codziennego dla os\u00f3b przebywaj\u0105cych na granicy w punktach recepcyjnych jak i dla przyje\u017cd\u017caj\u0105cych, dla kt\u00f3rych przygotowano ju\u017c noclegi. <\/p>\n\n\n\n<p><\/p>\n\n\n\n<p>W poniedzia\u0142ek i \u015brod\u0119 podczas trening\u00f3w zar\u00f3wno w Szkole Podstawowej Nr 90 przy ul. Orzechowej 62 (w godzinach 16.30 &#8211; 19.00) jak i trening\u00f3w na boisku pi\u0142karskim przy ul. Orzechowej 108 (w godzinach 17.00 &#8211; 19.00) b\u0119dzie organizowana zbi\u00f3rka niezb\u0119dnych produkt\u00f3w tj. \u015brodki czysto\u015bci, koce, r\u0119czniki, produkty spo\u017cywcze, ubranka dla dzieci itp. Rzeczy mog\u0105 by\u0107 u\u017cywane lecz musz\u0105 by\u0107 czyste. <\/p>\n\n\n\n<p>Opr\u00f3cz miejsc treningowych produkty b\u0119dzie mo\u017cna dostarczy\u0107 do siedziby Rady Osiedla Gaj przy ul. Krynickiej 80. W tym tygodniu dy\u017cur w siedzibie Rady Osiedla Gaj przy ul. Krynickiej 80, zwi\u0105zany ze zbi\u00f3rk\u0105 na rzecz pomocy Ukrainie, pe\u0142niony b\u0119dzie w godzinach 10:00-13:00. <\/p>\n\n\n\n<p><\/p>\n\n\n\n<p>Udost\u0119pniamy r\u00f3wnie\u017c numer telefonu do kontaktu: 500 455 030. <\/p>\n\n\n\n<p><\/p>\n\n\n\n<p><\/p>\n\n\n\n<p><strong>POMOC RADY OSIEDLA GAJ I SP\u00d3\u0141DZIELNI MIESZKANIOWEJ WROC\u0141AW-PO\u0141UDNIE<\/strong><\/p>\n\n\n\n<p><\/p>\n\n\n\n<p><\/p>\n\n\n\n<figure class=\"wp-block-image size-large\"><img loading=\"lazy\" decoding=\"async\" width=\"745\" height=\"1024\" src=\"http:\/\/www.tvk-gaj.pl\/~gajonline\/wp-content\/uploads\/2022\/03\/PLAKAT-WSPARCIE-UKRAINY-745x1024.jpeg\" alt=\"\" class=\"wp-image-13530\" srcset=\"https:\/\/online.tvk-gaj.pl\/wp-content\/uploads\/2022\/03\/PLAKAT-WSPARCIE-UKRAINY-745x1024.jpeg 745w, https:\/\/online.tvk-gaj.pl\/wp-content\/uploads\/2022\/03\/PLAKAT-WSPARCIE-UKRAINY-218x300.jpeg 218w, https:\/\/online.tvk-gaj.pl\/wp-content\/uploads\/2022\/03\/PLAKAT-WSPARCIE-UKRAINY-768x1056.jpeg 768w, https:\/\/online.tvk-gaj.pl\/wp-content\/uploads\/2022\/03\/PLAKAT-WSPARCIE-UKRAINY.jpeg 828w\" sizes=\"auto, (max-width: 745px) 100vw, 745px\" \/><\/figure>\n\n\n\n<p><\/p>\n\n\n\n<p><\/p>\n\n\n\n<p><\/p>\n\n\n\n<p><\/p>\n\n\n\n<p>Osoby chc\u0105ce uzyska\u0107 wi\u0119cej informacji na temat dzia\u0142a\u0144 pomocowych ze strony miasta odsy\u0142amy na o<a href=\"https:\/\/www.wroclaw.pl\/dla-mieszkanca\/wojna-w-ukrainie-wroclaw-pomaga-potrzebujacym-jak-pomagac-madrze\" data-type=\"URL\" data-id=\"https:\/\/www.wroclaw.pl\/dla-mieszkanca\/wojna-w-ukrainie-wroclaw-pomaga-potrzebujacym-jak-pomagac-madrze\" target=\"_blank\" rel=\"noreferrer noopener\">ficjalny serwis internetowy miasta<\/a> oraz na oficjalny profil facebookowy <a href=\"https:\/\/www.facebook.com\/PomagaMyWroclaw\" data-type=\"URL\" data-id=\"https:\/\/www.facebook.com\/PomagaMyWroclaw\" target=\"_blank\" rel=\"noreferrer noopener\">PomagaMy Wroc\u0142aw<\/a>.<\/p>\n\n\n\n<p><\/p>\n\n\n\n<p><\/p>\n\n\n\n<p><\/p>\n\n\n\n<figure class=\"wp-block-image size-large\"><img loading=\"lazy\" decoding=\"async\" width=\"1024\" height=\"724\" src=\"http:\/\/www.tvk-gaj.pl\/~gajonline\/wp-content\/uploads\/2022\/03\/pomoc-dla-ukrainy-wro-1024x724.jpeg\" alt=\"\" class=\"wp-image-13527\" srcset=\"https:\/\/online.tvk-gaj.pl\/wp-content\/uploads\/2022\/03\/pomoc-dla-ukrainy-wro-1024x724.jpeg 1024w, https:\/\/online.tvk-gaj.pl\/wp-content\/uploads\/2022\/03\/pomoc-dla-ukrainy-wro-300x212.jpeg 300w, https:\/\/online.tvk-gaj.pl\/wp-content\/uploads\/2022\/03\/pomoc-dla-ukrainy-wro-768x543.jpeg 768w, https:\/\/online.tvk-gaj.pl\/wp-content\/uploads\/2022\/03\/pomoc-dla-ukrainy-wro.jpeg 1440w\" sizes=\"auto, (max-width: 1024px) 100vw, 1024px\" \/><\/figure>\n\n\n\n<p><\/p>\n\n\n\n<p><\/p>\n\n\n\n<p><\/p>\n\n\n\n<p>Zapraszamy i zach\u0119camy do pomocy!<\/p>\n\n\n\n<p><\/p>\n\n\n\n<p><\/p>\n\n\n\n<p><\/p>\n\n\n\n<p><\/p>\n","protected":false},"excerpt":{"rendered":"<p>W ramach solidarno\u015bci z do\u015bwiadczonymi kl\u0119sk\u0105 wojny obywatelami Ukrainy Rada Osiedla Gaj pragnie udzieli\u0107 wsparcia i pomocy materialnej! Na Gaju mieszka wiele os\u00f3b, kt\u00f3re pochodz\u0105 z Ukrainy b\u0105d\u017a w\u0142a\u015bnie przyjecha\u0142y z ogarni\u0119tego wojn\u0105 kraju na nasze osiedle. Niezale\u017cnie od dzia\u0142a\u0144 miasta Wroc\u0142awia chcemy do\u0142\u0105czy\u0107 si\u0119 do akcji pomocowych i jako Gaj pokaza\u0107 si\u0142\u0119 solidarno\u015bci i [&hellip;]<\/p>\n","protected":false},"author":1,"featured_media":13494,"comment_status":"open","ping_status":"open","sticky":false,"template":"","format":"standard","meta":{"footnotes":""},"categories":[14,12],"tags":[1611,1609,135,1610,1612,658],"class_list":["post-13493","post","type-post","status-publish","format-standard","has-post-thumbnail","hentry","category-aktualnosci","category-artykuly","tag-klub-pilkarski-respect-wroclaw","tag-pomoc-dla-ukrainy","tag-rada-osiedla-gaj","tag-ukraina","tag-wsparcie-ukraina-gaj","tag-zbiorka"],"_links":{"self":[{"href":"https:\/\/online.tvk-gaj.pl\/index.php?rest_route=\/wp\/v2\/posts\/13493","targetHints":{"allow":["GET"]}}],"collection":[{"href":"https:\/\/online.tvk-gaj.pl\/index.php?rest_route=\/wp\/v2\/posts"}],"about":[{"href":"https:\/\/online.tvk-gaj.pl\/index.php?rest_route=\/wp\/v2\/types\/post"}],"author":[{"embeddable":true,"href":"https:\/\/online.tvk-gaj.pl\/index.php?rest_route=\/wp\/v2\/users\/1"}],"replies":[{"embeddable":true,"href":"https:\/\/online.tvk-gaj.pl\/index.php?rest_route=%2Fwp%2Fv2%2Fcomments&post=13493"}],"version-history":[{"count":5,"href":"https:\/\/online.tvk-gaj.pl\/index.php?rest_route=\/wp\/v2\/posts\/13493\/revisions"}],"predecessor-version":[{"id":13531,"href":"https:\/\/online.tvk-gaj.pl\/index.php?rest_route=\/wp\/v2\/posts\/13493\/revisions\/13531"}],"wp:featuredmedia":[{"embeddable":true,"href":"https:\/\/online.tvk-gaj.pl\/index.php?rest_route=\/wp\/v2\/media\/13494"}],"wp:attachment":[{"href":"https:\/\/online.tvk-gaj.pl\/index.php?rest_route=%2Fwp%2Fv2%2Fmedia&parent=13493"}],"wp:term":[{"taxonomy":"category","embeddable":true,"href":"https:\/\/online.tvk-gaj.pl\/index.php?rest_route=%2Fwp%2Fv2%2Fcategories&post=13493"},{"taxonomy":"post_tag","embeddable":true,"href":"https:\/\/online.tvk-gaj.pl\/index.php?rest_route=%2Fwp%2Fv2%2Ftags&post=13493"}],"curies":[{"name":"wp","href":"https:\/\/api.w.org\/{rel}","templated":true}]}}