{"id":1350,"date":"2013-07-01T14:09:46","date_gmt":"2013-07-01T12:09:46","guid":{"rendered":"http:\/\/www.tvk-gaj.pl\/~gajonline\/?p=1350"},"modified":"2013-07-02T19:54:43","modified_gmt":"2013-07-02T17:54:43","slug":"1350","status":"publish","type":"post","link":"https:\/\/online.tvk-gaj.pl\/?p=1350","title":{"rendered":"Punkt MOPS przy Radzie Osiedla nieczynny w wakacje"},"content":{"rendered":"<p>Informujemy, i\u017c w zwi\u0105zku z okresem wakacyjnym zawieszona zostaje dzia\u0142alno\u015b\u0107 Punktu informacyjno &#8211; konsultacyjnego &#8211; \u00a0Zespo\u0142u Terenowej Pracy Socjalnej Nr 5, Miejskiego O\u015brodka Pomocy Spo\u0142ecznej, kt\u00f3ry dzia\u0142a w Radzie Osiedla Gaj. W miesi\u0105cach lipcu oraz sierpniu punkt b\u0119dzie nieczynny.<\/p>\n","protected":false},"excerpt":{"rendered":"<p>Informujemy, i\u017c w zwi\u0105zku z okresem wakacyjnym zawieszona zostaje dzia\u0142alno\u015b\u0107 Punktu informacyjno &#8211; konsultacyjnego &#8211; \u00a0Zespo\u0142u Terenowej Pracy Socjalnej Nr 5, Miejskiego O\u015brodka Pomocy Spo\u0142ecznej, kt\u00f3ry dzia\u0142a w Radzie Osiedla Gaj. W miesi\u0105cach lipcu oraz sierpniu punkt b\u0119dzie nieczynny.<\/p>\n","protected":false},"author":1,"featured_media":1349,"comment_status":"open","ping_status":"open","sticky":false,"template":"","format":"standard","meta":{"footnotes":""},"categories":[14],"tags":[31],"class_list":["post-1350","post","type-post","status-publish","format-standard","has-post-thumbnail","hentry","category-aktualnosci","tag-mops-rada-osiedla-gaj"],"_links":{"self":[{"href":"https:\/\/online.tvk-gaj.pl\/index.php?rest_route=\/wp\/v2\/posts\/1350","targetHints":{"allow":["GET"]}}],"collection":[{"href":"https:\/\/online.tvk-gaj.pl\/index.php?rest_route=\/wp\/v2\/posts"}],"about":[{"href":"https:\/\/online.tvk-gaj.pl\/index.php?rest_route=\/wp\/v2\/types\/post"}],"author":[{"embeddable":true,"href":"https:\/\/online.tvk-gaj.pl\/index.php?rest_route=\/wp\/v2\/users\/1"}],"replies":[{"embeddable":true,"href":"https:\/\/online.tvk-gaj.pl\/index.php?rest_route=%2Fwp%2Fv2%2Fcomments&post=1350"}],"version-history":[{"count":3,"href":"https:\/\/online.tvk-gaj.pl\/index.php?rest_route=\/wp\/v2\/posts\/1350\/revisions"}],"predecessor-version":[{"id":1354,"href":"https:\/\/online.tvk-gaj.pl\/index.php?rest_route=\/wp\/v2\/posts\/1350\/revisions\/1354"}],"wp:featuredmedia":[{"embeddable":true,"href":"https:\/\/online.tvk-gaj.pl\/index.php?rest_route=\/wp\/v2\/media\/1349"}],"wp:attachment":[{"href":"https:\/\/online.tvk-gaj.pl\/index.php?rest_route=%2Fwp%2Fv2%2Fmedia&parent=1350"}],"wp:term":[{"taxonomy":"category","embeddable":true,"href":"https:\/\/online.tvk-gaj.pl\/index.php?rest_route=%2Fwp%2Fv2%2Fcategories&post=1350"},{"taxonomy":"post_tag","embeddable":true,"href":"https:\/\/online.tvk-gaj.pl\/index.php?rest_route=%2Fwp%2Fv2%2Ftags&post=1350"}],"curies":[{"name":"wp","href":"https:\/\/api.w.org\/{rel}","templated":true}]}}