{"id":13509,"date":"2022-03-21T21:40:00","date_gmt":"2022-03-21T20:40:00","guid":{"rendered":"http:\/\/www.tvk-gaj.pl\/~gajonline\/?p=13509"},"modified":"2022-03-26T21:57:37","modified_gmt":"2022-03-26T20:57:37","slug":"wiosenny-turniej-pilkarski-na-gaju","status":"publish","type":"post","link":"https:\/\/online.tvk-gaj.pl\/?p=13509","title":{"rendered":"Wiosenny turniej pi\u0142karski na Gaju"},"content":{"rendered":"\n<p>Fotorelacja z turnieju pi\u0142karskiego, kt\u00f3ry odby\u0142 si\u0119 20 marca na boisku przy ul. Orzechowej. <\/p>\n\n\n\n<!--more-->\n\n\n\n<p><\/p>\n\n\n\n<p><\/p>\n\n\n\n<figure class=\"wp-block-image size-large\"><img loading=\"lazy\" decoding=\"async\" width=\"724\" height=\"1024\" src=\"http:\/\/www.tvk-gaj.pl\/~gajonline\/wp-content\/uploads\/2022\/03\/received_493368482384017-Kopia-724x1024.jpeg\" alt=\"\" class=\"wp-image-13520\" srcset=\"https:\/\/online.tvk-gaj.pl\/wp-content\/uploads\/2022\/03\/received_493368482384017-Kopia-724x1024.jpeg 724w, https:\/\/online.tvk-gaj.pl\/wp-content\/uploads\/2022\/03\/received_493368482384017-Kopia-212x300.jpeg 212w, https:\/\/online.tvk-gaj.pl\/wp-content\/uploads\/2022\/03\/received_493368482384017-Kopia-768x1087.jpeg 768w, https:\/\/online.tvk-gaj.pl\/wp-content\/uploads\/2022\/03\/received_493368482384017-Kopia-1085x1536.jpeg 1085w, https:\/\/online.tvk-gaj.pl\/wp-content\/uploads\/2022\/03\/received_493368482384017-Kopia.jpeg 1447w\" sizes=\"auto, (max-width: 724px) 100vw, 724px\" \/><\/figure>\n\n\n\n<p><\/p>\n\n\n\n<p><\/p>\n\n\n\n<p>20 marca, na boisku pi\u0142karskim przy ul. Orzechowej odby\u0142y si\u0119\u00a0pierwsze w tym sezonie rozgrywki pi\u0142ki no\u017cnej w ramach Respect Cup, czyli serii turniej\u00f3w pi\u0142karskich dla dzieci i m\u0142odzie\u017cy, zorganizowane prze UKS Respect Wroc\u0142aw.<\/p>\n\n\n\n<p><\/p>\n\n\n\n<p><\/p>\n\n\n\n<figure class=\"wp-block-image size-large\"><img loading=\"lazy\" decoding=\"async\" width=\"1024\" height=\"768\" src=\"http:\/\/www.tvk-gaj.pl\/~gajonline\/wp-content\/uploads\/2022\/03\/respect1-1024x768.jpeg\" alt=\"\" class=\"wp-image-13539\" srcset=\"https:\/\/online.tvk-gaj.pl\/wp-content\/uploads\/2022\/03\/respect1-1024x768.jpeg 1024w, https:\/\/online.tvk-gaj.pl\/wp-content\/uploads\/2022\/03\/respect1-300x225.jpeg 300w, https:\/\/online.tvk-gaj.pl\/wp-content\/uploads\/2022\/03\/respect1-768x576.jpeg 768w, https:\/\/online.tvk-gaj.pl\/wp-content\/uploads\/2022\/03\/respect1-1536x1152.jpeg 1536w, https:\/\/online.tvk-gaj.pl\/wp-content\/uploads\/2022\/03\/respect1.jpeg 1600w\" sizes=\"auto, (max-width: 1024px) 100vw, 1024px\" \/><\/figure>\n\n\n\n<p><\/p>\n\n\n\n<p><\/p>\n\n\n\n<p>20 marca na wroc\u0142awskim boisku przy ul. Orzechowej odby\u0142o si\u0119 pierwsze z zaplanowanych spotka\u0144 pi\u0142karskich. W rozgrywkach wzi\u0119\u0142o udzia\u0142 192 zawodnik\u00f3w reprezentuj\u0105cych 18 dru\u017cyn podzielonych na II tury. W\u015br\u00f3d uczestnik\u00f3w m.in. <a href=\"https:\/\/www.facebook.com\/uksgminymiekinia\/?__cft__[0]=AZW_WEl3tUGYoVmK5tyIy5Klwgu8LAu8hXjRN9OMpkkFSqrN-4zzBpI3V1OwZVhFEI3EUB9_wNZrLEyAGV-r-sDn1daz0UXpFYTPAwq_X_CtvNxS1xKrsJ5rAWsvjzw1ISawBuoHIMzS7Nq6XfSmjj95&amp;__tn__=kK-R\">UKS Gminy Mi\u0119kinia<\/a>, <a href=\"https:\/\/www.facebook.com\/KS-Sporting-Wroc%C5%82aw-137911763065365\/?__cft__[0]=AZW_WEl3tUGYoVmK5tyIy5Klwgu8LAu8hXjRN9OMpkkFSqrN-4zzBpI3V1OwZVhFEI3EUB9_wNZrLEyAGV-r-sDn1daz0UXpFYTPAwq_X_CtvNxS1xKrsJ5rAWsvjzw1ISawBuoHIMzS7Nq6XfSmjj95&amp;__tn__=kK-R\">KS Sporting Wroc\u0142aw<\/a>, <a href=\"https:\/\/www.facebook.com\/athleticwroclawfc\/?__cft__[0]=AZW_WEl3tUGYoVmK5tyIy5Klwgu8LAu8hXjRN9OMpkkFSqrN-4zzBpI3V1OwZVhFEI3EUB9_wNZrLEyAGV-r-sDn1daz0UXpFYTPAwq_X_CtvNxS1xKrsJ5rAWsvjzw1ISawBuoHIMzS7Nq6XfSmjj95&amp;__tn__=kK-R\">Athletic Wroc\u0142aw FC<\/a>, <a href=\"https:\/\/www.facebook.com\/1KSSlezaWroclaw\/?__cft__[0]=AZW_WEl3tUGYoVmK5tyIy5Klwgu8LAu8hXjRN9OMpkkFSqrN-4zzBpI3V1OwZVhFEI3EUB9_wNZrLEyAGV-r-sDn1daz0UXpFYTPAwq_X_CtvNxS1xKrsJ5rAWsvjzw1ISawBuoHIMzS7Nq6XfSmjj95&amp;__tn__=kK-R\">\u015al\u0119za Wroc\u0142aw<\/a>, <a href=\"https:\/\/www.facebook.com\/MKSPogonOlesnica?__cft__[0]=AZW_WEl3tUGYoVmK5tyIy5Klwgu8LAu8hXjRN9OMpkkFSqrN-4zzBpI3V1OwZVhFEI3EUB9_wNZrLEyAGV-r-sDn1daz0UXpFYTPAwq_X_CtvNxS1xKrsJ5rAWsvjzw1ISawBuoHIMzS7Nq6XfSmjj95&amp;__tn__=-]K-R\">Pogo\u0144 Ole\u015bnica<\/a>, <a href=\"https:\/\/www.facebook.com\/slaskwroclawpl\/?__cft__[0]=AZW_WEl3tUGYoVmK5tyIy5Klwgu8LAu8hXjRN9OMpkkFSqrN-4zzBpI3V1OwZVhFEI3EUB9_wNZrLEyAGV-r-sDn1daz0UXpFYTPAwq_X_CtvNxS1xKrsJ5rAWsvjzw1ISawBuoHIMzS7Nq6XfSmjj95&amp;__tn__=kK-R\">WKS \u015al\u0105sk Wroc\u0142aw<\/a>, <a href=\"https:\/\/www.facebook.com\/apr.kepno\/?__cft__[0]=AZW_WEl3tUGYoVmK5tyIy5Klwgu8LAu8hXjRN9OMpkkFSqrN-4zzBpI3V1OwZVhFEI3EUB9_wNZrLEyAGV-r-sDn1daz0UXpFYTPAwq_X_CtvNxS1xKrsJ5rAWsvjzw1ISawBuoHIMzS7Nq6XfSmjj95&amp;__tn__=kK-R\">Akademia Pi\u0142karska Reissa &#8211; K\u0119pno<\/a>, <a href=\"https:\/\/www.facebook.com\/FootballAcademyLeszno\/?__cft__[0]=AZW_WEl3tUGYoVmK5tyIy5Klwgu8LAu8hXjRN9OMpkkFSqrN-4zzBpI3V1OwZVhFEI3EUB9_wNZrLEyAGV-r-sDn1daz0UXpFYTPAwq_X_CtvNxS1xKrsJ5rAWsvjzw1ISawBuoHIMzS7Nq6XfSmjj95&amp;__tn__=kK-R\">Football Academy Leszno<\/a>.<\/p>\n\n\n\n<p><\/p>\n\n\n\n<p><\/p>\n\n\n\n<p><\/p>\n\n\n\n<figure class=\"wp-block-image size-large\"><img loading=\"lazy\" decoding=\"async\" width=\"1024\" height=\"768\" src=\"http:\/\/www.tvk-gaj.pl\/~gajonline\/wp-content\/uploads\/2022\/03\/respect4-1024x768.jpeg\" alt=\"\" class=\"wp-image-13538\" srcset=\"https:\/\/online.tvk-gaj.pl\/wp-content\/uploads\/2022\/03\/respect4-1024x768.jpeg 1024w, https:\/\/online.tvk-gaj.pl\/wp-content\/uploads\/2022\/03\/respect4-300x225.jpeg 300w, https:\/\/online.tvk-gaj.pl\/wp-content\/uploads\/2022\/03\/respect4-768x576.jpeg 768w, https:\/\/online.tvk-gaj.pl\/wp-content\/uploads\/2022\/03\/respect4-1536x1152.jpeg 1536w, https:\/\/online.tvk-gaj.pl\/wp-content\/uploads\/2022\/03\/respect4.jpeg 2000w\" sizes=\"auto, (max-width: 1024px) 100vw, 1024px\" \/><\/figure>\n\n\n\n<p><\/p>\n\n\n\n<p><\/p>\n\n\n\n<p>Ka\u017cdy z zespo\u0142\u00f3w sp\u0119dzi\u0142 na boisku ponad 100 minut grania. \u015awietna atmosfera, u\u015bmiechy zawodnik\u00f3w, mn\u00f3stwo strzelonych goli, brak klasyfikacji. <\/p>\n\n\n\n<p><\/p>\n\n\n\n<p>Medale dla zawodnik\u00f3w i statuetki dla zespo\u0142\u00f3w wr\u0119czali zaproszeni Radni Rady Osiedla Gaj. <\/p>\n\n\n\n<p><\/p>\n\n\n\n<p>Wszystkich zainteresowanych wzi\u0119ciem udzia\u0142u w turnieju odsy\u0142amy pod podane na plakacie numery telefon\u00f3w.<\/p>\n\n\n\n<p><\/p>\n\n\n\n<p><\/p>\n\n\n\n<p><\/p>\n\n\n\n<p><strong>FOTORELACJA Z TURNIEJU:<\/strong><\/p>\n\n\n\n<p><\/p>\n\n\n\n[ngg src=&#8221;galleries&#8221; ids=&#8221;124&#8243; display=&#8221;basic_thumbnail&#8221; thumbnail_crop=&#8221;0&#8243;]\n\n\n\n<p><\/p>\n\n\n\n<p><\/p>\n\n\n\n<p><\/p>\n\n\n\n<p><\/p>\n","protected":false},"excerpt":{"rendered":"<p>Fotorelacja z turnieju pi\u0142karskiego, kt\u00f3ry odby\u0142 si\u0119 20 marca na boisku przy ul. Orzechowej.<\/p>\n","protected":false},"author":1,"featured_media":13524,"comment_status":"open","ping_status":"open","sticky":false,"template":"","format":"standard","meta":{"footnotes":""},"categories":[14],"tags":[1614,982,1613],"class_list":["post-13509","post","type-post","status-publish","format-standard","has-post-thumbnail","hentry","category-aktualnosci","tag-klub-pilkarski-gaj","tag-turniej","tag-uks-respect-gaj"],"_links":{"self":[{"href":"https:\/\/online.tvk-gaj.pl\/index.php?rest_route=\/wp\/v2\/posts\/13509","targetHints":{"allow":["GET"]}}],"collection":[{"href":"https:\/\/online.tvk-gaj.pl\/index.php?rest_route=\/wp\/v2\/posts"}],"about":[{"href":"https:\/\/online.tvk-gaj.pl\/index.php?rest_route=\/wp\/v2\/types\/post"}],"author":[{"embeddable":true,"href":"https:\/\/online.tvk-gaj.pl\/index.php?rest_route=\/wp\/v2\/users\/1"}],"replies":[{"embeddable":true,"href":"https:\/\/online.tvk-gaj.pl\/index.php?rest_route=%2Fwp%2Fv2%2Fcomments&post=13509"}],"version-history":[{"count":3,"href":"https:\/\/online.tvk-gaj.pl\/index.php?rest_route=\/wp\/v2\/posts\/13509\/revisions"}],"predecessor-version":[{"id":13540,"href":"https:\/\/online.tvk-gaj.pl\/index.php?rest_route=\/wp\/v2\/posts\/13509\/revisions\/13540"}],"wp:featuredmedia":[{"embeddable":true,"href":"https:\/\/online.tvk-gaj.pl\/index.php?rest_route=\/wp\/v2\/media\/13524"}],"wp:attachment":[{"href":"https:\/\/online.tvk-gaj.pl\/index.php?rest_route=%2Fwp%2Fv2%2Fmedia&parent=13509"}],"wp:term":[{"taxonomy":"category","embeddable":true,"href":"https:\/\/online.tvk-gaj.pl\/index.php?rest_route=%2Fwp%2Fv2%2Fcategories&post=13509"},{"taxonomy":"post_tag","embeddable":true,"href":"https:\/\/online.tvk-gaj.pl\/index.php?rest_route=%2Fwp%2Fv2%2Ftags&post=13509"}],"curies":[{"name":"wp","href":"https:\/\/api.w.org\/{rel}","templated":true}]}}