{"id":13532,"date":"2022-03-19T21:57:47","date_gmt":"2022-03-19T20:57:47","guid":{"rendered":"http:\/\/www.tvk-gaj.pl\/~gajonline\/?p=13532"},"modified":"2022-03-23T22:00:51","modified_gmt":"2022-03-23T21:00:51","slug":"przy-ul-krynickiej-powstanie-nowy-parking","status":"publish","type":"post","link":"https:\/\/online.tvk-gaj.pl\/?p=13532","title":{"rendered":"Przy ul. Krynickiej powstanie nowy parking"},"content":{"rendered":"\n<p>Najnowsze informacje w sprawie budowy parkingu przy ul. Krynickiej.<\/p>\n\n\n\n<!--more-->\n\n\n\n<p><\/p>\n\n\n\n<p><\/p>\n\n\n\n<p>W ramach wroc\u0142awskiego Fundusz Osiedlowego zaplanowana jest budowa nowego parking na Gaju. Inwestycja zlokalizowana ma by\u0107 na wysoko\u015bci numer\u00f3w Krynicka 34-42. <\/p>\n\n\n\n<p><\/p>\n\n\n\n<p>Szacunkowa warto\u015b\u0107 inwestycji to 455 000z\u0142. Realizacja obejmuje parking na ok. 52 miejsca, ziele\u0144 oraz dokumentacj\u0119.<\/p>\n\n\n\n<p><\/p>\n\n\n\n<p><\/p>\n\n\n\n<figure class=\"wp-block-image size-large\"><img loading=\"lazy\" decoding=\"async\" width=\"768\" height=\"1024\" src=\"http:\/\/www.tvk-gaj.pl\/~gajonline\/wp-content\/uploads\/2022\/03\/IMG_1271-768x1024.jpg\" alt=\"\" class=\"wp-image-13533\" srcset=\"https:\/\/online.tvk-gaj.pl\/wp-content\/uploads\/2022\/03\/IMG_1271-768x1024.jpg 768w, https:\/\/online.tvk-gaj.pl\/wp-content\/uploads\/2022\/03\/IMG_1271-225x300.jpg 225w, https:\/\/online.tvk-gaj.pl\/wp-content\/uploads\/2022\/03\/IMG_1271-1152x1536.jpg 1152w, https:\/\/online.tvk-gaj.pl\/wp-content\/uploads\/2022\/03\/IMG_1271-1536x2048.jpg 1536w, https:\/\/online.tvk-gaj.pl\/wp-content\/uploads\/2022\/03\/IMG_1271-scaled.jpg 1920w\" sizes=\"auto, (max-width: 768px) 100vw, 768px\" \/><\/figure>\n\n\n\n<p><\/p>\n\n\n\n<p><\/p>\n\n\n\n<p>Na dzie\u0144 publikacji tekstu (marzec 2022) trwaj\u0105 prace projektowe i planistyczne zwi\u0105zane z budow\u0105 parkingu. Do ko\u0144ca kwietnia ZDiUM ma opracowa\u0107 plan parkingu oraz przeprojektowa\u0107 i wyd\u0142u\u017cy\u0107 w\u0119ze\u0142 ciep\u0142owniczy biegn\u0105cy pod terenem przysz\u0142ej budowy. Sama budowa ruszy\u0107 w po\u0142owie roku. Na jej realizacje miasto przewiduje kilka miesi\u0119cy. <\/p>\n\n\n\n<p><\/p>\n\n\n\n<p><\/p>\n\n\n\n<figure class=\"wp-block-image size-large\"><img loading=\"lazy\" decoding=\"async\" width=\"1024\" height=\"739\" src=\"http:\/\/www.tvk-gaj.pl\/~gajonline\/wp-content\/uploads\/2022\/03\/Zrzut-ekranu-2021-09-19-o-18.54.55-1024x739.png\" alt=\"\" class=\"wp-image-13534\" srcset=\"https:\/\/online.tvk-gaj.pl\/wp-content\/uploads\/2022\/03\/Zrzut-ekranu-2021-09-19-o-18.54.55-1024x739.png 1024w, https:\/\/online.tvk-gaj.pl\/wp-content\/uploads\/2022\/03\/Zrzut-ekranu-2021-09-19-o-18.54.55-300x216.png 300w, https:\/\/online.tvk-gaj.pl\/wp-content\/uploads\/2022\/03\/Zrzut-ekranu-2021-09-19-o-18.54.55-768x554.png 768w, https:\/\/online.tvk-gaj.pl\/wp-content\/uploads\/2022\/03\/Zrzut-ekranu-2021-09-19-o-18.54.55-1536x1108.png 1536w, https:\/\/online.tvk-gaj.pl\/wp-content\/uploads\/2022\/03\/Zrzut-ekranu-2021-09-19-o-18.54.55-287x208.png 287w, https:\/\/online.tvk-gaj.pl\/wp-content\/uploads\/2022\/03\/Zrzut-ekranu-2021-09-19-o-18.54.55.png 1659w\" sizes=\"auto, (max-width: 1024px) 100vw, 1024px\" \/><\/figure>\n\n\n\n<p><\/p>\n\n\n\n<p><\/p>\n\n\n\n<p><\/p>\n\n\n\n<p>O post\u0119pach w realizacji zadania b\u0119dziemy na bie\u017c\u0105co informowa\u0107. <\/p>\n\n\n\n<p><\/p>\n\n\n\n<p><\/p>\n\n\n\n<p><\/p>\n\n\n\n<p><\/p>\n\n\n\n<p><\/p>\n\n\n\n<p><\/p>\n\n\n\n<p><\/p>\n\n\n\n<p><\/p>\n\n\n\n<p><\/p>\n\n\n\n<p><\/p>\n","protected":false},"excerpt":{"rendered":"<p>Najnowsze informacje w sprawie budowy parkingu przy ul. Krynickiej.<\/p>\n","protected":false},"author":1,"featured_media":13534,"comment_status":"open","ping_status":"open","sticky":false,"template":"","format":"standard","meta":{"footnotes":""},"categories":[14],"tags":[1228,112,209,157],"class_list":["post-13532","post","type-post","status-publish","format-standard","has-post-thumbnail","hentry","category-aktualnosci","tag-fundusz-osiedlowy","tag-gaj","tag-krynicka","tag-parking"],"_links":{"self":[{"href":"https:\/\/online.tvk-gaj.pl\/index.php?rest_route=\/wp\/v2\/posts\/13532","targetHints":{"allow":["GET"]}}],"collection":[{"href":"https:\/\/online.tvk-gaj.pl\/index.php?rest_route=\/wp\/v2\/posts"}],"about":[{"href":"https:\/\/online.tvk-gaj.pl\/index.php?rest_route=\/wp\/v2\/types\/post"}],"author":[{"embeddable":true,"href":"https:\/\/online.tvk-gaj.pl\/index.php?rest_route=\/wp\/v2\/users\/1"}],"replies":[{"embeddable":true,"href":"https:\/\/online.tvk-gaj.pl\/index.php?rest_route=%2Fwp%2Fv2%2Fcomments&post=13532"}],"version-history":[{"count":2,"href":"https:\/\/online.tvk-gaj.pl\/index.php?rest_route=\/wp\/v2\/posts\/13532\/revisions"}],"predecessor-version":[{"id":13536,"href":"https:\/\/online.tvk-gaj.pl\/index.php?rest_route=\/wp\/v2\/posts\/13532\/revisions\/13536"}],"wp:featuredmedia":[{"embeddable":true,"href":"https:\/\/online.tvk-gaj.pl\/index.php?rest_route=\/wp\/v2\/media\/13534"}],"wp:attachment":[{"href":"https:\/\/online.tvk-gaj.pl\/index.php?rest_route=%2Fwp%2Fv2%2Fmedia&parent=13532"}],"wp:term":[{"taxonomy":"category","embeddable":true,"href":"https:\/\/online.tvk-gaj.pl\/index.php?rest_route=%2Fwp%2Fv2%2Fcategories&post=13532"},{"taxonomy":"post_tag","embeddable":true,"href":"https:\/\/online.tvk-gaj.pl\/index.php?rest_route=%2Fwp%2Fv2%2Ftags&post=13532"}],"curies":[{"name":"wp","href":"https:\/\/api.w.org\/{rel}","templated":true}]}}