{"id":13542,"date":"2022-03-30T20:49:00","date_gmt":"2022-03-30T18:49:00","guid":{"rendered":"http:\/\/www.tvk-gaj.pl\/~gajonline\/?p=13542"},"modified":"2022-03-31T20:57:04","modified_gmt":"2022-03-31T18:57:04","slug":"smiertelny-wypadek-na-torowisku-przy-ul-swieradowskiej","status":"publish","type":"post","link":"https:\/\/online.tvk-gaj.pl\/?p=13542","title":{"rendered":"\u015amiertelny wypadek na torowisku przy ul. \u015awieradowskiej"},"content":{"rendered":"\n<p>W \u015brod\u0119, 30 marca, dosz\u0142o do tragicznego wypadku na torowisku tramwajowym przy ul. \u015awieradowskiej. Na miejscu zgin\u0105\u0142 19 letni rowerzysta. <\/p>\n\n\n\n<!--more-->\n\n\n\n<p><\/p>\n\n\n\n<p><\/p>\n\n\n\n<div class=\"wp-block-image\"><figure class=\"aligncenter size-full is-resized\"><img loading=\"lazy\" decoding=\"async\" src=\"http:\/\/www.tvk-gaj.pl\/~gajonline\/wp-content\/uploads\/2022\/03\/mpk-wypadek-swieradowska.jpg\" alt=\"\" class=\"wp-image-13543\" width=\"840\" height=\"480\" srcset=\"https:\/\/online.tvk-gaj.pl\/wp-content\/uploads\/2022\/03\/mpk-wypadek-swieradowska.jpg 840w, https:\/\/online.tvk-gaj.pl\/wp-content\/uploads\/2022\/03\/mpk-wypadek-swieradowska-300x171.jpg 300w, https:\/\/online.tvk-gaj.pl\/wp-content\/uploads\/2022\/03\/mpk-wypadek-swieradowska-768x439.jpg 768w\" sizes=\"auto, (max-width: 840px) 100vw, 840px\" \/><figcaption><em>fot. Facebook Krzysztof Balawejder prezes MPK Wroc\u0142aw<br><\/em><\/figcaption><\/figure><\/div>\n\n\n\n<p><\/p>\n\n\n\n<p><\/p>\n\n\n\n<p><\/p>\n\n\n\n<p>W \u015brod\u0119, 30 marca, w godzinach popo\u0142udniowych dosz\u0142o do tragicznego w skutkach wypadku przy ul. \u015awieradowskiej. <\/p>\n\n\n\n<p>Rowerzysta przeje\u017cd\u017caj\u0105cy przez torowisko tramwajowe w okolicy Centrum Handlowego Ferio Gaj najprawdopodobniej nie zauwa\u017cy\u0142 nadje\u017cd\u017caj\u0105cego tramwaju linii 31. W skutek zderzenia m\u0119\u017cczyzna zosta\u0142 wci\u0105gni\u0119ty pod ko\u0142a pojazdu. <\/p>\n\n\n\n<p><\/p>\n\n\n\n<p>Na miejscu szybo zjawi\u0142y si\u0119 s\u0142u\u017cby ratunkowe, kt\u00f3re wyci\u0105gn\u0119\u0142y m\u0119\u017cczyzn\u0119 spod tramwaju. Niestety, pomimo przeprowadzonej reanimacji nie uda\u0142o si\u0119 uratowa\u0107 \u017cycia 19 letniego rowerzysty &#8211; obywatela Ukrainy. <\/p>\n\n\n\n<p><\/p>\n\n\n\n<p><\/p>\n\n\n\n<blockquote class=\"wp-block-quote is-layout-flow wp-block-quote-is-layout-flow\"><p>O\u015bwiadczenie Prezesa MPK Wroc\u0142aw, Krzysztofa Balawejdera:<\/p><cite><br>Dzi\u015b o godzinie 18:06 na ul. \u015awieradowskiej we Wroc\u0142awiu dosz\u0142o do \u015bmiertelnego potr\u0105cenia rowerzysty. Z naszych ustale\u0144 wynika, \u017ce wjecha\u0142 on pod tramwaj w niedozwolonym miejscu. Najbli\u017cszym tragicznie zmar\u0142ego m\u0142odego m\u0119\u017cczyzny, obywatela Ukrainy, sk\u0142adam wyrazy wsp\u00f3\u0142czucia.<br>Naszego pracownika, motorniczego z kilkuletnim do\u015bwiadczeniem, obj\u0119li\u015bmy opiek\u0105 psychologa. Wsp\u00f3\u0142pracujemy ze s\u0142u\u017cbami celem wyja\u015bnienia okoliczno\u015bci tego zdarzenia.<br><\/cite><\/blockquote>\n\n\n\n<p><\/p>\n\n\n\n<p><\/p>\n\n\n\n<p><\/p>\n\n\n\n<p><\/p>\n\n\n\n<p><em>Kilka lat temu na ul. \u015awieradowskiej, w podobnych okoliczno\u015bciach, r\u00f3wnie\u017c dosz\u0142o do \u015bmiertelnego wypadku z udzia\u0142em tramwaju. Po tamtym zdarzeniu, m.in. na skutek wsp\u00f3\u0142pracy MPK Wroc\u0142aw, ZDiUM oraz Rady Osiedla Gaj opracowano i wdro\u017cono dodatkowe zabezpieczenia maj\u0105ce na celu zwi\u0119kszenie poziomu bezpiecze\u0144stwa na torowisku przy ul. \u015awieradowskiej. Przej\u015bcia dla pieszych s\u0105 wyra\u017anie oznakowane oraz wyposa\u017cone w architektoniczne rozwi\u0105zania zwi\u0119kszaj\u0105ce bezpiecze\u0144stwo pieszych i wymuszaj\u0105ce zwolnienie ich ruchu. Bezpiecze\u0144stwo niechronionych uczestnik\u00f3w ruchu drogowego jest jednym z priorytet\u00f3w miasta oraz Rady Osiedla. <\/em><\/p>\n\n\n\n<p><\/p>\n\n\n\n<p><\/p>\n\n\n\n<p><\/p>\n\n\n\n<p><\/p>\n\n\n\n<p><\/p>\n\n\n\n<p><\/p>\n","protected":false},"excerpt":{"rendered":"<p>W \u015brod\u0119, 30 marca, dosz\u0142o do tragicznego wypadku na torowisku tramwajowym przy ul. \u015awieradowskiej. Na miejscu zgin\u0105\u0142 19 letni rowerzysta.<\/p>\n","protected":false},"author":1,"featured_media":13543,"comment_status":"open","ping_status":"open","sticky":false,"template":"","format":"standard","meta":{"footnotes":""},"categories":[14,12],"tags":[112,1620,413,1617,1619,117,231,116,1618],"class_list":["post-13542","post","type-post","status-publish","format-standard","has-post-thumbnail","hentry","category-aktualnosci","category-artykuly","tag-gaj","tag-gaj-wypadek-tramwaj","tag-mpk-wroclaw","tag-rowerzysta","tag-smiertelny-wypadek-na-swieradowskiej","tag-swieradowska","tag-tramwaj","tag-wypadek","tag-wypadek-na-przejsciu"],"_links":{"self":[{"href":"https:\/\/online.tvk-gaj.pl\/index.php?rest_route=\/wp\/v2\/posts\/13542","targetHints":{"allow":["GET"]}}],"collection":[{"href":"https:\/\/online.tvk-gaj.pl\/index.php?rest_route=\/wp\/v2\/posts"}],"about":[{"href":"https:\/\/online.tvk-gaj.pl\/index.php?rest_route=\/wp\/v2\/types\/post"}],"author":[{"embeddable":true,"href":"https:\/\/online.tvk-gaj.pl\/index.php?rest_route=\/wp\/v2\/users\/1"}],"replies":[{"embeddable":true,"href":"https:\/\/online.tvk-gaj.pl\/index.php?rest_route=%2Fwp%2Fv2%2Fcomments&post=13542"}],"version-history":[{"count":4,"href":"https:\/\/online.tvk-gaj.pl\/index.php?rest_route=\/wp\/v2\/posts\/13542\/revisions"}],"predecessor-version":[{"id":13548,"href":"https:\/\/online.tvk-gaj.pl\/index.php?rest_route=\/wp\/v2\/posts\/13542\/revisions\/13548"}],"wp:featuredmedia":[{"embeddable":true,"href":"https:\/\/online.tvk-gaj.pl\/index.php?rest_route=\/wp\/v2\/media\/13543"}],"wp:attachment":[{"href":"https:\/\/online.tvk-gaj.pl\/index.php?rest_route=%2Fwp%2Fv2%2Fmedia&parent=13542"}],"wp:term":[{"taxonomy":"category","embeddable":true,"href":"https:\/\/online.tvk-gaj.pl\/index.php?rest_route=%2Fwp%2Fv2%2Fcategories&post=13542"},{"taxonomy":"post_tag","embeddable":true,"href":"https:\/\/online.tvk-gaj.pl\/index.php?rest_route=%2Fwp%2Fv2%2Ftags&post=13542"}],"curies":[{"name":"wp","href":"https:\/\/api.w.org\/{rel}","templated":true}]}}